{"id":12056,"date":"2020-01-25T19:10:31","date_gmt":"2020-01-25T22:10:31","guid":{"rendered":"https:\/\/www.atecordoba.org\/?p=12056"},"modified":"2020-05-05T09:12:32","modified_gmt":"2020-05-05T12:12:32","slug":"con-norita-pedimos-justicia","status":"publish","type":"post","link":"https:\/\/atecordoba.org\/?p=12056","title":{"rendered":"Con Norita, pedimos justicia"},"content":{"rendered":"\n<p><em>Integrantes del Consejo\u00a0Directivo Provincial de C\u00f3rdoba de la Asociaci\u00f3n\u00a0de Trabajadores del Estado (ATE), acompa\u00f1adas por representantes de ATE de distintas regionales de la provincia,\u00a0junto a la Secretaria General Adjunta de CTAA Nacional, Claudia Baigorria,\u00a0escoltaron a\u00a0la Madre de Plaza de Mayo -L\u00ednea Fundadora-\u00a0Nora Corti\u00f1as a la sede del Penal de Bouwer para reunirse y apoyar el pedido de Justicia\u00a0por\u00a0Flavia Sagan\u00edas.<\/em><\/p>\n\n\n\n<figure class=\"wp-block-image size-large\"><img decoding=\"async\" src=\"http:\/\/atecordoba.org\/wp-content\/uploads\/2020\/05\/IMG-20200124-WA0109-1024x576.jpg\" alt=\"\" class=\"wp-image-12057\"\/><\/figure>\n\n\n\n<p><br>Flavia Sagan\u00edas,\u00a0&#8220;una mam\u00e1 amorosa y luchadora, una leona&#8221;, como la definieron sus compa\u00f1eras de &#8220;A.S.I. (Abuso Sexual Infantil) NO&#8221;\u00a0de Capilla del Monte, se halla desde noviembre pasado tras las rejas condenada por el supuesto delito de instigar a la violencia, mediante un posteo en su muro de facebook en el cual advert\u00eda acerca de los abusos que su ex pareja hab\u00eda realizado sobre su hija\u00a0de 7 a\u00f1os. En su elocuci\u00f3n p\u00fablica en redes, Flavia denunciaba la inacci\u00f3n por parte de las distintas instancias judiciales a las que se dirigi\u00f3 buscando justicia ante el caso, ya que el abusador se encontraba libre a pesar de las denuncias. Su prop\u00f3sito era\u00a0que se tuviese cuidado con los menores que pudiesen acercarse al abusador, a partir del desamparo judicial. A pesar de la situaci\u00f3n, Flavia cercenaba cualquier expresi\u00f3n de violencia de quienes participaban del &#8220;estado&#8221; en su muro. Sin embargo, enterados a\u00a0partir del posteo de la situaci\u00f3n, un hermano y la madre de la acusada -sin que Flavia supiese- fueron al domicilio de la ex pareja y, por las lesiones propiciadas y tras la respectiva instancia judicial, un Jurado Popular de 12 personas determin\u00f3 la culpabilidad\u00a0y conden\u00f3 a ambos autores materiales a 23 a\u00f1os de prisi\u00f3n mediante una sentencia dictada por un tribunal que integra la C\u00e1mara del Crimen de Cruz del Eje. <\/p>\n\n\n\n<figure class=\"wp-block-image size-large\"><img decoding=\"async\" src=\"http:\/\/atecordoba.org\/wp-content\/uploads\/2020\/05\/IMG-20200124-WA0038-1024x768.jpg\" alt=\"\" class=\"wp-image-12058\"\/><\/figure>\n\n\n\n<p>Lo inaudito, es que la misma condena -caratulada bajo el delito de &#8220;instigaci\u00f3n&#8221;- recay\u00f3 sobre Flavia,\u00a0quien lo \u00fanico que realiz\u00f3 fue advertir sobre los cuidados que deb\u00edan tenerse ante este sujeto. &#8220;Lo que hicieron con Flavia no fue una condena, fue un linchamiento popular. A Flavia la trataron de &#8220;loca&#8221;, de &#8220;abortera&#8221;, de &#8220;mala madre&#8221;, de mentirosa, de todo\u00a0lo que la justicia patriarcal nos viene dando muestras en causas sumamente injustas&#8221;, expres\u00f3 la Adjunta Nacional de CTAA Claudia Baigorria, en una conferencia de prensa llevada a cabo ayer en la sede del C\u00edrculo Sindical de la Prensa de C\u00f3rdoba Capital.<br><strong>El apoyo de &#8220;Norita&#8221;<\/strong><\/p>\n\n\n\n<p>En este marco\u00a0Nora Corti\u00f1as, &#8220;Norita&#8221; como se la conoce en el \u00e1mbito de las organizaciones sociales, con sus 89 a\u00f1os no dud\u00f3 en acompa\u00f1ar la lucha del colectivo &#8220;Justicia para Flavia Sagan\u00edas&#8221;\u00a0que, desde Capilla del Monte, lugar donde est\u00e1 radicada Flavia\u00a0y se produjo el hecho, ha ido creciendo y buscando adhesiones ante una causa &#8220;donde quien buscaba justicia ante una situaci\u00f3n aberrante,\u00a0termina tras las rejas&#8221;,\u00a0expresaron desde el colectivo.\u00a0<\/p>\n\n\n\n<p>&#8220;Estoy profundamente preocupada -expres\u00f3 Norita tras visitar en horas de la ma\u00f1ana el penal\u00a0de Bouwer junto a otras 10 militantes de organizaciones feministas y abogadas\/os de la condenada por la Justicia de C\u00f3rdoba- ya que el caso de Flavia es un caso de violaci\u00f3n flagrante de los derechos humanos de ella y de su hija e hijos al negarle a ambas partes\u00a0el derecho de estar en familia. Vamos a recurrir tantas veces sea necesario a todas las instancias que hagan falta, tanto nacionales -hasta la Corte Suprema de Justicia- como internacionales -la Comisi\u00f3n Interamericana de Derechos Humanos- para que esta condena\u00a0patriarcal, abusiva -ya que no se condice con ninguna prueba de que Flavia haya realmente instigado a integrantes de su familia a la reacci\u00f3n desesperada de estos-, contra una madre que no fue acompa\u00f1ada por el Estado en su proceso de b\u00fasqueda de justicia,\u00a0sino m\u00e1s bien todo lo contrario, pueda volverse atr\u00e1s&#8221;, expres\u00f3 Corti\u00f1as. <\/p>\n\n\n\n<figure class=\"wp-block-image size-large\"><img decoding=\"async\" src=\"http:\/\/atecordoba.org\/wp-content\/uploads\/2020\/05\/IMG-20200124-WA0107-1024x576.jpg\" alt=\"\" class=\"wp-image-12059\"\/><\/figure>\n\n\n\n<p>Adem\u00e1s, la militante de derechos humanos remarc\u00f3 que la otra parte sustantiva del caso es que quien realiz\u00f3 las acciones contra la ni\u00f1a se encuentra libre &#8220;mostrando a todas luces lo\u00a0aberrante del caso&#8221;. &#8220;Flavia debe tener una prisi\u00f3n domiciliaria cuanto antes para seguir el proceso con sus ni\u00f1os, como la ley admite y poder demostrar su inocencia&#8221;, reafirm\u00f3.&#8221;No nos acostumbremos a estas injusticias. Seamos todos y cada uno y cada una quienes propongamos cosas para hacer. En nuestras organizaciones, en todos lados&#8221;, invit\u00f3 Norita. <\/p>\n\n\n\n<p>Por su parte, Baigorria\u00a0remarc\u00f3 que &#8220;nos vamos confiadas de que nuestra CTA Aut\u00f3noma, que viene interviniendo en casos de violencia machista, va a acompa\u00f1ar estas causas hasta las ultimas consecuencias, desde su nivel nacional, pero tambi\u00e9n desde el Consejo Directivo Provincial,\u00a0en R\u00edo Cuarto, en todas las regionales que nos hemos ido sumando a este pedido&#8221;.<br><strong>Acompa\u00f1amiento permanente<\/strong><br>&#8220;Es muy dif\u00edcil acompa\u00f1ar las causas de abuso sexual en la infancia porque nos vemos enfrentadas a todo tipos de adversidades: desde el pago de abogados, el llevar a los ni\u00f1os a los tratamientos\u00a0a\u00a0cientos de kil\u00f3metros ya que en nuestra localidad no se realizan;\u00a0hasta estas situaciones donde el acompa\u00f1amiento comunitario\u00a0lo realizamos\u00a0a una familia que se ha quedado sin su mam\u00e1\u00a0injustamente&#8221;, explicaron en la conferencia\u00a0las compa\u00f1eras de Flavia de Capilla de Monte. Remarcaron que\u00a0&#8220;si bien hay acompa\u00f1amiento comunitario, leas y los ni\u00f1os necesitan a su mam\u00e1 con ellos&#8221;.Gabriela Alcoba, Secretaria de G\u00e9nero de la CTA-A R\u00edo Cuarto, remarc\u00f3 que &#8220;la presencia y el acompa\u00f1amiento invaluable de Norita sirven para visibilizar este caso que desde la Central venimos acompa\u00f1ando junto a m\u00faltiples organizaciones&#8221;.\u00a0<\/p>\n\n\n\n<p>Alcoba agreg\u00f3 que &#8220;estamos sumamente preocupadas por la situaci\u00f3n de Flavia, por los derechos de sus ni\u00f1xs que hoy est\u00e1n bajo la custodia de su hijo mayor, pero que necesitan a su madre consigo, pero adem\u00e1s por el grav\u00edsimo precedente que sienta la Justicia\u00a0con esta sentencia, donde una mam\u00e1 que denuncia la violaci\u00f3n de su hija por parte de un familiar queda expuesta sin pruebas, condenada a 23 a\u00f1os de prisi\u00f3n. Es un caso emblem\u00e1tico que puede servir para la Justicia machista en todo el pa\u00eds&#8221;.<\/p>\n\n\n\n<figure class=\"wp-block-image size-large\"><img decoding=\"async\" src=\"http:\/\/atecordoba.org\/wp-content\/uploads\/2020\/05\/IMG-20200124-WA0121-1024x682.jpg\" alt=\"\" class=\"wp-image-12060\"\/><\/figure>\n\n\n\n<p><\/p>\n","protected":false},"excerpt":{"rendered":"<p>Integrantes del Consejo\u00a0Directivo Provincial de C\u00f3rdoba de la Asociaci\u00f3n\u00a0de Trabajadores del Estado (ATE), acompa\u00f1adas por representantes de ATE de distintas regionales de la provincia,\u00a0junto a la Secretaria General Adjunta de CTAA Nacional, Claudia Baigorria,\u00a0escoltaron a\u00a0la Madre de Plaza de Mayo -L\u00ednea Fundadora-\u00a0Nora Corti\u00f1as a la sede del Penal de Bouwer para reunirse y apoyar el [&hellip;]<\/p>\n","protected":false},"author":1,"featured_media":19220,"comment_status":"open","ping_status":"open","sticky":true,"template":"","format":"standard","meta":{"_exactmetrics_skip_tracking":false,"_exactmetrics_sitenote_active":false,"_exactmetrics_sitenote_note":"","_exactmetrics_sitenote_category":0,"jnews-multi-image_gallery":[],"jnews_single_post":[],"jnews_primary_category":[],"jnews_social_meta":[],"jnews_review":[],"enable_review":"","type":"","name":"","summary":"","brand":"","sku":"","good":[],"bad":[],"score_override":"","override_value":"","rating":[],"price":[],"jnews_override_counter":[],"jnews_post_split":[],"footnotes":""},"categories":[1],"tags":[],"class_list":["post-12056","post","type-post","status-publish","format-standard","has-post-thumbnail","hentry","category-sin-categoria"],"jetpack_featured_media_url":"https:\/\/atecordoba.org\/wp-content\/uploads\/2020\/05\/logo-nuevochico-e1561581322808.png","_links":{"self":[{"href":"https:\/\/atecordoba.org\/index.php?rest_route=\/wp\/v2\/posts\/12056","targetHints":{"allow":["GET"]}}],"collection":[{"href":"https:\/\/atecordoba.org\/index.php?rest_route=\/wp\/v2\/posts"}],"about":[{"href":"https:\/\/atecordoba.org\/index.php?rest_route=\/wp\/v2\/types\/post"}],"author":[{"embeddable":true,"href":"https:\/\/atecordoba.org\/index.php?rest_route=\/wp\/v2\/users\/1"}],"replies":[{"embeddable":true,"href":"https:\/\/atecordoba.org\/index.php?rest_route=%2Fwp%2Fv2%2Fcomments&post=12056"}],"version-history":[{"count":1,"href":"https:\/\/atecordoba.org\/index.php?rest_route=\/wp\/v2\/posts\/12056\/revisions"}],"predecessor-version":[{"id":18849,"href":"https:\/\/atecordoba.org\/index.php?rest_route=\/wp\/v2\/posts\/12056\/revisions\/18849"}],"wp:featuredmedia":[{"embeddable":true,"href":"https:\/\/atecordoba.org\/index.php?rest_route=\/wp\/v2\/media\/19220"}],"wp:attachment":[{"href":"https:\/\/atecordoba.org\/index.php?rest_route=%2Fwp%2Fv2%2Fmedia&parent=12056"}],"wp:term":[{"taxonomy":"category","embeddable":true,"href":"https:\/\/atecordoba.org\/index.php?rest_route=%2Fwp%2Fv2%2Fcategories&post=12056"},{"taxonomy":"post_tag","embeddable":true,"href":"https:\/\/atecordoba.org\/index.php?rest_route=%2Fwp%2Fv2%2Ftags&post=12056"}],"curies":[{"name":"wp","href":"https:\/\/api.w.org\/{rel}","templated":true}]}}