{"id":12052,"date":"2020-01-25T15:24:08","date_gmt":"2020-01-25T18:24:08","guid":{"rendered":"https:\/\/www.atecordoba.org\/?p=12052"},"modified":"2020-05-05T09:12:39","modified_gmt":"2020-05-05T12:12:39","slug":"ate-rio-tercero-recibio-al-diputado-eduardo-fernandez","status":"publish","type":"post","link":"https:\/\/atecordoba.org\/?p=12052","title":{"rendered":"ATE R\u00edo Tercero recibi\u00f3 al Diputado Eduardo Fern\u00e1ndez"},"content":{"rendered":"\n<p>El pasado 24 de enero el Secretario General de ATE Seccional R\u00edo Tercero, Dami\u00e1n Albornoz, recibi\u00f3 la visita del Diputado Nacional electo por C\u00f3rdoba, Eduardo Fernandez del Frente de Todos. <\/p>\n\n\n\n<figure class=\"wp-block-image size-large\"><img decoding=\"async\" src=\"http:\/\/atecordoba.org\/wp-content\/uploads\/2020\/05\/FB_IMG_1579972159259.jpg\" alt=\"\" class=\"wp-image-12053\"\/><\/figure>\n\n\n\n<p>El eje del encuentro fue intercambiar visiones sobre la situaci\u00f3n productiva de la F\u00e1brica Militar R\u00edo Tercero. Es as\u00ed que desde ATE destacamos y resaltamos la voluntad pol\u00edtica de reactivaci\u00f3n del Ministro de Defensa Agust\u00edn Rossi por intermedio del proyecto de ley del FONDEF. <br>Por las caracter\u00edsticas de la F\u00e1brica Militar de R\u00edo Tercero el Ministerio de Producci\u00f3n es una pieza clave en este proceso de refuncionalizaci\u00f3n y es en este marco que Eduardo Fern\u00e1ndez se puso a disposici\u00f3n de llevar adelante gestiones para que FMRT se ponga de pie tras los cuatro a\u00f1os de desmantelamiento del gobierno de Mauricio Macri.<\/p>\n\n\n\n<figure class=\"wp-block-image size-large\"><img decoding=\"async\" src=\"http:\/\/atecordoba.org\/wp-content\/uploads\/2020\/05\/FB_IMG_1579972154852.jpg\" alt=\"\" class=\"wp-image-12054\"\/><\/figure>\n\n\n\n<p>Albornoz expres\u00f3 en el encuentro: &#8220;coincidimos con el Diputado en que las y los trabajadores tenemos propuestas para poner en marcha la F\u00e1brica y por eso esta reuni\u00f3n es importante para lograr la reincorporaci\u00f3n de las y los despedidos. Es interesante que los diputados no esperen llamados sino que tambi\u00e9n se pongan a disposici\u00f3n como lo hizo Fern\u00e1ndez&#8221;. <br>Otro de los planteos  fue referido a la realidad de la Central N\u00faclear de Embalse, la necesidad de reactivar el Turismo Social para los Hoteles de Embalse y Parques Nacionales, y cuestiones locales con respecto a los sectores Provinciales y Municipales. <\/p>\n\n\n\n<p>Seguimos institucionalizando ATE con propuestas y planificaci\u00f3n. <br> <\/p>\n","protected":false},"excerpt":{"rendered":"<p>El pasado 24 de enero el Secretario General de ATE Seccional R\u00edo Tercero, Dami\u00e1n Albornoz, recibi\u00f3 la visita del Diputado Nacional electo por C\u00f3rdoba, Eduardo Fernandez del Frente de Todos. El eje del encuentro fue intercambiar visiones sobre la situaci\u00f3n productiva de la F\u00e1brica Militar R\u00edo Tercero. Es as\u00ed que desde ATE destacamos y resaltamos [&hellip;]<\/p>\n","protected":false},"author":1,"featured_media":19220,"comment_status":"open","ping_status":"open","sticky":true,"template":"","format":"standard","meta":{"_exactmetrics_skip_tracking":false,"_exactmetrics_sitenote_active":false,"_exactmetrics_sitenote_note":"","_exactmetrics_sitenote_category":0,"jnews-multi-image_gallery":[],"jnews_single_post":[],"jnews_primary_category":[],"jnews_social_meta":[],"jnews_review":[],"enable_review":"","type":"","name":"","summary":"","brand":"","sku":"","good":[],"bad":[],"score_override":"","override_value":"","rating":[],"price":[],"jnews_override_counter":[],"jnews_post_split":[],"footnotes":""},"categories":[1],"tags":[],"class_list":["post-12052","post","type-post","status-publish","format-standard","has-post-thumbnail","hentry","category-sin-categoria"],"jetpack_featured_media_url":"https:\/\/atecordoba.org\/wp-content\/uploads\/2020\/05\/logo-nuevochico-e1561581322808.png","_links":{"self":[{"href":"https:\/\/atecordoba.org\/index.php?rest_route=\/wp\/v2\/posts\/12052","targetHints":{"allow":["GET"]}}],"collection":[{"href":"https:\/\/atecordoba.org\/index.php?rest_route=\/wp\/v2\/posts"}],"about":[{"href":"https:\/\/atecordoba.org\/index.php?rest_route=\/wp\/v2\/types\/post"}],"author":[{"embeddable":true,"href":"https:\/\/atecordoba.org\/index.php?rest_route=\/wp\/v2\/users\/1"}],"replies":[{"embeddable":true,"href":"https:\/\/atecordoba.org\/index.php?rest_route=%2Fwp%2Fv2%2Fcomments&post=12052"}],"version-history":[{"count":1,"href":"https:\/\/atecordoba.org\/index.php?rest_route=\/wp\/v2\/posts\/12052\/revisions"}],"predecessor-version":[{"id":18852,"href":"https:\/\/atecordoba.org\/index.php?rest_route=\/wp\/v2\/posts\/12052\/revisions\/18852"}],"wp:featuredmedia":[{"embeddable":true,"href":"https:\/\/atecordoba.org\/index.php?rest_route=\/wp\/v2\/media\/19220"}],"wp:attachment":[{"href":"https:\/\/atecordoba.org\/index.php?rest_route=%2Fwp%2Fv2%2Fmedia&parent=12052"}],"wp:term":[{"taxonomy":"category","embeddable":true,"href":"https:\/\/atecordoba.org\/index.php?rest_route=%2Fwp%2Fv2%2Fcategories&post=12052"},{"taxonomy":"post_tag","embeddable":true,"href":"https:\/\/atecordoba.org\/index.php?rest_route=%2Fwp%2Fv2%2Ftags&post=12052"}],"curies":[{"name":"wp","href":"https:\/\/api.w.org\/{rel}","templated":true}]}}