{"id":12038,"date":"2020-01-24T09:49:15","date_gmt":"2020-01-24T12:49:15","guid":{"rendered":"https:\/\/www.atecordoba.org\/?p=12038"},"modified":"2020-05-05T09:12:45","modified_gmt":"2020-05-05T12:12:45","slug":"denuncian-a-ex-funcionario-de-la-saf-en-cordoba","status":"publish","type":"post","link":"https:\/\/atecordoba.org\/?p=12038","title":{"rendered":"Denuncian a ex funcionario de la SAF en C\u00f3rdoba"},"content":{"rendered":"\n<p>El Consejo Directivo Provincial de la Asociaci\u00f3n Trabajadores del  Estado (ATE-CTA) C\u00f3rdoba, que conduce Federico Giuliani, denunci\u00f3 que  Juan Pablo Vecchi, ex coordinador provincial de la Subsecretar\u00eda de  Agricultura Familiar (SAF), ya no cumple funciones en el organismo.<\/p>\n\n\n\n<figure class=\"wp-block-image size-large\"><img decoding=\"async\" src=\"http:\/\/atecordoba.org\/wp-content\/uploads\/2020\/05\/82849789_623307278437426_7989900297512157184_n-1.jpg\" alt=\"\" class=\"wp-image-12039\"\/><\/figure>\n\n\n\n<p>\u201cSin embargo se niega a devolver el veh\u00edculo oficial que es patrimonio del Estado\u201d, indica un comunicado gremial.<\/p>\n\n\n\n<p>\u201cRepudiamos y exigimos que devuelva lo que no le pertenece\u201d, reclamaron.<\/p>\n\n\n\n<p>Por otra parte Giuliani, titular de ATE provincia y trabajador del \nServicio Nacional de Sanidad y Calidad Agroalimentaria, salud\u00f3 la \ndecisi\u00f3n de&nbsp;las autoridades del SENASA de desestimar los sumarios y \ncausas penales que exist\u00edan hacia los dirigentes del sector a nivel \nnacional.<\/p>\n\n\n\n<p>\u201cCon la persecuci\u00f3n y procesamiento de \nreferentes sindicales, pretend\u00edan la disoluci\u00f3n de la organizaci\u00f3n \nsindical y la par\u00e1lisis de acciones imponiendo el terrorismo patronal. \nObtuvimos una victoria m\u00e1s que ratifica que la solidaridad de clase y la\n organizaci\u00f3n. Con conducciones claras, actos de coraje, entrega y \nconvencimiento en el proyecto colectivo que siempre valen la pena\u201d, \nse\u00f1alaron a trav\u00e9s de un comunicado desde ATE-SENASA Capital.<\/p>\n\n\n\n<p>Adem\u00e1s en el escrito se\u00f1alaron que: \n\u201cGracias a las luchas de ayer y la constancia de las y los de siempre, \ncerramos un primer cap\u00edtulo en esta contienda para que no se persiga a \nning\u00fan compa\u00f1ero y compa\u00f1era trabajador que dio pelea y se desestimen \nlos sumarios y causas penales a nuestras y nuestros dirigentes en \nATE-SENASA que cumplieron con el mandato de defender los derechos de las\n y los trabajadores y del pueblo\u201d.<\/p>\n\n\n\n<p><\/p>\n","protected":false},"excerpt":{"rendered":"<p>El Consejo Directivo Provincial de la Asociaci\u00f3n Trabajadores del Estado (ATE-CTA) C\u00f3rdoba, que conduce Federico Giuliani, denunci\u00f3 que Juan Pablo Vecchi, ex coordinador provincial de la Subsecretar\u00eda de Agricultura Familiar (SAF), ya no cumple funciones en el organismo. \u201cSin embargo se niega a devolver el veh\u00edculo oficial que es patrimonio del Estado\u201d, indica un comunicado [&hellip;]<\/p>\n","protected":false},"author":1,"featured_media":19220,"comment_status":"open","ping_status":"open","sticky":true,"template":"","format":"standard","meta":{"_exactmetrics_skip_tracking":false,"_exactmetrics_sitenote_active":false,"_exactmetrics_sitenote_note":"","_exactmetrics_sitenote_category":0,"jnews-multi-image_gallery":[],"jnews_single_post":[],"jnews_primary_category":[],"jnews_social_meta":[],"jnews_review":[],"enable_review":"","type":"","name":"","summary":"","brand":"","sku":"","good":[],"bad":[],"score_override":"","override_value":"","rating":[],"price":[],"jnews_override_counter":[],"jnews_post_split":[],"footnotes":""},"categories":[1],"tags":[154,167,161,168],"class_list":["post-12038","post","type-post","status-publish","format-standard","has-post-thumbnail","hentry","category-sin-categoria","tag-cordoba","tag-macrismo","tag-saf","tag-vecchi"],"jetpack_featured_media_url":"https:\/\/atecordoba.org\/wp-content\/uploads\/2020\/05\/logo-nuevochico-e1561581322808.png","_links":{"self":[{"href":"https:\/\/atecordoba.org\/index.php?rest_route=\/wp\/v2\/posts\/12038","targetHints":{"allow":["GET"]}}],"collection":[{"href":"https:\/\/atecordoba.org\/index.php?rest_route=\/wp\/v2\/posts"}],"about":[{"href":"https:\/\/atecordoba.org\/index.php?rest_route=\/wp\/v2\/types\/post"}],"author":[{"embeddable":true,"href":"https:\/\/atecordoba.org\/index.php?rest_route=\/wp\/v2\/users\/1"}],"replies":[{"embeddable":true,"href":"https:\/\/atecordoba.org\/index.php?rest_route=%2Fwp%2Fv2%2Fcomments&post=12038"}],"version-history":[{"count":1,"href":"https:\/\/atecordoba.org\/index.php?rest_route=\/wp\/v2\/posts\/12038\/revisions"}],"predecessor-version":[{"id":18857,"href":"https:\/\/atecordoba.org\/index.php?rest_route=\/wp\/v2\/posts\/12038\/revisions\/18857"}],"wp:featuredmedia":[{"embeddable":true,"href":"https:\/\/atecordoba.org\/index.php?rest_route=\/wp\/v2\/media\/19220"}],"wp:attachment":[{"href":"https:\/\/atecordoba.org\/index.php?rest_route=%2Fwp%2Fv2%2Fmedia&parent=12038"}],"wp:term":[{"taxonomy":"category","embeddable":true,"href":"https:\/\/atecordoba.org\/index.php?rest_route=%2Fwp%2Fv2%2Fcategories&post=12038"},{"taxonomy":"post_tag","embeddable":true,"href":"https:\/\/atecordoba.org\/index.php?rest_route=%2Fwp%2Fv2%2Ftags&post=12038"}],"curies":[{"name":"wp","href":"https:\/\/api.w.org\/{rel}","templated":true}]}}