{"id":12032,"date":"2020-01-24T09:14:49","date_gmt":"2020-01-24T12:14:49","guid":{"rendered":"https:\/\/www.atecordoba.org\/?p=12032"},"modified":"2020-05-05T09:12:45","modified_gmt":"2020-05-05T12:12:45","slug":"reclaman-la-reincorporacion-de-las-y-los-despedidos-de-fadea","status":"publish","type":"post","link":"https:\/\/atecordoba.org\/?p=12032","title":{"rendered":"Reclaman la reincorporaci\u00f3n de las y los despedidos de FADEA"},"content":{"rendered":"\n<p>Con la presencia del Secretario General de la Asociaci\u00f3n Trabajadores  del Estado (ATE-CTA) C\u00f3rdoba, Federico Giuliani, tuvo lugar este jueves  por la tarde en la sede del Consejo Directivo Provincial del gremio en  la ciudad Capital una asamblea de compa\u00f1eros y compa\u00f1eras despedidos sin  causa e injustamente de la F\u00e1brica Argentina de Aviones (FADEA)  Brigadier San Mart\u00edn.<\/p>\n\n\n\n<figure class=\"wp-block-image size-large\"><img decoding=\"async\" src=\"http:\/\/atecordoba.org\/wp-content\/uploads\/2020\/05\/82293330_595193497696593_2981812011962204160_n-2.jpg\" alt=\"\" class=\"wp-image-12033\"\/><\/figure>\n\n\n\n<p>La reuni\u00f3n se dio en el marco de las actividades dispuestas por  la\u00a0Comisi\u00f3n de Relevamiento y Reincorporaci\u00f3n de los Trabajadores y  Trabajadoras Estatales Despedidos en la Era Macri (CORREDMA) de la  provincia de C\u00f3rdoba. Participaron tambi\u00e9n de la asamblea Edith Innamorato Secretaria de Interior y Mar\u00eda Sotti Secretaria de Actas del CDP de ATE C\u00f3rdoba.<\/p>\n\n\n\n<p>Durante el concurrido encuentro, se deline\u00f3 un plan de acci\u00f3n para  proponer a la nueva Direcci\u00f3n del organismo -que encabeza Mirta Iriondo-  la reincorporaci\u00f3n de las y los cesanteados arbitrariamente y la  refuncionalizaci\u00f3n de la f\u00e1brica emblema de la industria cordobesa.<\/p>\n\n\n\n<p>Se defini\u00f3 tambi\u00e9n la afiliaci\u00f3n masiva de los trabajadores y  trabajadoras despedidos de FADEA a ATE, la elecci\u00f3n de delegados y  delegadas gremiales y la elaboraci\u00f3n de un documento para denunciar la  problem\u00e1tica.<\/p>\n\n\n\n<p>Adem\u00e1s, se dispuso\u00a0el pedido de audiencia al nuevo Directorio para  generar una instancia de di\u00e1logo con la empresa, y se convoc\u00f3 a una  Conferencia de Prensa el martes 28 de enero a las 10 horas en ATE, Entre  R\u00edos 450.<\/p>\n\n\n\n<figure class=\"wp-block-image size-large\"><img decoding=\"async\" src=\"http:\/\/atecordoba.org\/wp-content\/uploads\/2020\/05\/83019202_197495444713091_5240855300877058048_n.jpg\" alt=\"\" class=\"wp-image-12034\"\/><\/figure>\n\n\n\n<p>Todas las acciones fueron debatidas y aprobadas por el plenario de  trabajadores y trabajadoras despedidas de la F\u00e1brica Argentina de  Aviones y abandonados a su suerte por los sindicatos que operan en la  planta, por lo que fueron y recibieron contenci\u00f3n y solidaridad en ATE  que, a partir de este momento, act\u00faa en su nombre y representaci\u00f3n.<\/p>\n\n\n\n<p>Giuliani apunt\u00f3 tras la asamblea: \u201cSon aproximadamente 200 compa\u00f1eros  y compa\u00f1eras despedidas injustamente durante el gobierno de Macri,  desamparados por los gremios de base y que ATE les abri\u00f3 las puertas  solidariamente, no s\u00f3lo para contenerlos sino ser sus representantes,  porque hist\u00f3ricamente estuvo ATE en FADEA y porque es un organismo cien  por ciento estatal, lo que nos permite administrativa y jur\u00eddicamente  tener \u00e1mbito de jurisdicci\u00f3n en esa unidad productiva\u201d.<\/p>\n\n\n\n<figure class=\"wp-block-image size-large\"><img decoding=\"async\" src=\"http:\/\/atecordoba.org\/wp-content\/uploads\/2020\/05\/84393533_1313323905539971_2640499662552825856_n.jpg\" alt=\"\" class=\"wp-image-12035\"\/><\/figure>\n\n\n\n<p>\u201cHay paz y justicia social con la reincorporaci\u00f3n inmediata de todos y\n todas las despedidas, nada de revisar caso por caso. Es con todos y \ntodas adentro\u201d, escribi\u00f3 en Facebook Giuliani antes de partir hacia \nSantiago de Chile donde hoy y ma\u00f1ana participa en representaci\u00f3n de la \nCTA Aut\u00f3noma del 12\u00ba Congreso Nacional de la Central Unitaria de \nTrabajadores (CUT) de Chile.<\/p>\n","protected":false},"excerpt":{"rendered":"<p>Con la presencia del Secretario General de la Asociaci\u00f3n Trabajadores del Estado (ATE-CTA) C\u00f3rdoba, Federico Giuliani, tuvo lugar este jueves por la tarde en la sede del Consejo Directivo Provincial del gremio en la ciudad Capital una asamblea de compa\u00f1eros y compa\u00f1eras despedidos sin causa e injustamente de la F\u00e1brica Argentina de Aviones (FADEA) Brigadier [&hellip;]<\/p>\n","protected":false},"author":1,"featured_media":19220,"comment_status":"open","ping_status":"open","sticky":true,"template":"","format":"standard","meta":{"_exactmetrics_skip_tracking":false,"_exactmetrics_sitenote_active":false,"_exactmetrics_sitenote_note":"","_exactmetrics_sitenote_category":0,"jnews-multi-image_gallery":[],"jnews_single_post":[],"jnews_primary_category":[],"jnews_social_meta":[],"jnews_review":[],"enable_review":"","type":"","name":"","summary":"","brand":"","sku":"","good":[],"bad":[],"score_override":"","override_value":"","rating":[],"price":[],"jnews_override_counter":[],"jnews_post_split":[],"footnotes":""},"categories":[1],"tags":[162,154,163,164,165,166],"class_list":["post-12032","post","type-post","status-publish","format-standard","has-post-thumbnail","hentry","category-sin-categoria","tag-aviones","tag-cordoba","tag-corredma","tag-despidos","tag-fadea","tag-macri"],"jetpack_featured_media_url":"https:\/\/atecordoba.org\/wp-content\/uploads\/2020\/05\/logo-nuevochico-e1561581322808.png","_links":{"self":[{"href":"https:\/\/atecordoba.org\/index.php?rest_route=\/wp\/v2\/posts\/12032","targetHints":{"allow":["GET"]}}],"collection":[{"href":"https:\/\/atecordoba.org\/index.php?rest_route=\/wp\/v2\/posts"}],"about":[{"href":"https:\/\/atecordoba.org\/index.php?rest_route=\/wp\/v2\/types\/post"}],"author":[{"embeddable":true,"href":"https:\/\/atecordoba.org\/index.php?rest_route=\/wp\/v2\/users\/1"}],"replies":[{"embeddable":true,"href":"https:\/\/atecordoba.org\/index.php?rest_route=%2Fwp%2Fv2%2Fcomments&post=12032"}],"version-history":[{"count":1,"href":"https:\/\/atecordoba.org\/index.php?rest_route=\/wp\/v2\/posts\/12032\/revisions"}],"predecessor-version":[{"id":18861,"href":"https:\/\/atecordoba.org\/index.php?rest_route=\/wp\/v2\/posts\/12032\/revisions\/18861"}],"wp:featuredmedia":[{"embeddable":true,"href":"https:\/\/atecordoba.org\/index.php?rest_route=\/wp\/v2\/media\/19220"}],"wp:attachment":[{"href":"https:\/\/atecordoba.org\/index.php?rest_route=%2Fwp%2Fv2%2Fmedia&parent=12032"}],"wp:term":[{"taxonomy":"category","embeddable":true,"href":"https:\/\/atecordoba.org\/index.php?rest_route=%2Fwp%2Fv2%2Fcategories&post=12032"},{"taxonomy":"post_tag","embeddable":true,"href":"https:\/\/atecordoba.org\/index.php?rest_route=%2Fwp%2Fv2%2Ftags&post=12032"}],"curies":[{"name":"wp","href":"https:\/\/api.w.org\/{rel}","templated":true}]}}