{"id":12024,"date":"2020-01-23T14:17:20","date_gmt":"2020-01-23T17:17:20","guid":{"rendered":"https:\/\/www.atecordoba.org\/?p=12024"},"modified":"2020-05-05T09:12:50","modified_gmt":"2020-05-05T12:12:50","slug":"un-nuevo-sector-se-suma-a-ate-cordoba","status":"publish","type":"post","link":"https:\/\/atecordoba.org\/?p=12024","title":{"rendered":"Un nuevo sector se suma a ATE C\u00f3rdoba"},"content":{"rendered":"\n<p>Este jueves 23 de enero, miembros del Consejo Directivo Provincial de ATE se reunieron con trabajadores y trabajadoras de la Junta de Investigaci\u00f3n de Accidentes de Aviaci\u00f3n Civil (JIAAC) de C\u00f3rdoba. La misma est\u00e1 a cargo de la investigaci\u00f3n de accidentes e incidentes aeron\u00e1uticos que en el a\u00f1o 2009 fue traspasada del Ministerio de Defensa al Ministerio de Transporte como organismo descentralizado.<\/p>\n\n\n\n<figure class=\"wp-block-image size-large\"><img decoding=\"async\" src=\"http:\/\/atecordoba.org\/wp-content\/uploads\/2020\/05\/82293330_595193497696593_2981812011962204160_n-1.jpg\" alt=\"\" class=\"wp-image-12027\"\/><\/figure>\n\n\n\n<p>Es as\u00ed que su r\u00e9gimen escalafonario y presupuesto se rige bajo el Decreto N\u00ba 1067\/17 y nunca tuvo una estructuraci\u00f3n acorde a sus funciones, no existiendo organigrama alguno. Ante lo cual desde ATE instamos que quienes all\u00ed trabajen empiecen a delinear uno que represente la realidad de la JIAAC.<\/p>\n\n\n\n<p>Es por ello que las y los trabajadores acudieron a ATE para organizarse y representarse con nuestro sindicato. Pr\u00e1cticamente el 100% del personal son Art\u00edculo 9 del sector nacional y tambi\u00e9n del contrato OACI (un tipo de contrataci\u00f3n especial en aeron\u00e1utica). Esta situaci\u00f3n laboral trae aparejado que no se les reconozca la antig\u00fcedad ya que fueron monotributistas y contratos OACI, pasando de all\u00ed al Art\u00edculo 9 no teniendo Convenio Colectivo de Trabajo, sin tener organigrama ni jefe local debido a que la delegaci\u00f3n de C\u00f3rdoba no figura como existente a nivel nacional siendo sus trabajadores \u00fanicos y \u00fanicas con la experiencia laboral de m\u00e1s de 10 a\u00f1os en investigaci\u00f3n de accidentes, profesional pilotos, t\u00e9cnicos y t\u00e9cnicas y traductoras en la provincia. <\/p>\n\n\n\n<p>Se present\u00f3 tambi\u00e9n, la documentaci\u00f3n para que el pr\u00f3ximo 9 de marzo se realicen las elecciones de delegadas y delegados de la JIAAC en ATE.<\/p>\n\n\n\n<p>Por el CDP estuvieron Edith Innamorato secretaria de\nInterior, C\u00e9sar Theaux &nbsp;secretario de\nFormaci\u00f3n, Agust\u00edn Bertone, Marcela Ch\u00e1vez y Jos\u00e9 Pessuto vocales, junto a\nMario Arce coordinador nacional de ANAC y Daniel Resnik del sector.<\/p>\n\n\n\n<p>Esta asamblea informativa fue el puntapi\u00e9 para organizarse\nen el sector &nbsp;y seguir avanzando en la\ndefensa de cada estatal.<\/p>\n","protected":false},"excerpt":{"rendered":"<p>Este jueves 23 de enero, miembros del Consejo Directivo Provincial de ATE se reunieron con trabajadores y trabajadoras de la Junta de Investigaci\u00f3n de Accidentes de Aviaci\u00f3n Civil (JIAAC) de C\u00f3rdoba. La misma est\u00e1 a cargo de la investigaci\u00f3n de accidentes e incidentes aeron\u00e1uticos que en el a\u00f1o 2009 fue traspasada del Ministerio de Defensa [&hellip;]<\/p>\n","protected":false},"author":1,"featured_media":19220,"comment_status":"open","ping_status":"open","sticky":true,"template":"","format":"standard","meta":{"_exactmetrics_skip_tracking":false,"_exactmetrics_sitenote_active":false,"_exactmetrics_sitenote_note":"","_exactmetrics_sitenote_category":0,"jnews-multi-image_gallery":[],"jnews_single_post":[],"jnews_primary_category":[],"jnews_social_meta":[],"jnews_review":[],"enable_review":"","type":"","name":"","summary":"","brand":"","sku":"","good":[],"bad":[],"score_override":"","override_value":"","rating":[],"price":[],"jnews_override_counter":[],"jnews_post_split":[],"footnotes":""},"categories":[1],"tags":[],"class_list":["post-12024","post","type-post","status-publish","format-standard","has-post-thumbnail","hentry","category-sin-categoria"],"jetpack_featured_media_url":"https:\/\/atecordoba.org\/wp-content\/uploads\/2020\/05\/logo-nuevochico-e1561581322808.png","_links":{"self":[{"href":"https:\/\/atecordoba.org\/index.php?rest_route=\/wp\/v2\/posts\/12024","targetHints":{"allow":["GET"]}}],"collection":[{"href":"https:\/\/atecordoba.org\/index.php?rest_route=\/wp\/v2\/posts"}],"about":[{"href":"https:\/\/atecordoba.org\/index.php?rest_route=\/wp\/v2\/types\/post"}],"author":[{"embeddable":true,"href":"https:\/\/atecordoba.org\/index.php?rest_route=\/wp\/v2\/users\/1"}],"replies":[{"embeddable":true,"href":"https:\/\/atecordoba.org\/index.php?rest_route=%2Fwp%2Fv2%2Fcomments&post=12024"}],"version-history":[{"count":1,"href":"https:\/\/atecordoba.org\/index.php?rest_route=\/wp\/v2\/posts\/12024\/revisions"}],"predecessor-version":[{"id":18863,"href":"https:\/\/atecordoba.org\/index.php?rest_route=\/wp\/v2\/posts\/12024\/revisions\/18863"}],"wp:featuredmedia":[{"embeddable":true,"href":"https:\/\/atecordoba.org\/index.php?rest_route=\/wp\/v2\/media\/19220"}],"wp:attachment":[{"href":"https:\/\/atecordoba.org\/index.php?rest_route=%2Fwp%2Fv2%2Fmedia&parent=12024"}],"wp:term":[{"taxonomy":"category","embeddable":true,"href":"https:\/\/atecordoba.org\/index.php?rest_route=%2Fwp%2Fv2%2Fcategories&post=12024"},{"taxonomy":"post_tag","embeddable":true,"href":"https:\/\/atecordoba.org\/index.php?rest_route=%2Fwp%2Fv2%2Ftags&post=12024"}],"curies":[{"name":"wp","href":"https:\/\/api.w.org\/{rel}","templated":true}]}}