{"id":12015,"date":"2020-01-22T12:49:11","date_gmt":"2020-01-22T15:49:11","guid":{"rendered":"https:\/\/www.atecordoba.org\/?p=12015"},"modified":"2020-05-05T09:12:52","modified_gmt":"2020-05-05T12:12:52","slug":"despidos-en-la-comuna-de-villa-de-pocho","status":"publish","type":"post","link":"https:\/\/atecordoba.org\/?p=12015","title":{"rendered":"Despidos en la Comuna de Villa de Pocho"},"content":{"rendered":"\n<p>Este mi\u00e9rcoles 22 de Enero la Jefa Comunal de Villa de Pocho, Melisa Oviedo, est\u00e1 despidiendo a 6 trabajadoras\/es de la comuna, quienes son Planta Permanente y cuentan con una antig\u00fcedad laboral real de entre 3 y 8 a\u00f1os a cargo de la Comuna. Asimismo todos ellos afiliados a ATE, denotando una clara persecusi\u00f3n gremial.<\/p>\n\n\n\n<figure class=\"wp-block-image size-large\"><img decoding=\"async\" src=\"http:\/\/atecordoba.org\/wp-content\/uploads\/2020\/05\/82904373_176122576825201_3469069892710301696_o-1.jpg\" alt=\"\" class=\"wp-image-12020\"\/><\/figure>\n\n\n\n<p>Esta ma\u00f1ana cuando se presentaron a registrar su ingreso en la Comuna como todos los d\u00edas, no les dejaron firmar las planillas de asistencia. A continuaci\u00f3n, los hicieron pasar de a uno a la sala de reuniones comunal donde se encontraban la Jefa Comunal Melisa Oviedo (UCR-PRO), el abogado de la Comuna Luis Quiroga, el Tesorero Mat\u00edas L\u00f3pez, y la Jueza de Paz Nancy L\u00f3pez.<\/p>\n\n\n\n<p>All\u00ed les leyeron una Resoluci\u00f3n diciendo que a partir del d\u00eda de la fecha se les daba de baja, aduciendo una &#8220;reestructuraci\u00f3n administrativa que conlleva indefectiblemente la supresi\u00f3n de cargos y funciones&#8230;&#8221;, y les exig\u00edan notificarse y firmar dicha resoluci\u00f3n, pero las\/os compa\u00f1eras\/os se negaron a firmarlo a pesar de la situaci\u00f3n de amedrentamiento individual en el que se encontraban. Y a continuaci\u00f3n les exig\u00edan salir del edificio comunal.<\/p>\n\n\n\n<p>Adem\u00e1s, les entregaron una planilla de &#8220;liquidaci\u00f3n en concepto de indemnizaci\u00f3n&#8221; que no reconoce la antig\u00fcedad real de las\/os despedidos, sino solamente los \u00faltimos meses 7 en general.<\/p>\n\n\n\n<p>Se destaca que a\u00fan les adeudan el salario de Diciembre y el medio aguinaldo a todos los trabajadores de la comuna.<\/p>\n\n\n\n<p>Por todo ello, desde ATE rechazamos los despidos por arbitrarios e injustificados, denunciando una vez que los trabajadores estatales no podemos ser la variable de ajuste de crisis econ\u00f3micas que nosotros no generamos, golpeando tambi\u00e9n a nuestras familias. Asimismo, desde ATE realizaremos el acompa\u00f1amiento y las presentaciones legales correspondientes para retrotraer esta situaci\u00f3n, quedando las\/os compa\u00f1eros despedidos en asamblea permanente en vistas a decidir otras medidas de fuerza.<\/p>\n\n\n\n<p>ATE-Seccional Cruz del Eje<\/p>\n\n\n\n<p>Contactos:<br>Leandro Rueda &#8211; 03549-15-631626<br>Natalia Tello &#8211; 03542-15-619479\n\n<\/p>\n\n\n\n<p><\/p>\n","protected":false},"excerpt":{"rendered":"<p>Este mi\u00e9rcoles 22 de Enero la Jefa Comunal de Villa de Pocho, Melisa Oviedo, est\u00e1 despidiendo a 6 trabajadoras\/es de la comuna, quienes son Planta Permanente y cuentan con una antig\u00fcedad laboral real de entre 3 y 8 a\u00f1os a cargo de la Comuna. Asimismo todos ellos afiliados a ATE, denotando una clara persecusi\u00f3n gremial. [&hellip;]<\/p>\n","protected":false},"author":1,"featured_media":19220,"comment_status":"open","ping_status":"open","sticky":true,"template":"","format":"standard","meta":{"_exactmetrics_skip_tracking":false,"_exactmetrics_sitenote_active":false,"_exactmetrics_sitenote_note":"","_exactmetrics_sitenote_category":0,"jnews-multi-image_gallery":[],"jnews_single_post":[],"jnews_primary_category":[],"jnews_social_meta":[],"jnews_review":[],"enable_review":"","type":"","name":"","summary":"","brand":"","sku":"","good":[],"bad":[],"score_override":"","override_value":"","rating":[],"price":[],"jnews_override_counter":[],"jnews_post_split":[],"footnotes":""},"categories":[1],"tags":[],"class_list":["post-12015","post","type-post","status-publish","format-standard","has-post-thumbnail","hentry","category-sin-categoria"],"jetpack_featured_media_url":"https:\/\/atecordoba.org\/wp-content\/uploads\/2020\/05\/logo-nuevochico-e1561581322808.png","_links":{"self":[{"href":"https:\/\/atecordoba.org\/index.php?rest_route=\/wp\/v2\/posts\/12015","targetHints":{"allow":["GET"]}}],"collection":[{"href":"https:\/\/atecordoba.org\/index.php?rest_route=\/wp\/v2\/posts"}],"about":[{"href":"https:\/\/atecordoba.org\/index.php?rest_route=\/wp\/v2\/types\/post"}],"author":[{"embeddable":true,"href":"https:\/\/atecordoba.org\/index.php?rest_route=\/wp\/v2\/users\/1"}],"replies":[{"embeddable":true,"href":"https:\/\/atecordoba.org\/index.php?rest_route=%2Fwp%2Fv2%2Fcomments&post=12015"}],"version-history":[{"count":1,"href":"https:\/\/atecordoba.org\/index.php?rest_route=\/wp\/v2\/posts\/12015\/revisions"}],"predecessor-version":[{"id":18865,"href":"https:\/\/atecordoba.org\/index.php?rest_route=\/wp\/v2\/posts\/12015\/revisions\/18865"}],"wp:featuredmedia":[{"embeddable":true,"href":"https:\/\/atecordoba.org\/index.php?rest_route=\/wp\/v2\/media\/19220"}],"wp:attachment":[{"href":"https:\/\/atecordoba.org\/index.php?rest_route=%2Fwp%2Fv2%2Fmedia&parent=12015"}],"wp:term":[{"taxonomy":"category","embeddable":true,"href":"https:\/\/atecordoba.org\/index.php?rest_route=%2Fwp%2Fv2%2Fcategories&post=12015"},{"taxonomy":"post_tag","embeddable":true,"href":"https:\/\/atecordoba.org\/index.php?rest_route=%2Fwp%2Fv2%2Ftags&post=12015"}],"curies":[{"name":"wp","href":"https:\/\/api.w.org\/{rel}","templated":true}]}}