{"id":12007,"date":"2020-01-17T10:36:30","date_gmt":"2020-01-17T13:36:30","guid":{"rendered":"https:\/\/www.atecordoba.org\/?p=12007"},"modified":"2020-05-05T09:12:54","modified_gmt":"2020-05-05T12:12:54","slug":"reunion-de-delegados-de-fabricaciones-militares-en-ate-nacional","status":"publish","type":"post","link":"https:\/\/atecordoba.org\/?p=12007","title":{"rendered":"Reuni\u00f3n de Delegados de Fabricaciones o en ATE Nacional"},"content":{"rendered":"\n<figure class=\"wp-block-image size-large\"><img decoding=\"async\" src=\"http:\/\/atecordoba.org\/wp-content\/uploads\/2020\/05\/10de5bf90d3a1e5fd6ff662964fe9ae2_m.jpg\" alt=\"\" class=\"wp-image-12009\"\/><\/figure>\n\n\n\n<p>En la tarde del mi\u00e9rcoles se llev\u00f3 a cabo, en la sede de ATE Nacional, una reuni\u00f3n de Delegados de Fabricaciones Militares. Estuvieron presentes compa\u00f1eros de las f\u00e1bricas de R\u00edo Tercero, Villa Mar\u00eda, Azul, y Fray Luis Beltr\u00e1n, as\u00ed como los compa\u00f1eros de ATE Nacional C\u00e9sar Bali\u00f1a, Flavio Vergara y Rodolfo Kempf.<\/p>\n\n\n\n<p>Tras la reuni\u00f3n, el Secretario General de ATE y la CTA Aut\u00f3noma R\u00edo Tercero y trabajador de Fabricaciones Militares, Dami\u00e1n Albornoz dijo: \u201cEmpezamos a trabajar en los lineamientos generales del Convenio Colectivo sectorial de Fabricaciones Militares, en el marco del compromiso pol\u00edtico asumido por la Secretaria de Ciencia y Tecnolog\u00eda Daniela Castro para avanzar en ello apenas tomen posesi\u00f3n las nuevas autoridades del Directorio de Fabricaciones. Entendemos que tenemos un tiempo bastante acotado, por lo que es fundamental que lo pongamos en funcionamiento cuanto antes\u201d.<\/p>\n\n\n\n<p>\u201cTambi\u00e9n avanzamos en la conformaci\u00f3n de los documentos t\u00e9cnicos para acercar a la Secretar\u00eda, sobre todo lo que tiene que ver con la reactivaci\u00f3n productiva de cada una de las f\u00e1bricas. Estamos armando los equipos t\u00e9cnicos para empezar a profundizar algunas cuestiones que para nosotros son esenciales, y entendemos que en el transcurso de los pr\u00f3ximos d\u00edas, a partir de las nuevas designaciones, vamos a tener mayores precisiones\u201d, agreg\u00f3 Albornoz.<\/p>\n\n\n\n<p>Por su parte, Jos\u00e9 Goroso, Delegado de ATE de la F\u00e1brica Militar de Villa Mar\u00eda, manifest\u00f3: \u201cHemos discutido tambi\u00e9n, ante la propuesta de la Secretaria, las cuestiones de un Convenio Colectivo. Avanzamos bastante, nosotros ya en esto ten\u00edamos alguna experiencia de gestiones anteriores en las cuales hab\u00edamos empezado a redactar un Convenio Colectivo propio del \u00e1rea de Fabricaciones Militares. Tenemos tambi\u00e9n una gran responsabilidad para con los compa\u00f1eros que fueron despedidos y estamos en un proceso de reincorporaci\u00f3n en los distintos sectores. En nuestro caso, vamos a empezar a ver las situaciones especiales como el de los compa\u00f1eros que han iniciado causas judiciales, y los vamos a sumar a todo lo que se viene haciendo desde la CORREDMA de ATE Nacional. Tenemos la vista puesta en que Fabricaciones Militares pueda ser operativamente viable hacia el futuro, en que puedan volver los compa\u00f1eros que deseen volver tras el desastre que hizo el macrismo\u201d.<\/p>\n\n\n\n<p>Finalmente, Fernando Peirano, Secretario Adjunto de ATE Rosario y Delegado de ATE de la F\u00e1brica Militar de Fray Luis Beltr\u00e1n, coment\u00f3: \u201cPusimos en com\u00fan algunos puntos en los que tenemos incertidumbre para ver c\u00f3mo los llevamos adelante. Charlamos tambi\u00e9n con los compa\u00f1eros Vergara, Kempf y Bali\u00f1a, que nos asesoraron sobre algunas cosas. Adem\u00e1s charlamos sobre avanzar en una reuni\u00f3n con el nuevo directivo para plantear estos temas que tanto nos preocupan, que son la reactivaci\u00f3n del sector y la reincorporaci\u00f3n de los compa\u00f1eros despedidos\u201d.<\/p>\n\n\n\n<p><strong>Fuente: www.ate.org.ar<\/strong><\/p>\n","protected":false},"excerpt":{"rendered":"<p>En la tarde del mi\u00e9rcoles se llev\u00f3 a cabo, en la sede de ATE Nacional, una reuni\u00f3n de Delegados de Fabricaciones Militares. Estuvieron presentes compa\u00f1eros de las f\u00e1bricas de R\u00edo Tercero, Villa Mar\u00eda, Azul, y Fray Luis Beltr\u00e1n, as\u00ed como los compa\u00f1eros de ATE Nacional C\u00e9sar Bali\u00f1a, Flavio Vergara y Rodolfo Kempf. Tras la reuni\u00f3n, [&hellip;]<\/p>\n","protected":false},"author":1,"featured_media":19220,"comment_status":"open","ping_status":"open","sticky":true,"template":"","format":"standard","meta":{"_exactmetrics_skip_tracking":false,"_exactmetrics_sitenote_active":false,"_exactmetrics_sitenote_note":"","_exactmetrics_sitenote_category":0,"jnews-multi-image_gallery":[],"jnews_single_post":[],"jnews_primary_category":[],"jnews_social_meta":[],"jnews_review":[],"enable_review":"","type":"","name":"","summary":"","brand":"","sku":"","good":[],"bad":[],"score_override":"","override_value":"","rating":[],"price":[],"jnews_override_counter":[],"jnews_post_split":[],"footnotes":""},"categories":[1],"tags":[],"class_list":["post-12007","post","type-post","status-publish","format-standard","has-post-thumbnail","hentry","category-sin-categoria"],"jetpack_featured_media_url":"https:\/\/atecordoba.org\/wp-content\/uploads\/2020\/05\/logo-nuevochico-e1561581322808.png","_links":{"self":[{"href":"https:\/\/atecordoba.org\/index.php?rest_route=\/wp\/v2\/posts\/12007","targetHints":{"allow":["GET"]}}],"collection":[{"href":"https:\/\/atecordoba.org\/index.php?rest_route=\/wp\/v2\/posts"}],"about":[{"href":"https:\/\/atecordoba.org\/index.php?rest_route=\/wp\/v2\/types\/post"}],"author":[{"embeddable":true,"href":"https:\/\/atecordoba.org\/index.php?rest_route=\/wp\/v2\/users\/1"}],"replies":[{"embeddable":true,"href":"https:\/\/atecordoba.org\/index.php?rest_route=%2Fwp%2Fv2%2Fcomments&post=12007"}],"version-history":[{"count":1,"href":"https:\/\/atecordoba.org\/index.php?rest_route=\/wp\/v2\/posts\/12007\/revisions"}],"predecessor-version":[{"id":18867,"href":"https:\/\/atecordoba.org\/index.php?rest_route=\/wp\/v2\/posts\/12007\/revisions\/18867"}],"wp:featuredmedia":[{"embeddable":true,"href":"https:\/\/atecordoba.org\/index.php?rest_route=\/wp\/v2\/media\/19220"}],"wp:attachment":[{"href":"https:\/\/atecordoba.org\/index.php?rest_route=%2Fwp%2Fv2%2Fmedia&parent=12007"}],"wp:term":[{"taxonomy":"category","embeddable":true,"href":"https:\/\/atecordoba.org\/index.php?rest_route=%2Fwp%2Fv2%2Fcategories&post=12007"},{"taxonomy":"post_tag","embeddable":true,"href":"https:\/\/atecordoba.org\/index.php?rest_route=%2Fwp%2Fv2%2Ftags&post=12007"}],"curies":[{"name":"wp","href":"https:\/\/api.w.org\/{rel}","templated":true}]}}