{"id":12002,"date":"2020-01-17T10:34:43","date_gmt":"2020-01-17T13:34:43","guid":{"rendered":"https:\/\/www.atecordoba.org\/?p=12002"},"modified":"2020-05-05T09:12:55","modified_gmt":"2020-05-05T12:12:55","slug":"con-ate-hasta-el-fin-del-mundo","status":"publish","type":"post","link":"https:\/\/atecordoba.org\/?p=12002","title":{"rendered":"Con ATE hasta el fin del mundo"},"content":{"rendered":"\n<p><em>El Secretario Adjunto de la Asociaci\u00f3n Trabajadores del Estado (ATE-CTA) Seccional R\u00edo Cuarto, Pablo Pavetto, se encuentra integrando un contingente que realiza tareas de mantenimiento en la Base Marambio de la Ant\u00e1rtida Argentina. Comentarios, vivencias e impresiones en primera persona formuladas por este trabajador del \u00c1rea Material R\u00edo Cuarto, con asiento en Las Higueras, desde el Continente Blanco.<\/em><\/p>\n\n\n\n<figure class=\"wp-block-image size-large\"><img decoding=\"async\" src=\"http:\/\/atecordoba.org\/wp-content\/uploads\/2020\/05\/83656177_2721687457876762_5018619966266540032_o.jpg\" alt=\"\" class=\"wp-image-12004\"\/><\/figure>\n\n\n\n<p>Los audios enviados por WhatsApp traen n\u00edtida la voz de Pavetto desde nuestra Ant\u00e1rtida donde lleg\u00f3 el 22 de diciembre -previa escala en R\u00edo Gallegos, Santa Cruz- como miembro de un grupo de trabajo que participa de la campa\u00f1a dedicada a hacer todo el mantenimiento de la Base Marambio.<\/p>\n\n\n\n<figure class=\"wp-block-image\"><img decoding=\"async\" src=\"http:\/\/atecordoba.org\/wp-content\/uploads\/2020\/05\/IMG-20200115-WA0036-300x226.jpg\" alt=\"\" class=\"wp-image-16806\"\/><\/figure>\n\n\n\n<p>\u201cYa desde hace muchos a\u00f1os nosotros tenemos la posibilidad de venir a realizar estos trabajos que consisten en mantenimiento de todo tipo: Desde aislaci\u00f3n de techo, seleccionar toda la parte de residuos que es lo que ac\u00e1 se cuida -hay un acuerdo de la protecci\u00f3n del Continente, el Tratado Ant\u00e1rtico- y hacemos tambi\u00e9n eso\u201d, se\u00f1ala el dirigente de los estatales riocuartenses.<\/p>\n\n\n\n<p>Y a\u00f1ade: \u201cHemos estado trabajando en carpinter\u00eda, muebles, tambi\u00e9n en toda una remodelaci\u00f3n de aberturas de PVC nuevas, toda la colocaci\u00f3n. El otro d\u00eda nos toc\u00f3 hacer el apoyo a los helic\u00f3pteros, la carga de combustible, en fin -recalc\u00f3- todas las capacidades que tienen los trabajadores civiles de las Fuerzas Armadas se aplican ac\u00e1 en la Base Marambio para el mantenimiento en el verano, para que luego la dotaci\u00f3n de casi 60 personas pueda pasar todo el a\u00f1o en las mejores condiciones\u201d.<\/p>\n\n\n\n<figure class=\"wp-block-image\"><img decoding=\"async\" src=\"http:\/\/atecordoba.org\/wp-content\/uploads\/2020\/05\/IMG-20200115-WA0035-300x169.jpg\" alt=\"\" class=\"wp-image-16807\"\/><\/figure>\n\n\n\n<p>El trabajo es duro: \u201cHacemos el acondicionamiento de combustible para los calefactores, la descarga de todo el material que viene en lo helic\u00f3pteros, provisiones de alimentos para todo el a\u00f1o. Esa es nuestra tarea en venir a la Ant\u00e1rtida\u201d, dice y no oculta su orgullo como argentino y trabajador estatal.<\/p>\n\n\n\n<p>Puesto a contar c\u00f3mo se dio la oportunidad de vivir esta experiencia, Pavetto se\u00f1ala: \u201cSe dieron las condiciones familiares, laborales y hasta en el gremio para poder estar ac\u00e1 y hay que aprovechar esta oportunidad. Es una experiencia dura, mucho trabajo. Trabajamos desde las 8 hasta las 13 horas y desde las 15 hasta las 18. M\u00e1s si hay vuelo, viene el H\u00e9rcules y nosotros hacemos el apoyo del vuelo, la carga y la descarga, recibimiento de la gente, empieza la Campa\u00f1a de Verano de la Direcci\u00f3n Nacional Ant\u00e1rtica, la DNA, donde vienen los cient\u00edficos que van a los campamentos o que vienen ac\u00e1 a la Base\u201d.<\/p>\n\n\n\n<figure class=\"wp-block-image\"><img decoding=\"async\" src=\"http:\/\/atecordoba.org\/wp-content\/uploads\/2020\/05\/IMG-20200115-WA0040-226x300.jpg\" alt=\"\" class=\"wp-image-16808\"\/><\/figure>\n\n\n\n<p>\u201cHay mucha gente, lleg\u00f3 a haber casi 180 personas en esta semana, ya ahora fueron dirigidos a las otras bases que est\u00e1n cerca o a los campamentos que hay ac\u00e1 cerca de la isla que es donde van los cient\u00edficos\u201d, apunta.<\/p>\n\n\n\n<p>Pavetto inform\u00f3 que \u201cinicialmente venimos por 35 d\u00edas y en funci\u00f3n de las necesidades, si hace falta, nos quedamos un tiempo m\u00e1s, eso depende de las necesidades o de que venga otro grupo y nos reemplace. Hay mucho trabajo de pico y pala y el laburo es doble por la nieve, barro, fr\u00edo y dem\u00e1s\u201d.<\/p>\n\n\n\n<p>Cuenta que \u201chay pocas mujeres pero hay. Algunas mujeres mec\u00e1nicas de helic\u00f3pteros, en la cocina y la jefa de cocina, todo personal militar en su mayor\u00eda. Personal Civil del \u00c1rea Material R\u00edo Cuarto est\u00e1 Cristian Romero, afiliado nuestro de ATE, y yo. Despu\u00e9s todos los otros que hay, gente de R\u00edo Cuarto, son militares, que cuando necesitan la parte t\u00e9cnica se la aportamos nosotros\u201d.<\/p>\n\n\n\n<figure class=\"wp-block-image\"><img decoding=\"async\" src=\"http:\/\/atecordoba.org\/wp-content\/uploads\/2020\/05\/IMG-20200115-WA0039-300x225.jpg\" alt=\"\" class=\"wp-image-16809\"\/><\/figure>\n\n\n\n<p>Luego de los consabidos saludos de despedida Pavetto no duda en expresar: \u201cDespu\u00e9s de conocer la Ant\u00e1rtida y la tarea que realizan, puedo decir que la gente que est\u00e1 ac\u00e1, en este espacio estrat\u00e9gico para la defensa de la Soberan\u00eda Nacional, hace Patria todos los d\u00edas, aunque muchas veces desde el Continente no los tengamos en cuenta\u201d.<\/p>\n\n\n\n<p>Palabra de trabajador.<\/p>\n\n\n\n<p>Palabras de estatal.<\/p>\n\n\n\n<p>Hasta la vuelta compa\u00f1ero.<\/p>\n\n\n\n<p><strong>CTAA C\u00d3RDOBA<\/strong><\/p>\n","protected":false},"excerpt":{"rendered":"<p>El Secretario Adjunto de la Asociaci\u00f3n Trabajadores del Estado (ATE-CTA) Seccional R\u00edo Cuarto, Pablo Pavetto, se encuentra integrando un contingente que realiza tareas de mantenimiento en la Base Marambio de la Ant\u00e1rtida Argentina. Comentarios, vivencias e impresiones en primera persona formuladas por este trabajador del \u00c1rea Material R\u00edo Cuarto, con asiento en Las Higueras, desde [&hellip;]<\/p>\n","protected":false},"author":1,"featured_media":19220,"comment_status":"open","ping_status":"open","sticky":true,"template":"","format":"standard","meta":{"_exactmetrics_skip_tracking":false,"_exactmetrics_sitenote_active":false,"_exactmetrics_sitenote_note":"","_exactmetrics_sitenote_category":0,"jnews-multi-image_gallery":[],"jnews_single_post":[],"jnews_primary_category":[],"jnews_social_meta":[],"jnews_review":[],"enable_review":"","type":"","name":"","summary":"","brand":"","sku":"","good":[],"bad":[],"score_override":"","override_value":"","rating":[],"price":[],"jnews_override_counter":[],"jnews_post_split":[],"footnotes":""},"categories":[1],"tags":[],"class_list":["post-12002","post","type-post","status-publish","format-standard","has-post-thumbnail","hentry","category-sin-categoria"],"jetpack_featured_media_url":"https:\/\/atecordoba.org\/wp-content\/uploads\/2020\/05\/logo-nuevochico-e1561581322808.png","_links":{"self":[{"href":"https:\/\/atecordoba.org\/index.php?rest_route=\/wp\/v2\/posts\/12002","targetHints":{"allow":["GET"]}}],"collection":[{"href":"https:\/\/atecordoba.org\/index.php?rest_route=\/wp\/v2\/posts"}],"about":[{"href":"https:\/\/atecordoba.org\/index.php?rest_route=\/wp\/v2\/types\/post"}],"author":[{"embeddable":true,"href":"https:\/\/atecordoba.org\/index.php?rest_route=\/wp\/v2\/users\/1"}],"replies":[{"embeddable":true,"href":"https:\/\/atecordoba.org\/index.php?rest_route=%2Fwp%2Fv2%2Fcomments&post=12002"}],"version-history":[{"count":1,"href":"https:\/\/atecordoba.org\/index.php?rest_route=\/wp\/v2\/posts\/12002\/revisions"}],"predecessor-version":[{"id":18873,"href":"https:\/\/atecordoba.org\/index.php?rest_route=\/wp\/v2\/posts\/12002\/revisions\/18873"}],"wp:featuredmedia":[{"embeddable":true,"href":"https:\/\/atecordoba.org\/index.php?rest_route=\/wp\/v2\/media\/19220"}],"wp:attachment":[{"href":"https:\/\/atecordoba.org\/index.php?rest_route=%2Fwp%2Fv2%2Fmedia&parent=12002"}],"wp:term":[{"taxonomy":"category","embeddable":true,"href":"https:\/\/atecordoba.org\/index.php?rest_route=%2Fwp%2Fv2%2Fcategories&post=12002"},{"taxonomy":"post_tag","embeddable":true,"href":"https:\/\/atecordoba.org\/index.php?rest_route=%2Fwp%2Fv2%2Ftags&post=12002"}],"curies":[{"name":"wp","href":"https:\/\/api.w.org\/{rel}","templated":true}]}}