{"id":11998,"date":"2020-01-16T19:43:13","date_gmt":"2020-01-16T22:43:13","guid":{"rendered":"https:\/\/www.atecordoba.org\/?p=11998"},"modified":"2020-05-05T09:12:58","modified_gmt":"2020-05-05T12:12:58","slug":"diez-trabajadores-del-inti-cordoba-reincorporados","status":"publish","type":"post","link":"https:\/\/atecordoba.org\/?p=11998","title":{"rendered":"Diez trabajadores del INTI C\u00f3rdoba, reincorporados"},"content":{"rendered":"\n<figure class=\"wp-block-image size-large\"><img decoding=\"async\" src=\"http:\/\/atecordoba.org\/wp-content\/uploads\/2020\/05\/IMG_20200116_150320_399-1024x768.jpg\" alt=\"\" class=\"wp-image-11999\"\/><\/figure>\n\n\n\n<p><em>El Instituto Nacional de Tecnolog\u00eda Industrial (Inti) reincorpor\u00f3 a 100 trabajadores en todo el pa\u00eds luego de un acuerdo que se firm\u00f3 con la Asociaci\u00f3n de Trabajadores del Estado (ATE), 10 de ellos actuaban en la \u00f3rbita del organismo en C\u00f3rdoba.<\/em><\/p>\n\n\n\n<p><strong>Despedidos de la \u201cera Macri\u201d regresar\u00e1n a sus puestos<\/strong><\/p>\n\n\n\n<p>Este jueves, los 10 empleados de la entidad cuya sede central est\u00e1 ubicada sobre V\u00e9lez S\u00e1rsfield 1.561, firmaron sus reincorporaciones y desde el 20 de febrero deber\u00e1n presentarse en sus respectivos lugares de trabajo.Leandro Rueda, uno\u00a0 de los trabajadores que vuelve al INTI, explic\u00f3 que fue \u201cv\u00edctima de un ajuste injustificado\u201d de parte de la anterior gesti\u00f3n nombrada por el expresidente Mauricio Macri.\u201cSiento una reparaci\u00f3n no solo individual, sino tambi\u00e9n colectiva; es un reconocimiento al trabajo que ven\u00edamos haciendo, a la injusticia por la cual se nos despidi\u00f3, es reparar un poco esa arbitrariedad porque al d\u00eda de hoy no sabemos por qu\u00e9 nos despidieron, fueron despidos sin causa\u201d, dijo Rueda, quien llevaba 15 a\u00f1os trabajando en Inti al momento en que fue desvinculado.En tanto, fuentes gremiales explicaron que en los pr\u00f3ximos d\u00edas puede haber m\u00e1s novedades en ese instituto con m\u00e1s reincorporaciones. El Inti trabaja en la investigaci\u00f3n y el desarrollo industrial, realizando mediciones relacionadas con el cuidado del ambiente, la salud, los alimentos, la seguridad p\u00fablica, la equidad en el comercio y la calidad de la producci\u00f3n industrial.Seg\u00fan aclararon desde ATE, los reincorporados no cobraron indemnizaciones, mientras que con la firma del convenio de reincorporaci\u00f3n \u201cdesisten de los juicios\u201d iniciados.<\/p>\n\n\n\n<figure class=\"wp-block-image size-large\"><img decoding=\"async\" src=\"http:\/\/atecordoba.org\/wp-content\/uploads\/2020\/05\/IMG_20200116_150320_398-1024x767.jpg\" alt=\"\" class=\"wp-image-12000\"\/><\/figure>\n\n\n\n<p><strong>Organismos<\/strong><\/p>\n\n\n\n<p>Por otro lado, Federico Giuliani, Secretario General del gremio estatal, indic\u00f3 que avanzan las negociaciones para la reincorporaci\u00f3n de trabajadores en la Secretar\u00eda de Agricultura Familiar que \u201cfue arrasada\u201d.\u201cEn C\u00f3rdoba, de 60 trabajadores echaron a 47\u201d, agreg\u00f3 Giuliani, quien a su vez adelant\u00f3 que en los pr\u00f3ximos d\u00edas en esta repartici\u00f3n se avanzar\u00e1 en revinculaciones.Adem\u00e1s, el sindicalista detall\u00f3 el estado de las conversaciones en otros sectores como el Ente Nacional de Comunicaciones (Enacom) donde consiguieron una audiencia para marzo con el Jefe de Gabinete, Santiago Cafiero, de quien depende la instituci\u00f3n.\u201cNo hemos abandonado a los compa\u00f1eros, los hemos contenido y venimos realizando las gestiones necesarias\u201d, explic\u00f3 Giuliani.<\/p>\n\n\n\n<p><strong>FADEA<\/strong><\/p>\n\n\n\n<p>Los trabajadores de la F\u00e1brica Argentina de Aviones (Fadea) que fueron despedidos durante el gobierno anterior se pusieron en contacto con ATE, informaron desde el gremio.\u201cFueron desamparados por sus gremios de base y nosotros nos hicimos cargo\u201d, dijo Giuliani.Lo propio hicieron los empleados de Comisi\u00f3n Nacional de Regulaci\u00f3n del Transporte (CNRT) donde, seg\u00fan explic\u00f3 el sindicalista, \u201chubo numerosos despidos\u201d.<\/p>\n\n\n\n<p><strong>Fuente: www.lavoz.com.ar<\/strong><\/p>\n","protected":false},"excerpt":{"rendered":"<p>El Instituto Nacional de Tecnolog\u00eda Industrial (Inti) reincorpor\u00f3 a 100 trabajadores en todo el pa\u00eds luego de un acuerdo que se firm\u00f3 con la Asociaci\u00f3n de Trabajadores del Estado (ATE), 10 de ellos actuaban en la \u00f3rbita del organismo en C\u00f3rdoba. Despedidos de la \u201cera Macri\u201d regresar\u00e1n a sus puestos Este jueves, los 10 empleados [&hellip;]<\/p>\n","protected":false},"author":1,"featured_media":19220,"comment_status":"open","ping_status":"open","sticky":false,"template":"","format":"standard","meta":{"_exactmetrics_skip_tracking":false,"_exactmetrics_sitenote_active":false,"_exactmetrics_sitenote_note":"","_exactmetrics_sitenote_category":0,"jnews-multi-image_gallery":[],"jnews_single_post":[],"jnews_primary_category":[],"jnews_social_meta":[],"jnews_review":[],"enable_review":"","type":"","name":"","summary":"","brand":"","sku":"","good":[],"bad":[],"score_override":"","override_value":"","rating":[],"price":[],"jnews_override_counter":[],"jnews_post_split":[],"footnotes":""},"categories":[1],"tags":[],"class_list":["post-11998","post","type-post","status-publish","format-standard","has-post-thumbnail","hentry","category-sin-categoria"],"jetpack_featured_media_url":"https:\/\/atecordoba.org\/wp-content\/uploads\/2020\/05\/logo-nuevochico-e1561581322808.png","_links":{"self":[{"href":"https:\/\/atecordoba.org\/index.php?rest_route=\/wp\/v2\/posts\/11998","targetHints":{"allow":["GET"]}}],"collection":[{"href":"https:\/\/atecordoba.org\/index.php?rest_route=\/wp\/v2\/posts"}],"about":[{"href":"https:\/\/atecordoba.org\/index.php?rest_route=\/wp\/v2\/types\/post"}],"author":[{"embeddable":true,"href":"https:\/\/atecordoba.org\/index.php?rest_route=\/wp\/v2\/users\/1"}],"replies":[{"embeddable":true,"href":"https:\/\/atecordoba.org\/index.php?rest_route=%2Fwp%2Fv2%2Fcomments&post=11998"}],"version-history":[{"count":1,"href":"https:\/\/atecordoba.org\/index.php?rest_route=\/wp\/v2\/posts\/11998\/revisions"}],"predecessor-version":[{"id":18876,"href":"https:\/\/atecordoba.org\/index.php?rest_route=\/wp\/v2\/posts\/11998\/revisions\/18876"}],"wp:featuredmedia":[{"embeddable":true,"href":"https:\/\/atecordoba.org\/index.php?rest_route=\/wp\/v2\/media\/19220"}],"wp:attachment":[{"href":"https:\/\/atecordoba.org\/index.php?rest_route=%2Fwp%2Fv2%2Fmedia&parent=11998"}],"wp:term":[{"taxonomy":"category","embeddable":true,"href":"https:\/\/atecordoba.org\/index.php?rest_route=%2Fwp%2Fv2%2Fcategories&post=11998"},{"taxonomy":"post_tag","embeddable":true,"href":"https:\/\/atecordoba.org\/index.php?rest_route=%2Fwp%2Fv2%2Ftags&post=11998"}],"curies":[{"name":"wp","href":"https:\/\/api.w.org\/{rel}","templated":true}]}}