{"id":11993,"date":"2020-01-11T18:26:21","date_gmt":"2020-01-11T21:26:21","guid":{"rendered":"https:\/\/www.atecordoba.org\/?p=11993"},"modified":"2020-05-05T09:13:02","modified_gmt":"2020-05-05T12:13:02","slug":"despidos-en-la-municipalidad-de-bialet-masse","status":"publish","type":"post","link":"https:\/\/atecordoba.org\/?p=11993","title":{"rendered":"Despidos en la Municipalidad de Bialet Mass\u00e9"},"content":{"rendered":"\n<p>Majo Pe\u00f1aloza secretaria de turismo de ATE seccional Cruz del Eje, particip\u00f3 en la localidad serrana del valle de Punilla de un reclamo laboral acompa\u00f1ado por ambientalistas y organizaciones de g\u00e9nero.<br> &#8220;Frente a la oficina de Turismo hicimos el reclamo junto a compa\u00f1eras y compa\u00f1eros de La Falda y Cosqu\u00edn, ped\u00edamos por la reincorporaci\u00f3n de despedidos. En un momento se llen\u00f3 de Polic\u00edas a quienes les aclaramos que era un reclamo pac\u00edfico&#8221;, explic\u00f3 Pe\u00f1aloza.<\/p>\n\n\n\n<figure class=\"wp-block-image size-large\"><img decoding=\"async\" src=\"http:\/\/atecordoba.org\/wp-content\/uploads\/2020\/05\/IMG-20200109-WA0091-747x1024.jpg\" alt=\"\" class=\"wp-image-11994\"\/><\/figure>\n\n\n\n<p>M\u00f3nica Al\u00e9 tiene 56 a\u00f1os, fue despedida tras 27 a\u00f1os de trabajo, y pide su pronta reincorporaci\u00f3n. &#8220;Somos 30 los empleados que este gobierno ech\u00f3&#8221;, asegur\u00f3.<\/p>\n\n\n\n<p>\u201c\u00a1Me dejaron sin trabajo despu\u00e9s de 27 a\u00f1os! Tengo 56 a\u00f1os, a cuatro de jubilarme, y el Intendente Marcelo Oliva me deja sin trabajo\u201d, denuncia&nbsp;M\u00f3nica Al\u00e9&nbsp;en di\u00e1logo con V\u00edaCarlosPaz.<\/p>\n\n\n\n<p>Seg\u00fan sus dichos, le informaron de su despido el d\u00eda&nbsp;30 de diciembre del 2019, primero, mediante un mensaje de WhatsApp, le dijeron que deb\u00eda presentarse en las instalaciones de la Municipalidad y no en su lugar habitual de trabajo, la Oficina de Turismo de Bialet Mass\u00e9.<\/p>\n\n\n\n<figure class=\"wp-block-image size-large\"><img decoding=\"async\" src=\"http:\/\/atecordoba.org\/wp-content\/uploads\/2020\/05\/IMG-20200109-WA0089-1024x576.jpg\" alt=\"\" class=\"wp-image-11995\"\/><\/figure>\n\n\n\n<p>Lo cierto es que&nbsp;tras 27 a\u00f1os&nbsp;de permanecer en la planta de trabajadores municipales,&nbsp;le informaron que desde ese momento,&nbsp;prescind\u00edan de sus servicios.<\/p>\n\n\n\n<p>M\u00f3nica Al\u00e9 en el municipio de Bialet Mass\u00e9 tras no ser recibida por el Intendente.<\/p>\n\n\n\n<p>M\u00f3nica es una mujer que desde hace diez a\u00f1os,&nbsp;est\u00e1 bajo un&nbsp;estricto tratamiento psiqui\u00e1trico&nbsp;por lo que el uso de una obra social resulta indispensable para su vida, motivo por el cual,&nbsp;no entiende el motivo de su despido\u200b, gener\u00e1ndole inmediatas consecuencias.<\/p>\n\n\n\n<p>\u201cHace diez a\u00f1os que estoy con tratamiento psiqui\u00e1trico pero&nbsp;nunca falt\u00e9 a mi trabajo. No entiendo la&nbsp;falta de respeto y la arbitrariedad&nbsp;con la que se manejaron para dejarme en la calle. Ya tengo 56 a\u00f1os y me es muy dif\u00edcil conseguir trabajo a esta edad. Encima,&nbsp;me dejan sin obra social, y yo la necesito\u201d, sigue su relato M\u00f3nica, visiblemente afectada por lo ocurrido, quien de inmediato agrega que la decisi\u00f3n le parece&nbsp;\u201cinjusta\u201d, por lo que solicita su pronta reincorporaci\u00f3n.<\/p>\n\n\n\n<p>Por otra parte, nos dijo que desde el Municipio de Bialet Mass\u00e9,&nbsp;no ha recibido ning\u00fan tipo de comunicaci\u00f3n, que de hecho, a la hora de concretar un encuentro con el Intendente el d\u00eda mi\u00e9rcoles por la ma\u00f1ana, Oliva no la atendi\u00f3.<\/p>\n\n\n\n<p>Al\u00e9 est\u00e1 siendo acompa\u00f1ada por&nbsp;integrantes de Defensor\u00edas de G\u00e9neros, desde donde&nbsp;Paula, en di\u00e1logo con V\u00edaCarlosPaz, nos expres\u00f3:&nbsp;\u201cDesde el 2019 hubo muchos despidos, de una mujer embarazada, otra con tratamiento oncol\u00f3gico, (entre otros casos). Viene siendo un derrotero de varios despidos\u201d.<\/p>\n\n\n\n<p>Y agreg\u00f3: \u201cFrente a la falta de respuesta, pedimos una audiencia con una nota que no nos la quer\u00edan recibir, y hasta nos mandaron polic\u00edas. Pero finalmente la recibieron y acordamos para el mi\u00e9rcoles (8 de enero), d\u00eda en que el Intendente&nbsp;neg\u00f3 habernos concretado la cita\u201d, explic\u00f3 Paula.<\/p>\n\n\n\n<p>M\u00f3nica Al\u00e9 junto a integrantes de Defensor\u00eda de G\u00e9neros y el grupo sindical ATE, el pasado jueves por la tarde.<\/p>\n\n\n\n<p>Desde Defensor\u00eda de G\u00e9neros hablan de una situaci\u00f3n de&nbsp;\u201cvulnerabilidad\u201d&nbsp;tanto para Al\u00e9 como para&nbsp;los restantes trabajadores despedidos, que hacen un total de 30, y quienes&nbsp;\u201cninguno inici\u00f3 acciones legales porque fueron amenazados\u201d, enfatiz\u00f3 M\u00f3nica, la damnificada que hasta prometi\u00f3&nbsp;atrincherarse&nbsp;si sigue sin encontrar respuestas.<\/p>\n\n\n\n<p>\u201cS\u00ed, estoy dispuesta a encadenarme hasta que me solucionen y me respondan como es debido\u201d, asegur\u00f3, quien adem\u00e1s particip\u00f3 de una nueva concentraci\u00f3n este jueves por la tarde, que inici\u00f3 en la plazoleta del Tri\u00e1ngulo en Bialet Mass\u00e9 y continu\u00f3 en el predio de la Oficina de Turismo, rodeada de personas que se sumaron, entre vecinos e integrantes del gremio ATE de C\u00f3rdoba, quienes se solidarizaron con su reclamo que a\u00fan,\u00a0carece de respuestas en cuanto a su pronta\u00a0reincorporaci\u00f3n.<\/p>\n\n\n\n<p>Fuente: www.viapais.com.ar<\/p>\n","protected":false},"excerpt":{"rendered":"<p>Majo Pe\u00f1aloza secretaria de turismo de ATE seccional Cruz del Eje, particip\u00f3 en la localidad serrana del valle de Punilla de un reclamo laboral acompa\u00f1ado por ambientalistas y organizaciones de g\u00e9nero. &#8220;Frente a la oficina de Turismo hicimos el reclamo junto a compa\u00f1eras y compa\u00f1eros de La Falda y Cosqu\u00edn, ped\u00edamos por la reincorporaci\u00f3n de [&hellip;]<\/p>\n","protected":false},"author":1,"featured_media":19220,"comment_status":"open","ping_status":"open","sticky":true,"template":"","format":"standard","meta":{"_exactmetrics_skip_tracking":false,"_exactmetrics_sitenote_active":false,"_exactmetrics_sitenote_note":"","_exactmetrics_sitenote_category":0,"jnews-multi-image_gallery":[],"jnews_single_post":[],"jnews_primary_category":[],"jnews_social_meta":[],"jnews_review":[],"enable_review":"","type":"","name":"","summary":"","brand":"","sku":"","good":[],"bad":[],"score_override":"","override_value":"","rating":[],"price":[],"jnews_override_counter":[],"jnews_post_split":[],"footnotes":""},"categories":[1],"tags":[],"class_list":["post-11993","post","type-post","status-publish","format-standard","has-post-thumbnail","hentry","category-sin-categoria"],"jetpack_featured_media_url":"https:\/\/atecordoba.org\/wp-content\/uploads\/2020\/05\/logo-nuevochico-e1561581322808.png","_links":{"self":[{"href":"https:\/\/atecordoba.org\/index.php?rest_route=\/wp\/v2\/posts\/11993","targetHints":{"allow":["GET"]}}],"collection":[{"href":"https:\/\/atecordoba.org\/index.php?rest_route=\/wp\/v2\/posts"}],"about":[{"href":"https:\/\/atecordoba.org\/index.php?rest_route=\/wp\/v2\/types\/post"}],"author":[{"embeddable":true,"href":"https:\/\/atecordoba.org\/index.php?rest_route=\/wp\/v2\/users\/1"}],"replies":[{"embeddable":true,"href":"https:\/\/atecordoba.org\/index.php?rest_route=%2Fwp%2Fv2%2Fcomments&post=11993"}],"version-history":[{"count":1,"href":"https:\/\/atecordoba.org\/index.php?rest_route=\/wp\/v2\/posts\/11993\/revisions"}],"predecessor-version":[{"id":18879,"href":"https:\/\/atecordoba.org\/index.php?rest_route=\/wp\/v2\/posts\/11993\/revisions\/18879"}],"wp:featuredmedia":[{"embeddable":true,"href":"https:\/\/atecordoba.org\/index.php?rest_route=\/wp\/v2\/media\/19220"}],"wp:attachment":[{"href":"https:\/\/atecordoba.org\/index.php?rest_route=%2Fwp%2Fv2%2Fmedia&parent=11993"}],"wp:term":[{"taxonomy":"category","embeddable":true,"href":"https:\/\/atecordoba.org\/index.php?rest_route=%2Fwp%2Fv2%2Fcategories&post=11993"},{"taxonomy":"post_tag","embeddable":true,"href":"https:\/\/atecordoba.org\/index.php?rest_route=%2Fwp%2Fv2%2Ftags&post=11993"}],"curies":[{"name":"wp","href":"https:\/\/api.w.org\/{rel}","templated":true}]}}