{"id":11988,"date":"2020-01-10T14:11:33","date_gmt":"2020-01-10T17:11:33","guid":{"rendered":"https:\/\/www.atecordoba.org\/?p=11988"},"modified":"2020-05-05T09:13:05","modified_gmt":"2020-05-05T12:13:05","slug":"capilla-del-monte-el-gobierno-solo-pudo-depositar-el-40-de-los-salarios","status":"publish","type":"post","link":"https:\/\/atecordoba.org\/?p=11988","title":{"rendered":"Capilla del Monte: El gobierno solo pudo depositar el 40% de los salarios"},"content":{"rendered":"\n<figure class=\"wp-block-image size-large\"><img decoding=\"async\" src=\"http:\/\/atecordoba.org\/wp-content\/uploads\/2020\/05\/IMG-20200110-WA0050-576x1024.jpg\" alt=\"\" class=\"wp-image-11989\"\/><\/figure>\n\n\n\n<p>Capilla del Monte.-. Muy lejos de lo que hab\u00eda prometido previo a su asunci\u00f3n, el intendente de Capilla del Monte, Fabricio D\u00edaz, no pudo reunir el dinero para abonarles el salario a los empleados municipales y ayer s\u00f3lo deposit\u00f3 el 40% del total acordado.<\/p>\n\n\n\n<p>D\u00edaz se comprometi\u00f3 depositar el resto durante los primeros d\u00edas de la pr\u00f3xima semana, aunque desde el \u00e1rea de Finanzas de la Municipalidad, se\u00f1alaron que en las arcas estatales \u00abno hay un s\u00f3lo peso\u00bb.<\/p>\n\n\n\n<p>Seg\u00fan trascendi\u00f3 del municipio, el intendente esperaba que el gobierno de la provincia o el nacional le giraran fondos para completar el pago, sin embargo hasta ayer no existieron esos dep\u00f3sitos, lo que caus\u00f3 un gran malestar entre los municipales quienes volver\u00e1 a las asambleas hasta el pago total de los sueldos.&nbsp;<\/p>\n\n\n\n<p>Ayer los delegados del ATE (Asociaci\u00f3n de Trabajadores del Estado) confirmaron:&nbsp;\u00abse acaba de depositar el 40% del sueldo\u00bb&nbsp;pero informaron que sigue la asamblea hasta tanto se cubra el 100%.<\/p>\n\n\n\n<p>Horacio Ru\u00edz, uno de los delegados gremiales, dijo que continuar\u00e1n buscando soluciones para el grave problema que aqueja la municipio a la vez que resalt\u00f3 el logro de haber impedido el tratamiento de la ley provincial 10461, asegurando que la misma \u00abcercenaba los derechos del trabajador\u00bb. \u00abHay art\u00edculos que incluso dicen que podr\u00edamos ir presos (\u2026) Nosotros no quer\u00edamos ir a ning\u00fan tipo de choque. Negociamos y logramos que no se trate en el Concejo (\u2026) No queremos poner palos en la rueda, s\u00f3lo estamos reclamando lo justo, que son nuestros haberes\u00bb; denunci\u00f3.<\/p>\n\n\n\n<p>Ante las medidas que vive la localidad, la Municipalidad de Capilla del Monte anunci\u00f3 que \u00abdadas las medidas de fuerza que mantienen empleados municipales, y que son de p\u00fablico conocimiento, algunos de nuestros servicios se han visto resentidos, es por esto que le pedimos a la poblaci\u00f3n que no saque la basura domiciliaria hasta que informemos por la prensa y redes sociales\u00bb.<\/p>\n\n\n\n<p>Fuentes: www.eldiariodecarlospaz.com.ar, canal 11 La Cumbre<\/p>\n\n\n\n<figure class=\"wp-block-embed-youtube wp-block-embed is-type-video is-provider-youtube wp-embed-aspect-16-9 wp-has-aspect-ratio\"><div class=\"wp-block-embed__wrapper\">\n<div class=\"epyt-video-wrapper\"><iframe loading=\"lazy\"  style=\"display: block; margin: 0px auto;\"  id=\"_ytid_50530\"  width=\"480\" height=\"270\"  data-origwidth=\"480\" data-origheight=\"270\" src=\"https:\/\/www.youtube.com\/embed\/iro5qPKX_xA?enablejsapi=1&#038;autoplay=0&#038;cc_load_policy=0&#038;cc_lang_pref=&#038;iv_load_policy=3&#038;loop=0&#038;rel=0&#038;fs=1&#038;playsinline=0&#038;autohide=2&#038;theme=dark&#038;color=red&#038;controls=1&#038;disablekb=0&#038;\" class=\"__youtube_prefs__  epyt-is-override  no-lazyload\" title=\"YouTube player\"  allow=\"fullscreen; accelerometer; autoplay; clipboard-write; encrypted-media; gyroscope; picture-in-picture; web-share\" referrerpolicy=\"strict-origin-when-cross-origin\" allowfullscreen data-no-lazy=\"1\" data-skipgform_ajax_framebjll=\"\"><\/iframe><\/div>\n<\/div><figcaption>Delegadxs  de ATE en Capilla del Monte<\/figcaption><\/figure>\n","protected":false},"excerpt":{"rendered":"<p>Capilla del Monte.-. Muy lejos de lo que hab\u00eda prometido previo a su asunci\u00f3n, el intendente de Capilla del Monte, Fabricio D\u00edaz, no pudo reunir el dinero para abonarles el salario a los empleados municipales y ayer s\u00f3lo deposit\u00f3 el 40% del total acordado. D\u00edaz se comprometi\u00f3 depositar el resto durante los primeros d\u00edas de [&hellip;]<\/p>\n","protected":false},"author":1,"featured_media":19220,"comment_status":"open","ping_status":"open","sticky":true,"template":"","format":"standard","meta":{"_exactmetrics_skip_tracking":false,"_exactmetrics_sitenote_active":false,"_exactmetrics_sitenote_note":"","_exactmetrics_sitenote_category":0,"jnews-multi-image_gallery":[],"jnews_single_post":[],"jnews_primary_category":[],"jnews_social_meta":[],"jnews_review":[],"enable_review":"","type":"","name":"","summary":"","brand":"","sku":"","good":[],"bad":[],"score_override":"","override_value":"","rating":[],"price":[],"jnews_override_counter":[],"jnews_post_split":[],"footnotes":""},"categories":[1],"tags":[],"class_list":["post-11988","post","type-post","status-publish","format-standard","has-post-thumbnail","hentry","category-sin-categoria"],"jetpack_featured_media_url":"https:\/\/atecordoba.org\/wp-content\/uploads\/2020\/05\/logo-nuevochico-e1561581322808.png","_links":{"self":[{"href":"https:\/\/atecordoba.org\/index.php?rest_route=\/wp\/v2\/posts\/11988","targetHints":{"allow":["GET"]}}],"collection":[{"href":"https:\/\/atecordoba.org\/index.php?rest_route=\/wp\/v2\/posts"}],"about":[{"href":"https:\/\/atecordoba.org\/index.php?rest_route=\/wp\/v2\/types\/post"}],"author":[{"embeddable":true,"href":"https:\/\/atecordoba.org\/index.php?rest_route=\/wp\/v2\/users\/1"}],"replies":[{"embeddable":true,"href":"https:\/\/atecordoba.org\/index.php?rest_route=%2Fwp%2Fv2%2Fcomments&post=11988"}],"version-history":[{"count":1,"href":"https:\/\/atecordoba.org\/index.php?rest_route=\/wp\/v2\/posts\/11988\/revisions"}],"predecessor-version":[{"id":18881,"href":"https:\/\/atecordoba.org\/index.php?rest_route=\/wp\/v2\/posts\/11988\/revisions\/18881"}],"wp:featuredmedia":[{"embeddable":true,"href":"https:\/\/atecordoba.org\/index.php?rest_route=\/wp\/v2\/media\/19220"}],"wp:attachment":[{"href":"https:\/\/atecordoba.org\/index.php?rest_route=%2Fwp%2Fv2%2Fmedia&parent=11988"}],"wp:term":[{"taxonomy":"category","embeddable":true,"href":"https:\/\/atecordoba.org\/index.php?rest_route=%2Fwp%2Fv2%2Fcategories&post=11988"},{"taxonomy":"post_tag","embeddable":true,"href":"https:\/\/atecordoba.org\/index.php?rest_route=%2Fwp%2Fv2%2Ftags&post=11988"}],"curies":[{"name":"wp","href":"https:\/\/api.w.org\/{rel}","templated":true}]}}