{"id":11983,"date":"2020-01-10T13:30:22","date_gmt":"2020-01-10T16:30:22","guid":{"rendered":"https:\/\/www.atecordoba.org\/?p=11983"},"modified":"2020-05-05T09:13:06","modified_gmt":"2020-05-05T12:13:06","slug":"cuestionan-despidos-de-municipales-en-el-norte-cordobes","status":"publish","type":"post","link":"https:\/\/atecordoba.org\/?p=11983","title":{"rendered":"Cuestionan despidos de municipales en el norte cordob\u00e9s"},"content":{"rendered":"\n<figure class=\"wp-block-image\"><img decoding=\"async\" src=\"http:\/\/atecordoba.org\/wp-content\/uploads\/2020\/05\/81749643_1300215670184128_4854077849306398720_n.jpg\" alt=\"\"\/><\/figure>\n\n\n\n<p>\u201cEl jefe comunal de Las Palmas-Pocho en el norte cordob\u00e9s, Diego Tejeda de la UCR, despidi\u00f3 a tres compa\u00f1eros recientemente pasados a planta permanente que cuentan con una antig\u00fcedad de diez a\u00f1os trabajando para la Comuna\u201d, indica un comunicado de la Seccional Cruz del Eje de la Asociaci\u00f3n Trabajadore del Estado (ATE-CTA).<\/p>\n\n\n\n<p>\u201cTejeda aduce que la Comuna est\u00e1 fundida y que por eso despide, sin embargo estos tres trabajadores tienen sueldos de $7500\u201d, declar\u00f3 Daniel Allende Secretario General de la Seccional Cruz del Eje de ATE.<\/p>\n\n\n\n<figure class=\"wp-block-image\"><img decoding=\"async\" src=\"http:\/\/atecordoba.org\/wp-content\/uploads\/2020\/05\/82442781_1300215580184137_2263871570889932800_n-240x300.jpg\" alt=\"\" class=\"wp-image-16541\"\/><\/figure>\n\n\n\n<p>Este supuesto ahorro que quiere hacer el Intendente no llega a cubrir&nbsp;ni el 1% de la deuda total que tiene la Comuna, mostrando un claro desprecio a los trabajadores.<\/p>\n\n\n\n<p>\u201cEmpezar la gesti\u00f3n como comenz\u00f3 Tejeda , despidiendo gente en medio de las fiestas, es un desprop\u00f3sito. \u00c9l se comprometi\u00f3 a realizar las gestiones para reincorporarlos pero a la fecha no lo hizo\u201d, agreg\u00f3 el dirigente estatal.<\/p>\n\n\n\n<figure class=\"wp-block-image\"><img decoding=\"async\" src=\"http:\/\/atecordoba.org\/wp-content\/uploads\/2020\/05\/81576297_1300215706850791_656036939996069888_n-240x300.jpg\" alt=\"\" class=\"wp-image-16542\"\/><\/figure>\n\n\n\n<p>\u201cEmpezaremos con distintas medidas de fuerza, a pesar de los intentos de divisi\u00f3n por parte del ejecutivo\u201d expres\u00f3 Allende.<\/p>\n","protected":false},"excerpt":{"rendered":"<p>\u201cEl jefe comunal de Las Palmas-Pocho en el norte cordob\u00e9s, Diego Tejeda de la UCR, despidi\u00f3 a tres compa\u00f1eros recientemente pasados a planta permanente que cuentan con una antig\u00fcedad de diez a\u00f1os trabajando para la Comuna\u201d, indica un comunicado de la Seccional Cruz del Eje de la Asociaci\u00f3n Trabajadore del Estado (ATE-CTA). \u201cTejeda aduce que [&hellip;]<\/p>\n","protected":false},"author":1,"featured_media":19220,"comment_status":"open","ping_status":"open","sticky":true,"template":"","format":"standard","meta":{"_exactmetrics_skip_tracking":false,"_exactmetrics_sitenote_active":false,"_exactmetrics_sitenote_note":"","_exactmetrics_sitenote_category":0,"jnews-multi-image_gallery":[],"jnews_single_post":[],"jnews_primary_category":[],"jnews_social_meta":[],"jnews_review":[],"enable_review":"","type":"","name":"","summary":"","brand":"","sku":"","good":[],"bad":[],"score_override":"","override_value":"","rating":[],"price":[],"jnews_override_counter":[],"jnews_post_split":[],"footnotes":""},"categories":[1],"tags":[],"class_list":["post-11983","post","type-post","status-publish","format-standard","has-post-thumbnail","hentry","category-sin-categoria"],"jetpack_featured_media_url":"https:\/\/atecordoba.org\/wp-content\/uploads\/2020\/05\/logo-nuevochico-e1561581322808.png","_links":{"self":[{"href":"https:\/\/atecordoba.org\/index.php?rest_route=\/wp\/v2\/posts\/11983","targetHints":{"allow":["GET"]}}],"collection":[{"href":"https:\/\/atecordoba.org\/index.php?rest_route=\/wp\/v2\/posts"}],"about":[{"href":"https:\/\/atecordoba.org\/index.php?rest_route=\/wp\/v2\/types\/post"}],"author":[{"embeddable":true,"href":"https:\/\/atecordoba.org\/index.php?rest_route=\/wp\/v2\/users\/1"}],"replies":[{"embeddable":true,"href":"https:\/\/atecordoba.org\/index.php?rest_route=%2Fwp%2Fv2%2Fcomments&post=11983"}],"version-history":[{"count":1,"href":"https:\/\/atecordoba.org\/index.php?rest_route=\/wp\/v2\/posts\/11983\/revisions"}],"predecessor-version":[{"id":18886,"href":"https:\/\/atecordoba.org\/index.php?rest_route=\/wp\/v2\/posts\/11983\/revisions\/18886"}],"wp:featuredmedia":[{"embeddable":true,"href":"https:\/\/atecordoba.org\/index.php?rest_route=\/wp\/v2\/media\/19220"}],"wp:attachment":[{"href":"https:\/\/atecordoba.org\/index.php?rest_route=%2Fwp%2Fv2%2Fmedia&parent=11983"}],"wp:term":[{"taxonomy":"category","embeddable":true,"href":"https:\/\/atecordoba.org\/index.php?rest_route=%2Fwp%2Fv2%2Fcategories&post=11983"},{"taxonomy":"post_tag","embeddable":true,"href":"https:\/\/atecordoba.org\/index.php?rest_route=%2Fwp%2Fv2%2Ftags&post=11983"}],"curies":[{"name":"wp","href":"https:\/\/api.w.org\/{rel}","templated":true}]}}