{"id":11981,"date":"2020-01-10T13:10:46","date_gmt":"2020-01-10T16:10:46","guid":{"rendered":"https:\/\/www.atecordoba.org\/?p=11981"},"modified":"2020-05-05T09:13:09","modified_gmt":"2020-05-05T12:13:09","slug":"trabajadores-de-fabricaciones-militares-reclaman-protagonismo","status":"publish","type":"post","link":"https:\/\/atecordoba.org\/?p=11981","title":{"rendered":"Trabajadores de Fabricaciones Militares reclaman protagonismo"},"content":{"rendered":"\n<p>\u201cEste mi\u00e9rcoles, el Secretario General de ATE y la CTA Aut\u00f3noma Regional R\u00edo Tercero, Dami\u00e1n Albornoz y el Secretario Administrativo del Consejo Directivo Provincial del Sindicato, Mat\u00edas \u00c1vila, luego del Plenario Nacional de Fabricaciones Militares que se llev\u00f3 a cabo en la Sede Central de ATE junto a representantes gremiales de las otras dependencias de FM (Fray Luis Beltr\u00e1n, Villa Mar\u00eda, Sede Central, Azul), fueron recibidos en el Ministerio de Defensa en primera instancia por el Subsecretario de Ciencia y Tecnolog\u00eda, Mariano De Miguel&nbsp;y, en segunda oportunidad, por la Secretaria de Ciencia y Tecnolog\u00eda, Daniela Castro.<\/p>\n\n\n\n<p>\u201cComo representantes gremiales del sector les planteamos nuestra posici\u00f3n de c\u00f3mo llevar adelante la recuperaci\u00f3n productiva de cada f\u00e1brica, la necesidad imperiosa de avanzar en las reincorporaciones de nuestros compa\u00f1eros y compa\u00f1eras. Tambi\u00e9n la urgencia de la convocatoria a la apertura de la discusi\u00f3n del Convenio Colectivo de Trabajo sectorial. En este marco la Secretaria se comprometi\u00f3 a que \u00e9se ser\u00e1 el primer objetivo que tendr\u00e1 el nuevo Directorio de Fabricaciones Militares a definirse en los pr\u00f3ximos d\u00edas.<\/p>\n\n\n\n<figure class=\"wp-block-image\"><img decoding=\"async\" src=\"http:\/\/atecordoba.org\/wp-content\/uploads\/2020\/05\/82170650_796710354073561_7916604013431226368_n-1-300x200.jpg\" alt=\"\" class=\"wp-image-16547\"\/><\/figure>\n\n\n\n<p>\u201cDejamos en claro que en esta nueva etapa de Fabricaciones Militares lxs trabajadorxs tenemos que ser protagonistas, porque resistimos al vaciamiento, por que resistimos a la entrega del patrimonio estatal, porque peleamos contra los despidos y los negociados con los sectores privados que impulsaba el Macrismo. Por lo tanto, en esta etapa, tenemos que ser parte de las decisiones sobre el futuro de las f\u00e1bricas.<\/p>\n\n\n\n<p>\u201cTambi\u00e9n les manifestamos nuestra necesidad de sostener un canal de comunicaci\u00f3n directo con la Secretar\u00eda entendiendo que las urgencias productivas y de seguridad e higiene deben ser atendidas de inmediato y no pueden estar sujetas al tiempo de la designaci\u00f3n del nuevo Directorio\u201d, concluye el comunicado firmado por Dami\u00e1n Albornoz, Secretario General de ATE R\u00edo Tercero.<\/p>\n","protected":false},"excerpt":{"rendered":"<p>\u201cEste mi\u00e9rcoles, el Secretario General de ATE y la CTA Aut\u00f3noma Regional R\u00edo Tercero, Dami\u00e1n Albornoz y el Secretario Administrativo del Consejo Directivo Provincial del Sindicato, Mat\u00edas \u00c1vila, luego del Plenario Nacional de Fabricaciones Militares que se llev\u00f3 a cabo en la Sede Central de ATE junto a representantes gremiales de las otras dependencias de [&hellip;]<\/p>\n","protected":false},"author":1,"featured_media":19220,"comment_status":"open","ping_status":"open","sticky":true,"template":"","format":"standard","meta":{"_exactmetrics_skip_tracking":false,"_exactmetrics_sitenote_active":false,"_exactmetrics_sitenote_note":"","_exactmetrics_sitenote_category":0,"jnews-multi-image_gallery":[],"jnews_single_post":[],"jnews_primary_category":[],"jnews_social_meta":[],"jnews_review":[],"enable_review":"","type":"","name":"","summary":"","brand":"","sku":"","good":[],"bad":[],"score_override":"","override_value":"","rating":[],"price":[],"jnews_override_counter":[],"jnews_post_split":[],"footnotes":""},"categories":[1],"tags":[],"class_list":["post-11981","post","type-post","status-publish","format-standard","has-post-thumbnail","hentry","category-sin-categoria"],"jetpack_featured_media_url":"https:\/\/atecordoba.org\/wp-content\/uploads\/2020\/05\/logo-nuevochico-e1561581322808.png","_links":{"self":[{"href":"https:\/\/atecordoba.org\/index.php?rest_route=\/wp\/v2\/posts\/11981","targetHints":{"allow":["GET"]}}],"collection":[{"href":"https:\/\/atecordoba.org\/index.php?rest_route=\/wp\/v2\/posts"}],"about":[{"href":"https:\/\/atecordoba.org\/index.php?rest_route=\/wp\/v2\/types\/post"}],"author":[{"embeddable":true,"href":"https:\/\/atecordoba.org\/index.php?rest_route=\/wp\/v2\/users\/1"}],"replies":[{"embeddable":true,"href":"https:\/\/atecordoba.org\/index.php?rest_route=%2Fwp%2Fv2%2Fcomments&post=11981"}],"version-history":[{"count":1,"href":"https:\/\/atecordoba.org\/index.php?rest_route=\/wp\/v2\/posts\/11981\/revisions"}],"predecessor-version":[{"id":18888,"href":"https:\/\/atecordoba.org\/index.php?rest_route=\/wp\/v2\/posts\/11981\/revisions\/18888"}],"wp:featuredmedia":[{"embeddable":true,"href":"https:\/\/atecordoba.org\/index.php?rest_route=\/wp\/v2\/media\/19220"}],"wp:attachment":[{"href":"https:\/\/atecordoba.org\/index.php?rest_route=%2Fwp%2Fv2%2Fmedia&parent=11981"}],"wp:term":[{"taxonomy":"category","embeddable":true,"href":"https:\/\/atecordoba.org\/index.php?rest_route=%2Fwp%2Fv2%2Fcategories&post=11981"},{"taxonomy":"post_tag","embeddable":true,"href":"https:\/\/atecordoba.org\/index.php?rest_route=%2Fwp%2Fv2%2Ftags&post=11981"}],"curies":[{"name":"wp","href":"https:\/\/api.w.org\/{rel}","templated":true}]}}