{"id":11972,"date":"2020-01-08T14:57:52","date_gmt":"2020-01-08T17:57:52","guid":{"rendered":"https:\/\/www.atecordoba.org\/?p=11972"},"modified":"2020-05-05T09:13:09","modified_gmt":"2020-05-05T12:13:09","slug":"eduardo-accastello-la-idea-es-reactivar-las-fabricas-militares","status":"publish","type":"post","link":"https:\/\/atecordoba.org\/?p=11972","title":{"rendered":"EDUARDO ACCASTELLO: \u201cLa idea es reactivar las f\u00e1bricas militares\u201d"},"content":{"rendered":"\n<h4 class=\"wp-block-heading\"> <strong>La propuesta es ampliar sus procesos productivos y que adem\u00e1s de fabricar para la defensa, produzcan para industrias complementarias, para evitar despidos y cierres<\/strong> <\/h4>\n\n\n\n<p>El ministro de Industria, Comercio y Miner\u00eda de la Provincia, Eduardo Accastello, se reunir\u00e1 con el ministro de Defensa de la Naci\u00f3n, Agust\u00edn Rossi, para tratar la reactivaci\u00f3n de las f\u00e1bricas militares.<\/p>\n\n\n\n<p>\u201cVoy a reunirme en unos d\u00edas con Agust\u00edn Rossi para avanzar en la idea de que los parques industriales complementen las f\u00e1bricas militares. En el caso de la F\u00e1brica de Aviones, el Gobierno provincial invirti\u00f3 150 millones de pesos para la nueva pista y complementar la pista existente de FADEA, con el fin de que puedan bajar los aviones que traigan los materiales y elementos tecnol\u00f3gicos que necesite la industria de aviones\u201d, explic\u00f3 Accastello ante El Diario.<\/p>\n\n\n\n<p>\u201cSi bien es una competencia nacional, queremos darle un fuerte impulso a lo que es la industria de aviones y rob\u00f3tica. Vamos a trabajar en forma conjunta con la propuesta que tenemos, para eso ya se reuni\u00f3 el secretario de Industria de la Provincia, Fernando Sibila, y en el pr\u00f3ximo encuentro profundizaremos esta idea\u201d, se\u00f1al\u00f3.<\/p>\n\n\n\n<p>\u201cLa intenci\u00f3n es que en la reactivaci\u00f3n est\u00e9n comprendidas todas las f\u00e1bricas militares, incluyendo la de Villa Mar\u00eda. La idea es potenciarlas para que las f\u00e1bricas no tengan que pasar por procesos de despidos o cierre, fortaleciendo las industrias complementarias que tienen que ver con producci\u00f3n para la defensa y con el polo de Fabricaciones Militares\u201d, indic\u00f3.<\/p>\n\n\n\n<p>\u201cPor ejemplo, la F\u00e1brica Militar de R\u00edo Tercero est\u00e1 en condiciones de producir elementos necesarios para Vaca Muerta, si adem\u00e1s de lo que est\u00e1 haciendo actualmente se pudiera avanzar en una estrategia nacional y provincial para fortalecerla vamos a lograr no solo que no retroceda, sino que se potencie por agregarle valor a lo que genera, lo mismo en el caso de la F\u00e1brica Militar de Villa Mar\u00eda\u201d, afirm\u00f3.<\/p>\n\n\n\n<p>\u201cHay una idea para reactivar las f\u00e1bricas militares, queremos que sean productivas, que fabriquen para la defensa, pero ampliar su desarrollo a nuevos procesos productivos complementarios a lo que generan\u201d, remarc\u00f3.<\/p>\n\n\n\n<p>\u201cHay una voluntad concreta del gobernador Juan Schiaretti de buscar distintas alternativas que est\u00e9n inscriptas dentro del marco de la nueva matriz productiva de C\u00f3rdoba\u201d, sostuvo Accastello.<\/p>\n\n\n\n<p><strong>Nueva matriz productiva<\/strong><\/p>\n\n\n\n<p>\u201cQueremos reformular la matriz productiva en base a lo que necesita C\u00f3rdoba para los pr\u00f3ximos 10 o 15 a\u00f1os, entonces en 2020 los ministerios de Industria, de Ciencia y T\u00e9cnica, de Agricultura, de Educaci\u00f3n, el Banco de C\u00f3rdoba y la Agencia Innovar escuchar\u00e1n a los actores productivos de toda la provincia para establecer la que debe ser una nueva matriz productiva. Hay que definir una estrategia, estudiar debilidades y fortalezas, uno de los desaf\u00edos es afrontar los problemas de subdesarrollo de nuestra estructura productiva, hay que cambiar los m\u00e9todos productivo, diversificar, crear valor agregado para generar empleo\u201d, precis\u00f3.<\/p>\n\n\n\n<p>\u201cPara el desarrollo de una nueva matriz productiva estamos convocando a todos los sectores, la din\u00e1mica tiene que ser fortalecer la creaci\u00f3n de empleo y potenciar los cl\u00fasteres industriales\u201d, insisti\u00f3.&nbsp;<\/p>\n\n\n\n<p><strong>Duplicar el desarrollo industrial<\/strong><\/p>\n\n\n\n<p>Seguidamente, Accastello habl\u00f3 de c\u00f3mo fueron sus primeros d\u00edas al frente del Ministerio de Industria.<\/p>\n\n\n\n<p>\u201cLa experiencia es importante, es algo innovador, agradezco la oportunidad que me dio el gobernador. Estuve trabajando con todas las c\u00e1maras industriales y comerciales de C\u00f3rdoba con temas que son dif\u00edciles y que es necesario resolver en la coyuntura, como el del sector automotriz, que est\u00e1 pasando por un momento complicado\u201d, cont\u00f3 Accastello.<\/p>\n\n\n\n<p>\u201cTambi\u00e9n le estamos planteando al Gobierno nacional algunos temas que para nosotros es importante que se puedan evaluar, como es el caso de la industria del man\u00ed, que es regional; de la l\u00e1ctea y del software, que a partir de la nueva ley tienen mayores eslabones que las ponen a circular. En la industria del man\u00ed hay un alto porcentaje de exportaci\u00f3n que es de C\u00f3rdoba, y el aumento de las retenciones no toma en cuenta que es una econom\u00eda regional que le da trabajo a mucha gente\u201d, apunt\u00f3.<\/p>\n\n\n\n<p>\u201cYa estoy en contacto con funcionarios del Ministerio de Producci\u00f3n para trabajar con esos tres t\u00f3picos con el fin de analizar c\u00f3mo los afecta la nueva reglamentaci\u00f3n y ver si se puede rectificar en caso de que haga falta\u201d, agreg\u00f3.&nbsp;<\/p>\n\n\n\n<figure class=\"wp-block-image size-large\"><img decoding=\"async\" src=\"http:\/\/atecordoba.org\/wp-content\/uploads\/2020\/05\/f800x450-15497_66943_15.jpg\" alt=\"\" class=\"wp-image-11974\"\/><\/figure>\n\n\n\n<p>\u201cTrabajamos para potenciar la recuperaci\u00f3n de las empresas con capacidad ociosa, empezar a mejorar los t\u00e9rminos de intercambio, buscamos cr\u00e9ditos a costos reducidos y trabajamos cerca de las Pymes. Queremos duplicar en 10 a\u00f1os el desarrollo industrial de la provincia y para eso tenemos como desaf\u00edo un cambio estructural en los m\u00e9todos productivos y en la diversificaci\u00f3n sectorial. Trabajamos en el valor agregado regional para generar puestos de trabajo, otro desaf\u00edo es industrializar la ruralidad\u201d, puntualiz\u00f3.<\/p>\n\n\n\n<p>\u201cVamos a trabajar con el ProC\u00f3rdoba para potenciar las exportaciones cordobesas, tenemos previstas 95 misiones comerciales al mundo y misiones inversas para este a\u00f1o. El principal objetivo es que la provincia y el pa\u00eds deben tener una estrategia de desarrollo productivo que permita innovar, complementar intersectorialmente y crear nuevas ramas productivas\u201d, concluy\u00f3.<\/p>\n\n\n\n<p><strong>El diario Cba<\/strong><\/p>\n","protected":false},"excerpt":{"rendered":"<p>La propuesta es ampliar sus procesos productivos y que adem\u00e1s de fabricar para la defensa, produzcan para industrias complementarias, para evitar despidos y cierres El ministro de Industria, Comercio y Miner\u00eda de la Provincia, Eduardo Accastello, se reunir\u00e1 con el ministro de Defensa de la Naci\u00f3n, Agust\u00edn Rossi, para tratar la reactivaci\u00f3n de las f\u00e1bricas [&hellip;]<\/p>\n","protected":false},"author":1,"featured_media":19220,"comment_status":"open","ping_status":"open","sticky":true,"template":"","format":"standard","meta":{"_exactmetrics_skip_tracking":false,"_exactmetrics_sitenote_active":false,"_exactmetrics_sitenote_note":"","_exactmetrics_sitenote_category":0,"jnews-multi-image_gallery":[],"jnews_single_post":[],"jnews_primary_category":[],"jnews_social_meta":[],"jnews_review":[],"enable_review":"","type":"","name":"","summary":"","brand":"","sku":"","good":[],"bad":[],"score_override":"","override_value":"","rating":[],"price":[],"jnews_override_counter":[],"jnews_post_split":[],"footnotes":""},"categories":[1],"tags":[],"class_list":["post-11972","post","type-post","status-publish","format-standard","has-post-thumbnail","hentry","category-sin-categoria"],"jetpack_featured_media_url":"https:\/\/atecordoba.org\/wp-content\/uploads\/2020\/05\/logo-nuevochico-e1561581322808.png","_links":{"self":[{"href":"https:\/\/atecordoba.org\/index.php?rest_route=\/wp\/v2\/posts\/11972","targetHints":{"allow":["GET"]}}],"collection":[{"href":"https:\/\/atecordoba.org\/index.php?rest_route=\/wp\/v2\/posts"}],"about":[{"href":"https:\/\/atecordoba.org\/index.php?rest_route=\/wp\/v2\/types\/post"}],"author":[{"embeddable":true,"href":"https:\/\/atecordoba.org\/index.php?rest_route=\/wp\/v2\/users\/1"}],"replies":[{"embeddable":true,"href":"https:\/\/atecordoba.org\/index.php?rest_route=%2Fwp%2Fv2%2Fcomments&post=11972"}],"version-history":[{"count":1,"href":"https:\/\/atecordoba.org\/index.php?rest_route=\/wp\/v2\/posts\/11972\/revisions"}],"predecessor-version":[{"id":18890,"href":"https:\/\/atecordoba.org\/index.php?rest_route=\/wp\/v2\/posts\/11972\/revisions\/18890"}],"wp:featuredmedia":[{"embeddable":true,"href":"https:\/\/atecordoba.org\/index.php?rest_route=\/wp\/v2\/media\/19220"}],"wp:attachment":[{"href":"https:\/\/atecordoba.org\/index.php?rest_route=%2Fwp%2Fv2%2Fmedia&parent=11972"}],"wp:term":[{"taxonomy":"category","embeddable":true,"href":"https:\/\/atecordoba.org\/index.php?rest_route=%2Fwp%2Fv2%2Fcategories&post=11972"},{"taxonomy":"post_tag","embeddable":true,"href":"https:\/\/atecordoba.org\/index.php?rest_route=%2Fwp%2Fv2%2Ftags&post=11972"}],"curies":[{"name":"wp","href":"https:\/\/api.w.org\/{rel}","templated":true}]}}