{"id":11960,"date":"2020-01-08T14:52:07","date_gmt":"2020-01-08T17:52:07","guid":{"rendered":"https:\/\/www.atecordoba.org\/?p=11960"},"modified":"2020-05-05T09:13:12","modified_gmt":"2020-05-05T12:13:12","slug":"municipales-de-jesus-maria-protestaran-por-despidos-durante-el-festival-de-doma-y-folklore","status":"publish","type":"post","link":"https:\/\/atecordoba.org\/?p=11960","title":{"rendered":"Municipales de Jes\u00fas Mar\u00eda protestar\u00e1n por despidos durante el Festival de Doma y Folklore"},"content":{"rendered":"\n<figure class=\"wp-block-image size-large\"><img decoding=\"async\" src=\"http:\/\/atecordoba.org\/wp-content\/uploads\/2020\/05\/Festival-Doma-y-FolcloreD-780x405-1.jpg\" alt=\"\" class=\"wp-image-11962\"\/><\/figure>\n\n\n\n<p>\u201cLa Asociaci\u00f3n Trabajadores del Estado (ATE-CTA) C\u00f3rdoba, informa a los compa\u00f1eros trabajadores en general y a la comunidad de Jes\u00fas Mar\u00eda, que por decisi\u00f3n de asamblea llevada a cabo el 3 de enero, se desarrollaran varias actividades en el marco del Festival de Doma y Folklore entre el 10 y el 19 de enero, que se llevar\u00e1 a cabo en dicha ciudad.<\/p>\n\n\n\n<p>\u201cAsimismo les llevamos la tranquilidad que las actividades no entorpeceran dicho encuentro social tradicional, sino que ser\u00e1 realizadas pac\u00edficamente, con el \u00fanico objetivo de hacer conocer la problem\u00e1tica local de los empleados municipales.<\/p>\n\n\n\n<p>\u201cUno de estos problemas son los despidos arbitrarios que est\u00e1 llevando a cabo el Ejecutivo Municipal, rescindiendo contratos de personas con m\u00e1s de 5 a\u00f1os de antig\u00fcedad y legajos limpios, siendo puestos de trabajo que siguen estando, y que la situaci\u00f3n legal tendr\u00e1 un costo econ\u00f3mico importante para el municipio por cada empleado despedido.<\/p>\n\n\n\n<p>\u201cLa Municipalidad tuvo un super\u00e1vit en el \u00faltimo a\u00f1o y solo otorg\u00f3 un m\u00edsero bono de $2500 para las y los trabajadores.<\/p>\n\n\n\n<p>\u201cHay compa\u00f1eros que han recibido amenazas de no renovaci\u00f3n de contrato por su elecci\u00f3n sindical, la que seg\u00fan la Constituci\u00f3n Nacional en su art\u00edculo 14 bis, y que bien lo dice en el Estatuto Municipal, uno es libre de elegir el gremio que lo represente y seg\u00fan la ley sindical 23551 y las resoluciones ministeriales 51, 255, 708 avalan a la Asociaci\u00f3n Trabajadores del Estado como representante sindical en el \u00e1mbito de las Municipalidades.<\/p>\n\n\n\n<p>\u201cLos compa\u00f1eros tienen un ambiente laboral hostil a ra\u00edz de estos acosos laborales, y el Ejecutivo hace crecer ese malestar con las modificaciones a los contratos vigentes sin fundamentos, manipulando as\u00ed el trabajo de los compa\u00f1eros como mero capricho.<\/p>\n\n\n\n<p>\u201cLos compa\u00f1eros trabajadores nucleados en ATE desean poder trabajar sin esa opresi\u00f3n y con la tranquilidad que puedan tener igual de oportunidades en la carrera municipal, que los concursos se cumplan, que los pase a planta permanente no sean por acomodo, tener la posibilidad del trabajo y el salario digno, que pueden ejercer sus derechos as\u00ed como cumplen con sus obligaciones (trabajadores sin apercibimiento o sanci\u00f3n en sus legajos).<\/p>\n\n\n\n<p>\u201cLas y los trabajadores de la Municipalidad son parte de la comunidad de Jes\u00fas Mar\u00eda, son vecinos, conocen su trabajo, lo hacen bien, lo hacen con la felicidad de saberse servidores p\u00fablicos de su comunidad. Pero en estos \u00faltimos tiempos est\u00e1n maltratados y buscaron en ATE las herramientas para la defensa de sus derechos\u201d, concluye el comunicado gremial.<\/p>\n\n\n\n<h5 class=\"wp-block-heading\"><strong>De la Rural al Municipio<\/strong><\/h5>\n\n\n\n<figure class=\"wp-block-image\"><img decoding=\"async\" src=\"http:\/\/atecordoba.org\/wp-content\/uploads\/2020\/05\/2077-300x186.jpg\" alt=\"\" class=\"wp-image-16430\"\/><\/figure>\n\n\n\n<p>El Intendente de Jes\u00fas Mar\u00eda, el radical Luis Picat, asumi\u00f3 su cargo el 13 de diciembre pasado durante un pomposo acto realizado en&nbsp;la Estancia Jesu\u00edtica de Jes\u00fas Mar\u00eda. A menos de un mes de haber asumido, ha cesanteado a una veintena de trabajadores y trabajadoras municipales, decisi\u00f3n que sido cuestionada por la Asociaci\u00f3n Trabajadores del Estado (ATE-CTA) C\u00f3rdoba.<\/p>\n\n\n\n<p>El conflicto no tan s\u00f3lo se manifiesta por la lucha gremial para reincorporar a los despedidos sino que, al igual que en otros municipios, est\u00e1 en juego la libertad y democracia sindical, en tanto y en cuanto el Sindicato de Trabajadores Municipales (SITRAM-CGT), apela a amenazas y otras maniobras patoteriles, t\u00edpicas de la burocracia, para amedrentar a los empleados que han optado por organizarse en ATE.<\/p>\n\n\n\n<p>En el Estado, a diferencia de lo que ocurre en distintos ramos de la actividad privada, rige la pluralidad sindical por lo que cada trabajador elige la organizaci\u00f3n sindical que mejor represente sus intereses, como ocurre en Jes\u00fas Mar\u00eda donde un importante n\u00famero de compa\u00f1eros ha decidido participar del quehacer cotidiano de ATE en el \u00e1mbito de la Municipalidad, cuyo Departamento Ejecutivo encabeza Picat, ex Presidente de la Sociedad Rural y due\u00f1o de un frigor\u00edfico de cerdos.<\/p>\n\n\n\n<p><strong>AGENCIA DE NOTICIAS CTAA C\u00d3RDOBA<\/strong><\/p>\n","protected":false},"excerpt":{"rendered":"<p>\u201cLa Asociaci\u00f3n Trabajadores del Estado (ATE-CTA) C\u00f3rdoba, informa a los compa\u00f1eros trabajadores en general y a la comunidad de Jes\u00fas Mar\u00eda, que por decisi\u00f3n de asamblea llevada a cabo el 3 de enero, se desarrollaran varias actividades en el marco del Festival de Doma y Folklore entre el 10 y el 19 de enero, que [&hellip;]<\/p>\n","protected":false},"author":1,"featured_media":19220,"comment_status":"open","ping_status":"open","sticky":true,"template":"","format":"standard","meta":{"_exactmetrics_skip_tracking":false,"_exactmetrics_sitenote_active":false,"_exactmetrics_sitenote_note":"","_exactmetrics_sitenote_category":0,"jnews-multi-image_gallery":[],"jnews_single_post":[],"jnews_primary_category":[],"jnews_social_meta":[],"jnews_review":[],"enable_review":"","type":"","name":"","summary":"","brand":"","sku":"","good":[],"bad":[],"score_override":"","override_value":"","rating":[],"price":[],"jnews_override_counter":[],"jnews_post_split":[],"footnotes":""},"categories":[1],"tags":[],"class_list":["post-11960","post","type-post","status-publish","format-standard","has-post-thumbnail","hentry","category-sin-categoria"],"jetpack_featured_media_url":"https:\/\/atecordoba.org\/wp-content\/uploads\/2020\/05\/logo-nuevochico-e1561581322808.png","_links":{"self":[{"href":"https:\/\/atecordoba.org\/index.php?rest_route=\/wp\/v2\/posts\/11960","targetHints":{"allow":["GET"]}}],"collection":[{"href":"https:\/\/atecordoba.org\/index.php?rest_route=\/wp\/v2\/posts"}],"about":[{"href":"https:\/\/atecordoba.org\/index.php?rest_route=\/wp\/v2\/types\/post"}],"author":[{"embeddable":true,"href":"https:\/\/atecordoba.org\/index.php?rest_route=\/wp\/v2\/users\/1"}],"replies":[{"embeddable":true,"href":"https:\/\/atecordoba.org\/index.php?rest_route=%2Fwp%2Fv2%2Fcomments&post=11960"}],"version-history":[{"count":1,"href":"https:\/\/atecordoba.org\/index.php?rest_route=\/wp\/v2\/posts\/11960\/revisions"}],"predecessor-version":[{"id":18895,"href":"https:\/\/atecordoba.org\/index.php?rest_route=\/wp\/v2\/posts\/11960\/revisions\/18895"}],"wp:featuredmedia":[{"embeddable":true,"href":"https:\/\/atecordoba.org\/index.php?rest_route=\/wp\/v2\/media\/19220"}],"wp:attachment":[{"href":"https:\/\/atecordoba.org\/index.php?rest_route=%2Fwp%2Fv2%2Fmedia&parent=11960"}],"wp:term":[{"taxonomy":"category","embeddable":true,"href":"https:\/\/atecordoba.org\/index.php?rest_route=%2Fwp%2Fv2%2Fcategories&post=11960"},{"taxonomy":"post_tag","embeddable":true,"href":"https:\/\/atecordoba.org\/index.php?rest_route=%2Fwp%2Fv2%2Ftags&post=11960"}],"curies":[{"name":"wp","href":"https:\/\/api.w.org\/{rel}","templated":true}]}}