{"id":11945,"date":"2020-01-03T09:13:25","date_gmt":"2020-01-03T12:13:25","guid":{"rendered":"https:\/\/www.atecordoba.org\/?p=11945"},"modified":"2020-05-05T09:15:55","modified_gmt":"2020-05-05T12:15:55","slug":"verano-en-el-complejo-recreativo-de-ate-rio-tercero","status":"publish","type":"post","link":"https:\/\/atecordoba.org\/?p=11945","title":{"rendered":"Verano en el complejo recreativo de ATE R\u00edo Tercero"},"content":{"rendered":"\n<p> Con mucho esfuerzo y sacrificio, la seccional de ATE R\u00edo Tercero dio inicio a la temporada de verano 2020 en su predio recreativo, espacio para disfrutar en familia. <\/p>\n\n\n\n<figure class=\"wp-block-image size-large\"><img decoding=\"async\" src=\"http:\/\/atecordoba.org\/wp-content\/uploads\/2020\/05\/81386505_563302801178382_7348586612780957696_n-1.jpg\" alt=\"\" class=\"wp-image-11946\"\/><figcaption>Ver\u00f3nica Pramparo secretaria adjunta ATE R\u00edo Tercero, Federico Giuliani secretario general ATE CDP, Dami\u00e1n Albornoz secretario general ATE R\u00edo Tercero<\/figcaption><\/figure>\n\n\n\n<p>El pasado dos de enero se inaugur\u00f3 la temporada 2020 en el complejo recreativo de ATE R\u00edo Tercero. El secretario general del CDP de ATE C\u00f3rdoba, Federico Giuliani, acompa\u00f1\u00f3 la jornada en la que se comparti\u00f3 alegr\u00eda, aire fresco, un picadito y choripaneada junto a Dami\u00e1n Albornoz secretario general de la seccional R\u00edo Tercero de ATE, Ver\u00f3nica Pramparo secretaria adjunta y todas las compa\u00f1eras y compa\u00f1eros que mantienen este sitio de encuentro, ubicado a unos tres kil\u00f3metros del centro de la localidad de R\u00edo Tercero, se pudo acondicionar para ser abierto para todas las familias de las y los estatales, no s\u00f3lo de la seccional sino de toda la provincia.<\/p>\n\n\n\n<figure class=\"wp-block-image size-large\"><img decoding=\"async\" src=\"http:\/\/atecordoba.org\/wp-content\/uploads\/2020\/05\/80995574_1299825253538012_6551117812771848192_n-1.jpg\" alt=\"\" class=\"wp-image-11948\"\/><\/figure>\n\n\n\n<p>Con canchas de f\u00fatbol, pileta, asadores, quincho, en Barrio Parque Monte Grande  se puede pasar un hermoso d\u00eda en familia y con compa\u00f1eras y compa\u00f1eros que a diario compartimos la lucha y la defensa de los derechos de la clase trabajadora. Es en este verde sitio buscamos el encuentro y el compartir entre quienes hacen grande a la ATE.<\/p>\n\n\n\n<p>Con cantina inclu\u00edda, sitio para acampar pod\u00e9s acercarte a pasar un verano inolvidable en un lugar sostenido y gestionado por las y los trabajadores. <\/p>\n\n\n\n<figure class=\"wp-block-image size-large\"><img decoding=\"async\" src=\"http:\/\/atecordoba.org\/wp-content\/uploads\/2020\/05\/81590489_574300920016855_6549550055219527680_n-1.jpg\" alt=\"\" class=\"wp-image-11947\"\/><\/figure>\n\n\n\n<p>Los costos son:<\/p>\n\n\n\n<p>* Revisi\u00f3n m\u00e9dica mensual $100<\/p>\n\n\n\n<p>*Entrada mayores $80<\/p>\n\n\n\n<p>*Entrada menores $50<\/p>\n\n\n\n<p>*Grupo familiar: enero $2000, febrero $2000, toda la temporada $3500.<\/p>\n","protected":false},"excerpt":{"rendered":"<p>Con mucho esfuerzo y sacrificio, la seccional de ATE R\u00edo Tercero dio inicio a la temporada de verano 2020 en su predio recreativo, espacio para disfrutar en familia. El pasado dos de enero se inaugur\u00f3 la temporada 2020 en el complejo recreativo de ATE R\u00edo Tercero. El secretario general del CDP de ATE C\u00f3rdoba, Federico [&hellip;]<\/p>\n","protected":false},"author":1,"featured_media":19220,"comment_status":"open","ping_status":"open","sticky":false,"template":"","format":"standard","meta":{"_exactmetrics_skip_tracking":false,"_exactmetrics_sitenote_active":false,"_exactmetrics_sitenote_note":"","_exactmetrics_sitenote_category":0,"jnews-multi-image_gallery":[],"jnews_single_post":[],"jnews_primary_category":[],"jnews_social_meta":[],"jnews_review":[],"enable_review":"","type":"","name":"","summary":"","brand":"","sku":"","good":[],"bad":[],"score_override":"","override_value":"","rating":[],"price":[],"jnews_override_counter":[],"jnews_post_split":[],"footnotes":""},"categories":[1],"tags":[],"class_list":["post-11945","post","type-post","status-publish","format-standard","has-post-thumbnail","hentry","category-sin-categoria"],"jetpack_featured_media_url":"https:\/\/atecordoba.org\/wp-content\/uploads\/2020\/05\/logo-nuevochico-e1561581322808.png","_links":{"self":[{"href":"https:\/\/atecordoba.org\/index.php?rest_route=\/wp\/v2\/posts\/11945","targetHints":{"allow":["GET"]}}],"collection":[{"href":"https:\/\/atecordoba.org\/index.php?rest_route=\/wp\/v2\/posts"}],"about":[{"href":"https:\/\/atecordoba.org\/index.php?rest_route=\/wp\/v2\/types\/post"}],"author":[{"embeddable":true,"href":"https:\/\/atecordoba.org\/index.php?rest_route=\/wp\/v2\/users\/1"}],"replies":[{"embeddable":true,"href":"https:\/\/atecordoba.org\/index.php?rest_route=%2Fwp%2Fv2%2Fcomments&post=11945"}],"version-history":[{"count":1,"href":"https:\/\/atecordoba.org\/index.php?rest_route=\/wp\/v2\/posts\/11945\/revisions"}],"predecessor-version":[{"id":18901,"href":"https:\/\/atecordoba.org\/index.php?rest_route=\/wp\/v2\/posts\/11945\/revisions\/18901"}],"wp:featuredmedia":[{"embeddable":true,"href":"https:\/\/atecordoba.org\/index.php?rest_route=\/wp\/v2\/media\/19220"}],"wp:attachment":[{"href":"https:\/\/atecordoba.org\/index.php?rest_route=%2Fwp%2Fv2%2Fmedia&parent=11945"}],"wp:term":[{"taxonomy":"category","embeddable":true,"href":"https:\/\/atecordoba.org\/index.php?rest_route=%2Fwp%2Fv2%2Fcategories&post=11945"},{"taxonomy":"post_tag","embeddable":true,"href":"https:\/\/atecordoba.org\/index.php?rest_route=%2Fwp%2Fv2%2Ftags&post=11945"}],"curies":[{"name":"wp","href":"https:\/\/api.w.org\/{rel}","templated":true}]}}