{"id":11942,"date":"2020-01-03T08:21:39","date_gmt":"2020-01-03T11:21:39","guid":{"rendered":"https:\/\/www.atecordoba.org\/?p=11942"},"modified":"2020-05-05T09:15:59","modified_gmt":"2020-05-05T12:15:59","slug":"audiencia-de-ate-con-el-nuevo-intendente-de-achiras","status":"publish","type":"post","link":"https:\/\/atecordoba.org\/?p=11942","title":{"rendered":"Audiencia de ATE con el nuevo Intendente de Achiras"},"content":{"rendered":"\n<p><em>La Asociaci\u00f3n Trabajadores del Estado (ATE-CTA) Seccional R\u00edo  Cuarto mantuvo este jueves la primera audiencia con el nuevo Intendente  de la localidad serrana de Achiras, Jos\u00e9 Mar\u00eda Guti\u00e9rrez, quien asumi\u00f3  su cargo el 12 de diciembre pasado. Los dirigentes sindicales  calificaron la reuni\u00f3n como \u201cpositiva\u201d.<\/em><\/p>\n\n\n\n<figure class=\"wp-block-image size-large\"><img decoding=\"async\" src=\"http:\/\/atecordoba.org\/wp-content\/uploads\/2020\/05\/80868098_809178192877889_1203665259013865472_n-1.jpg\" alt=\"\" class=\"wp-image-11943\"\/><\/figure>\n\n\n\n<p>\u201cHicimos una presentaci\u00f3n institucional y despu\u00e9s nos referimos a \ncuatro puntos centrales para los trabajadores y trabajadoras del \nMunicipio\u201d, dijo Rafaela Alcoba, Secretaria General de ATE R\u00edo Cuarto.<\/p>\n\n\n\n<p>\u201cEl primero es reabrir la discusi\u00f3n por el pago de $ 1.000 pesos que \nquedaron pendientes en 2019 por un Bono de Fin de A\u00f1o &nbsp;de 5.000 pesos, \ndel que s\u00f3lo se abonaron 4.000. La suma adeudada se estar\u00e1 pagando \ndurante el mes de enero\u201d, asegur\u00f3.<\/p>\n\n\n\n<p>Alcoba agreg\u00f3 que \u201csolicitamos reabrir la Paritaria para tratar la \nrecomposici\u00f3n salarial por las diferencias que hubo entre el cierre de \nlos acuerdos paritarias y la inflaci\u00f3n del a\u00f1o que acaba de terminar. En\n ese marco acordamos que luego del 20 de enero, cuando se paga lo que \nresta del Bono, nos vamos a sentar a conversar para fijar un porcentaje y\n en marzo reabrir la Paritaria del 2020\u201d.<\/p>\n\n\n\n<p>Rafaela Alcoba estuvo acompa\u00f1ada por Mauricio Maccio y Rodrigo Olgu\u00edn, Secretario de  Finanzas y Prosecretario Gremial de ATE R\u00edo Cuarto, respectivamente, y  por los Delegados Municipales Natalia Garay y Antonio Carrizo, inform\u00f3  que \u201ctambi\u00e9n se plante\u00f3 el sistema de funcionamiento del Cuerpo de  Delegados del &nbsp;Municipio de Achiras y la necesidad de reveer y analizar  \u2013para lo cual ATE se comprometi\u00f3 a llevar una propuesta- sobre el  Escalaf\u00f3n de los trabajadores &nbsp;municipales\u201d.<\/p>\n\n\n\n<p>\u201cEn 2017 se logr\u00f3 modificar con acuerdo de partes entre el \nDepartamento Ejecutivo y el Sindicato el Estatuto del Trabajador \n&nbsp;Municipal pero qued\u00f3 pendiente el Escalaf\u00f3n.&nbsp; Vamos a estar realizando \nuna propuesta para ese punto, como as\u00ed tambi\u00e9n en febrero, antes de las \naudiencias paritarias de marzo, vamos a llevar tambi\u00e9n una propuesta de \nincremento salarial\u201d, finaliz\u00f3 Alcoba.<\/p>\n","protected":false},"excerpt":{"rendered":"<p>La Asociaci\u00f3n Trabajadores del Estado (ATE-CTA) Seccional R\u00edo Cuarto mantuvo este jueves la primera audiencia con el nuevo Intendente de la localidad serrana de Achiras, Jos\u00e9 Mar\u00eda Guti\u00e9rrez, quien asumi\u00f3 su cargo el 12 de diciembre pasado. Los dirigentes sindicales calificaron la reuni\u00f3n como \u201cpositiva\u201d. \u201cHicimos una presentaci\u00f3n institucional y despu\u00e9s nos referimos a cuatro [&hellip;]<\/p>\n","protected":false},"author":1,"featured_media":19220,"comment_status":"open","ping_status":"open","sticky":false,"template":"","format":"standard","meta":{"_exactmetrics_skip_tracking":false,"_exactmetrics_sitenote_active":false,"_exactmetrics_sitenote_note":"","_exactmetrics_sitenote_category":0,"jnews-multi-image_gallery":[],"jnews_single_post":[],"jnews_primary_category":[],"jnews_social_meta":[],"jnews_review":[],"enable_review":"","type":"","name":"","summary":"","brand":"","sku":"","good":[],"bad":[],"score_override":"","override_value":"","rating":[],"price":[],"jnews_override_counter":[],"jnews_post_split":[],"footnotes":""},"categories":[1],"tags":[],"class_list":["post-11942","post","type-post","status-publish","format-standard","has-post-thumbnail","hentry","category-sin-categoria"],"jetpack_featured_media_url":"https:\/\/atecordoba.org\/wp-content\/uploads\/2020\/05\/logo-nuevochico-e1561581322808.png","_links":{"self":[{"href":"https:\/\/atecordoba.org\/index.php?rest_route=\/wp\/v2\/posts\/11942","targetHints":{"allow":["GET"]}}],"collection":[{"href":"https:\/\/atecordoba.org\/index.php?rest_route=\/wp\/v2\/posts"}],"about":[{"href":"https:\/\/atecordoba.org\/index.php?rest_route=\/wp\/v2\/types\/post"}],"author":[{"embeddable":true,"href":"https:\/\/atecordoba.org\/index.php?rest_route=\/wp\/v2\/users\/1"}],"replies":[{"embeddable":true,"href":"https:\/\/atecordoba.org\/index.php?rest_route=%2Fwp%2Fv2%2Fcomments&post=11942"}],"version-history":[{"count":1,"href":"https:\/\/atecordoba.org\/index.php?rest_route=\/wp\/v2\/posts\/11942\/revisions"}],"predecessor-version":[{"id":18903,"href":"https:\/\/atecordoba.org\/index.php?rest_route=\/wp\/v2\/posts\/11942\/revisions\/18903"}],"wp:featuredmedia":[{"embeddable":true,"href":"https:\/\/atecordoba.org\/index.php?rest_route=\/wp\/v2\/media\/19220"}],"wp:attachment":[{"href":"https:\/\/atecordoba.org\/index.php?rest_route=%2Fwp%2Fv2%2Fmedia&parent=11942"}],"wp:term":[{"taxonomy":"category","embeddable":true,"href":"https:\/\/atecordoba.org\/index.php?rest_route=%2Fwp%2Fv2%2Fcategories&post=11942"},{"taxonomy":"post_tag","embeddable":true,"href":"https:\/\/atecordoba.org\/index.php?rest_route=%2Fwp%2Fv2%2Ftags&post=11942"}],"curies":[{"name":"wp","href":"https:\/\/api.w.org\/{rel}","templated":true}]}}