{"id":11938,"date":"2020-01-02T13:02:36","date_gmt":"2020-01-02T16:02:36","guid":{"rendered":"https:\/\/www.atecordoba.org\/?p=11938"},"modified":"2020-05-05T09:16:00","modified_gmt":"2020-05-05T12:16:00","slug":"la-municipalidad-de-sampacho-mejoro-la-oferta-pero-ate-seguira-su-reclamo","status":"publish","type":"post","link":"https:\/\/atecordoba.org\/?p=11938","title":{"rendered":"La Municipalidad de Sampacho mejor\u00f3 la oferta pero ATE seguir\u00e1 su reclamo"},"content":{"rendered":"\n<p><em>Se decidi\u00f3 levantar el paro pero el gremio seguir\u00e1 luchando para  reincorporar a la totalidad de los trabajadores.\u00a0\u201cLogramos recuperar 15  trabajadores porque en un principio eran 35 los empleados que iban a  quedar sin su fuente laboral al no ser renovados sus contratos\u201d,\u00a0 dijo  Rafaela Alcoba, Secretaria General de la Asociaci\u00f3n Trabajadores del  Estado (ATE-CTA) Seccional R\u00edo Cuarto.<\/em><\/p>\n\n\n\n<figure class=\"wp-block-image size-large\"><img decoding=\"async\" src=\"http:\/\/atecordoba.org\/wp-content\/uploads\/2020\/05\/80868098_809178192877889_1203665259013865472_n.jpg\" alt=\"\" class=\"wp-image-11939\"\/><\/figure>\n\n\n\n<p>El 30 de diciembre, tras una audiencia de m\u00e1s de dos horas de  duraci\u00f3n, el Intendente Flavio Ju\u00e1rez acord\u00f3 con\u00a0 ATE renovar el  contrato que venc\u00eda el martes para 15 trabajadores, por lo que otros 20  no continuar\u00e1n en la Municipalidad.<\/p>\n\n\n\n<p>\u201cNosotros seguiremos con nuestras gestiones para que reintegren a \ntodos los trabajadores que quedaron afuera. Muchos de los trabajadores \nque no seguir\u00e1n tienen m\u00e1s de cinco a\u00f1os de antig\u00fcedad\u201d, sostuvo Alcoba \ny&nbsp;se\u00f1al\u00f3 que ante el nuevo ofrecimiento se decidi\u00f3 levantar el paro, \npero el gremio seguir\u00e1 luchando para la reincorporaci\u00f3n de los \ntrabajadores.<\/p>\n\n\n\n<p>Los empleados fueron llamados a la Municipalidad para conocer su  situaci\u00f3n laboral despu\u00e9s de que se conociera el resultado de la reuni\u00f3n  entre el intendente Ju\u00e1rez y los representantes de ATE y fuera aprobado  por los trabajadores municipales en asamblea.<\/p>\n\n\n\n<p>Cristian Blas\u00f3n le dijo a FM IDENTIDAD que se levant\u00f3 el paro a las 9  horas del lunes 30 de diciembre y cada trabajador conoci\u00f3 su situaci\u00f3n  laboral en una reuni\u00f3n privada que mantuvo con el Intendente Ju\u00e1rez. Un total de 20 dejaron sus puestos mientras que el resto continuar\u00e1 hasta marzo cuando vuelvan a vencer los contratos.<\/p>\n\n\n\n<figure class=\"wp-block-image size-large\"><img decoding=\"async\" src=\"http:\/\/atecordoba.org\/wp-content\/uploads\/2020\/05\/80895358_10157835269564805_7379001080090198016_n.jpg\" alt=\"\" class=\"wp-image-11940\"\/><\/figure>\n\n\n\n<p>En cuanto a los trabajadores que \nquedaron sin trabajo, 10 afiliados a ATE y 10 no, \u201cse les brindar\u00e1 \nasesoramiento por parte de los abogados del gremio\u201d, dijo Blas\u00f3n.<\/p>\n\n\n\n<h3 class=\"wp-block-heading\">Carta de concejales al Intendente<\/h3>\n\n\n\n<figure class=\"wp-block-image\"><img decoding=\"async\" src=\"http:\/\/atecordoba.org\/wp-content\/uploads\/2020\/05\/80837102_2615835218494280_8673090149602557952_o-300x142.jpg\" alt=\"\" class=\"wp-image-16240\"\/><\/figure>\n\n\n\n<p>Los concejales Yanina Sona y Horacio Vega de Hacemos por C\u00f3rdoba se \nreunieron con los trabajadores en el Corral\u00f3n Municipal. Lo que hicieron\n fue explicarles su situaci\u00f3n de minor\u00eda en el cuerpo legislativo y \nescucharlos.<br>\nSona lament\u00f3 la decisi\u00f3n del Ejecutivo.<\/p>\n\n\n\n<p>\u201cNuestro bloque hubiese querido que \ncontinuaran todos los trabajadores porque cuando se sancion\u00f3 la \nemergencia hicimos hincapi\u00e9 en que se protegiera a los trabajadores. La \njustificaci\u00f3n de esto es la falta de dinero pero la gente se qued\u00f3 sin \nsu puesto de trabajo. Lamentablemente, esto es un ciclo y ma\u00f1ana los \ntendremos en Acci\u00f3n Social pidiendo porque no hay una fuente laboral\u201d.<br>\n<\/p>\n\n\n\n<p>La edil Yanina Sona espera que se \npida una auditor\u00eda contable y en la carta enviada al Ejecutivo le \nproponen, entre otras cosas, que se reduzca el 30% el sueldo de la \nplanta pol\u00edtica, congelar todos los ingresos de planta pol\u00edtica, \nsuspensi\u00f3n de vi\u00e1ticos a la planta pol\u00edtica, suspensi\u00f3n de horas extras,\n etc. <\/p>\n\n\n\n<p>\u201cLo correcto es hacer un esfuerzo \nmancomunado para que los trabajadores no paguen los platos rotos por un \nendeudamiento de la gesti\u00f3n anterior\u201d.&nbsp;Al finalizar, adelant\u00f3 que los \nediles se reunir\u00e1n en sesi\u00f3n extraordinaria el d\u00eda 3 de enero.<\/p>\n\n\n\n<p><strong>Fuente: FM Identidad Sampacho; www.lv16.com.ar<\/strong>, <strong>www.ctaacordoba.org. <\/strong><\/p>\n","protected":false},"excerpt":{"rendered":"<p>Se decidi\u00f3 levantar el paro pero el gremio seguir\u00e1 luchando para reincorporar a la totalidad de los trabajadores.\u00a0\u201cLogramos recuperar 15 trabajadores porque en un principio eran 35 los empleados que iban a quedar sin su fuente laboral al no ser renovados sus contratos\u201d,\u00a0 dijo Rafaela Alcoba, Secretaria General de la Asociaci\u00f3n Trabajadores del Estado (ATE-CTA) [&hellip;]<\/p>\n","protected":false},"author":1,"featured_media":19220,"comment_status":"open","ping_status":"open","sticky":false,"template":"","format":"standard","meta":{"_exactmetrics_skip_tracking":false,"_exactmetrics_sitenote_active":false,"_exactmetrics_sitenote_note":"","_exactmetrics_sitenote_category":0,"jnews-multi-image_gallery":[],"jnews_single_post":[],"jnews_primary_category":[],"jnews_social_meta":[],"jnews_review":[],"enable_review":"","type":"","name":"","summary":"","brand":"","sku":"","good":[],"bad":[],"score_override":"","override_value":"","rating":[],"price":[],"jnews_override_counter":[],"jnews_post_split":[],"footnotes":""},"categories":[1],"tags":[],"class_list":["post-11938","post","type-post","status-publish","format-standard","has-post-thumbnail","hentry","category-sin-categoria"],"jetpack_featured_media_url":"https:\/\/atecordoba.org\/wp-content\/uploads\/2020\/05\/logo-nuevochico-e1561581322808.png","_links":{"self":[{"href":"https:\/\/atecordoba.org\/index.php?rest_route=\/wp\/v2\/posts\/11938","targetHints":{"allow":["GET"]}}],"collection":[{"href":"https:\/\/atecordoba.org\/index.php?rest_route=\/wp\/v2\/posts"}],"about":[{"href":"https:\/\/atecordoba.org\/index.php?rest_route=\/wp\/v2\/types\/post"}],"author":[{"embeddable":true,"href":"https:\/\/atecordoba.org\/index.php?rest_route=\/wp\/v2\/users\/1"}],"replies":[{"embeddable":true,"href":"https:\/\/atecordoba.org\/index.php?rest_route=%2Fwp%2Fv2%2Fcomments&post=11938"}],"version-history":[{"count":1,"href":"https:\/\/atecordoba.org\/index.php?rest_route=\/wp\/v2\/posts\/11938\/revisions"}],"predecessor-version":[{"id":18907,"href":"https:\/\/atecordoba.org\/index.php?rest_route=\/wp\/v2\/posts\/11938\/revisions\/18907"}],"wp:featuredmedia":[{"embeddable":true,"href":"https:\/\/atecordoba.org\/index.php?rest_route=\/wp\/v2\/media\/19220"}],"wp:attachment":[{"href":"https:\/\/atecordoba.org\/index.php?rest_route=%2Fwp%2Fv2%2Fmedia&parent=11938"}],"wp:term":[{"taxonomy":"category","embeddable":true,"href":"https:\/\/atecordoba.org\/index.php?rest_route=%2Fwp%2Fv2%2Fcategories&post=11938"},{"taxonomy":"post_tag","embeddable":true,"href":"https:\/\/atecordoba.org\/index.php?rest_route=%2Fwp%2Fv2%2Ftags&post=11938"}],"curies":[{"name":"wp","href":"https:\/\/api.w.org\/{rel}","templated":true}]}}