{"id":11933,"date":"2020-01-02T12:24:22","date_gmt":"2020-01-02T15:24:22","guid":{"rendered":"https:\/\/www.atecordoba.org\/?p=11933"},"modified":"2020-05-05T09:16:05","modified_gmt":"2020-05-05T12:16:05","slug":"por-amenazas-se-suspende-asamblea-en-jesus-maria","status":"publish","type":"post","link":"https:\/\/atecordoba.org\/?p=11933","title":{"rendered":"Por amenazas se suspende asamblea en Jes\u00fas Mar\u00eda"},"content":{"rendered":"\n<p>Lisette Acosta del CDP de ATE manifest\u00f3 que: &#8220;no nos reuniremos  con el intendente de Jes\u00fas Mar\u00eda, Luis Picat, si no hay reincorporaci\u00f3n inmediata de las y los despedidos&#8221;.<\/p>\n\n\n\n<figure class=\"wp-block-image size-large\"><img decoding=\"async\" src=\"http:\/\/atecordoba.org\/wp-content\/uploads\/2020\/05\/80995574_1299825253538012_6551117812771848192_n-1024x576.jpg\" alt=\"\" class=\"wp-image-11934\"\/><figcaption>Lisette Acosta con medios de Jes\u00fas Mar\u00eda<\/figcaption><\/figure>\n\n\n\n<p>Ante medios locales, Lisette Acosta del CDP de ATE manifest\u00f3 que la asamblea prevista para este 2 de enero se suspendi\u00f3 por definici\u00f3n de la conducci\u00f3n de nuestra entidad sindical para resguardar a las y los trabajadores. Esto, no quita que se accione un plan de lucha para lograr la reincorporaci\u00f3n de seis despedidos y despedidas, entre ellas la delegada normalizadora Viviana Ni\u00f1o. <\/p>\n\n\n\n<p>Acosta fue amenazada telef\u00f3nicamente y expres\u00f3 que: &#8220;el Consejo Directivo Provincial de ATE definir\u00e1 en breve los pasos a seguir para lograr la reincorporaci\u00f3n de quienes fueron despedidos y despedidas, y seguramente realizaremos manifestaciones en el marco del Festival de Doma y Folklore, porque si tocan a unx nos tocan a todxs&#8221;.<\/p>\n\n\n\n<p>Se iniciar\u00e1n acciones legales ante estos despidos arbitrarios y sin causa, trabajadoras y trabajadores con un m\u00ednimo de antig\u00fcedad de ocho a\u00f1os que cumpl\u00edan funciones en \u00e1reas que garantizan derechos a la comunidad de Jes\u00fas Mar\u00eda. <\/p>\n\n\n\n<p><strong>Parte de prensa<\/strong><\/p>\n\n\n\n<p>Informamos a las y los compa\u00f1eros afiliados, trabajadores en general y a la comunidad de Jes\u00fas Mar\u00eda, que a ra\u00edz de las amenazas recibidas y habiendo realizado la exposici\u00f3n policial correspondiente; <strong>ATE decide suspender la asamblea convocada para el d\u00eda de la fecha<\/strong>.<br>Comunicamos tambi\u00e9n que <strong>repudiamos<\/strong> las amenazas emanadas por lseudos dirigentes del SITRAM, as\u00ed como tambi\u00e9n las amenazas an\u00f3nimas y las confrontaciones f\u00edsicas sufridas por nuestras delegadas y delegados, y afiliados\/as  a esta entidad gremial; como los llamados tel\u00e9fonicos an\u00f3nimos a miembros del Consejo Directivo Provincial de ATE con una posible revuelta y paleamiento en la plaza de Jes\u00fas Mar\u00eda.<br>Asimismo hacemos <strong>responsable al ejecutivo local<\/strong> de las amenazas de despidos y de apa\u00f1ar el amedrentamiento del SITRAM contra nuestros afiliados y afiliadas.<br><strong>ATE ES UN SINDICATO CON 95 A\u00d1OS EN DEFENSA DE LOS DERECHOS LABORALES Y SOCIALES  Y <em>NO ESTAMOS DISPUESTOS A ENFRENTAR TRABAJADORES CONTRA TRABAJADORES, NI EXPONER A LOS COMPA\u00d1EROS<\/em><\/strong>.<\/p>\n\n\n\n<figure class=\"wp-block-image size-large\"><img decoding=\"async\" src=\"http:\/\/atecordoba.org\/wp-content\/uploads\/2020\/05\/81590489_574300920016855_6549550055219527680_n.jpg\" alt=\"\" class=\"wp-image-11935\"\/><\/figure>\n\n\n\n<p>ATE NO SE VENDE<br>ATE NO TRAICIONA<br>ATE SIEMPRE EST\u00c1.\n\n<\/p>\n","protected":false},"excerpt":{"rendered":"<p>Lisette Acosta del CDP de ATE manifest\u00f3 que: &#8220;no nos reuniremos con el intendente de Jes\u00fas Mar\u00eda, Luis Picat, si no hay reincorporaci\u00f3n inmediata de las y los despedidos&#8221;. Ante medios locales, Lisette Acosta del CDP de ATE manifest\u00f3 que la asamblea prevista para este 2 de enero se suspendi\u00f3 por definici\u00f3n de la conducci\u00f3n [&hellip;]<\/p>\n","protected":false},"author":1,"featured_media":19220,"comment_status":"open","ping_status":"open","sticky":false,"template":"","format":"standard","meta":{"_exactmetrics_skip_tracking":false,"_exactmetrics_sitenote_active":false,"_exactmetrics_sitenote_note":"","_exactmetrics_sitenote_category":0,"jnews-multi-image_gallery":[],"jnews_single_post":[],"jnews_primary_category":[],"jnews_social_meta":[],"jnews_review":[],"enable_review":"","type":"","name":"","summary":"","brand":"","sku":"","good":[],"bad":[],"score_override":"","override_value":"","rating":[],"price":[],"jnews_override_counter":[],"jnews_post_split":[],"footnotes":""},"categories":[1],"tags":[],"class_list":["post-11933","post","type-post","status-publish","format-standard","has-post-thumbnail","hentry","category-sin-categoria"],"jetpack_featured_media_url":"https:\/\/atecordoba.org\/wp-content\/uploads\/2020\/05\/logo-nuevochico-e1561581322808.png","_links":{"self":[{"href":"https:\/\/atecordoba.org\/index.php?rest_route=\/wp\/v2\/posts\/11933","targetHints":{"allow":["GET"]}}],"collection":[{"href":"https:\/\/atecordoba.org\/index.php?rest_route=\/wp\/v2\/posts"}],"about":[{"href":"https:\/\/atecordoba.org\/index.php?rest_route=\/wp\/v2\/types\/post"}],"author":[{"embeddable":true,"href":"https:\/\/atecordoba.org\/index.php?rest_route=\/wp\/v2\/users\/1"}],"replies":[{"embeddable":true,"href":"https:\/\/atecordoba.org\/index.php?rest_route=%2Fwp%2Fv2%2Fcomments&post=11933"}],"version-history":[{"count":1,"href":"https:\/\/atecordoba.org\/index.php?rest_route=\/wp\/v2\/posts\/11933\/revisions"}],"predecessor-version":[{"id":18910,"href":"https:\/\/atecordoba.org\/index.php?rest_route=\/wp\/v2\/posts\/11933\/revisions\/18910"}],"wp:featuredmedia":[{"embeddable":true,"href":"https:\/\/atecordoba.org\/index.php?rest_route=\/wp\/v2\/media\/19220"}],"wp:attachment":[{"href":"https:\/\/atecordoba.org\/index.php?rest_route=%2Fwp%2Fv2%2Fmedia&parent=11933"}],"wp:term":[{"taxonomy":"category","embeddable":true,"href":"https:\/\/atecordoba.org\/index.php?rest_route=%2Fwp%2Fv2%2Fcategories&post=11933"},{"taxonomy":"post_tag","embeddable":true,"href":"https:\/\/atecordoba.org\/index.php?rest_route=%2Fwp%2Fv2%2Ftags&post=11933"}],"curies":[{"name":"wp","href":"https:\/\/api.w.org\/{rel}","templated":true}]}}