{"id":11931,"date":"2019-12-30T14:09:44","date_gmt":"2019-12-30T17:09:44","guid":{"rendered":"https:\/\/www.atecordoba.org\/?p=11931"},"modified":"2020-05-05T09:16:08","modified_gmt":"2020-05-05T12:16:08","slug":"el-estado-provincial-incurre-en-fraude-laboral","status":"publish","type":"post","link":"https:\/\/atecordoba.org\/?p=11931","title":{"rendered":"El Estado provincial incurre en fraude laboral"},"content":{"rendered":"\n<p>Entrevistado por Vida Sindical, el secretario general del\nConsejo Directivo Provincial de ATE C\u00f3rdoba, Federico Giuliani, coment\u00f3 sobre\nla situaci\u00f3n que atraviesan lxs trabajadorxs provinciales precarizadxs.<\/p>\n\n\n\n<figure class=\"wp-block-embed-youtube wp-block-embed is-type-video is-provider-youtube wp-embed-aspect-16-9 wp-has-aspect-ratio\"><div class=\"wp-block-embed__wrapper\">\n<div class=\"epyt-video-wrapper\"><iframe loading=\"lazy\"  style=\"display: block; margin: 0px auto;\"  id=\"_ytid_21584\"  width=\"480\" height=\"270\"  data-origwidth=\"480\" data-origheight=\"270\" src=\"https:\/\/www.youtube.com\/embed\/pmsjqiGHWZU?enablejsapi=1&#038;autoplay=0&#038;cc_load_policy=0&#038;cc_lang_pref=&#038;iv_load_policy=3&#038;loop=0&#038;rel=0&#038;fs=1&#038;playsinline=0&#038;autohide=2&#038;theme=dark&#038;color=red&#038;controls=1&#038;disablekb=0&#038;\" class=\"__youtube_prefs__  epyt-is-override  no-lazyload\" title=\"YouTube player\"  allow=\"fullscreen; accelerometer; autoplay; clipboard-write; encrypted-media; gyroscope; picture-in-picture; web-share\" referrerpolicy=\"strict-origin-when-cross-origin\" allowfullscreen data-no-lazy=\"1\" data-skipgform_ajax_framebjll=\"\"><\/iframe><\/div>\n<\/div><\/figure>\n\n\n\n<p>\u201cEl Estado provincial no escapa a lo que sucede en el Nacional y en las Municipalidades, hay un alto nivel de precarizaci\u00f3n laboral que en realidad es un t\u00e9rmino elegante para hablar de trabajo en negro. En ese marco la provincia tiene un alt\u00edsimo grado de trabajo en condiciones de contrataci\u00f3n irregular con becas, pasant\u00edas, contratos y monotributos\u201d, expres\u00f3 Giuliani.<\/p>\n\n\n\n<p>Mientras que el Estado deber\u00eda ser garante de la estabilidad\nlaboral, termina siendo el primer empleador en negro ya que el trabajo en negro\nque dice combatir, lo replica hacia dentro de sus reparticiones. Es as\u00ed que\ntrabajadorxs dependientes de diferentes Ministerios vienen organiz\u00e1ndose en\nATE. El secretario general de ATE C\u00f3rdoba resalt\u00f3 que: \u201cquienes son\nprecarizadxs est\u00e1n en \u00e1reas muy sensibles del Estado, garantizan derechos a\nsectores vulnerables de la sociedad y ya hemos detectado m\u00e1s de 3000\ntrabajadorxs que est\u00e1n en esta situaci\u00f3n de precariedad e irregularidad.\nAlgunos Ministerios afectados son el de Justicia, Desarrollo Social, Salud,\nEducaci\u00f3n\u2026sitios estrat\u00e9gicos para cumplimentar con derechos de las y los\ncordobeses, porque no llevan servicios sino que garantizan derechos\u201d.<\/p>\n\n\n\n<p>&nbsp;Un caso emblem\u00e1tico\nque visibiliza la situaci\u00f3n es el de trabajadoras de SENAF (Secretar\u00eda de\nNi\u00f1ez, Adolescencia y Familia) que son monotributistas y fueron licenciadas de\nvacaciones compulsivamente, fueron \u201cvacacionadas\u201d hasta enero produciendo\nincertidumbre para el 2020 por si el v\u00ednculo contractual nos e renueva.<\/p>\n\n\n\n<p>\u201cATE plantea un sindicalismo solidario, en donde no hay\ntrabajadorxs de primera, segunda o tercera, trabajadores en blanco y con\nsalarios buenos, tenemos la firme decisi\u00f3n y definici\u00f3n de que lxs trabajadorxs\nestatales sean nacionales, provinciales y municipales en nuestro sindicato\ntienen contenci\u00f3n, sindicalizaci\u00f3n y organizaci\u00f3n, adem\u00e1s de defensa por m\u00e1s\nque no cobren recibo de sueldo, porque est\u00e1n precarizadxs porque los precariza\nel Estado-patr\u00f3n\u201d, sostuvo Giuliani a lo largo de la entrevista de Vida\nSindical.<\/p>\n\n\n\n<p>Este fraude al fisco que realiza el Estado provincial viene\nde la mano de la precarizaci\u00f3n y flexibilizaci\u00f3n laboral, teniendo dos condimentos:\nnegrear a lxs trabajadorxs y actuando como disciplinador ya que esta situaci\u00f3n\nde precariedad laboral genera miedo y rompe el tejido social porque cada unx\ntrata de salvarse solx, o gestionando personalmente favores. \u201cEn ATE hablamos\nde dar un proceso de unidad en donde ya hemos sacado delegadxs de asambleas\ninterministeriales que se vienen realizando, &nbsp;&nbsp;y hemos pedido la apertura del di\u00e1logo a los\ndiferentes ministros ante lo cual no hemos tenido a\u00fan respuestas, porque queremos\ninstitucionalizar un espacio de di\u00e1logo para plantear la situaci\u00f3n de las\ncompa\u00f1eras y compa\u00f1eros &nbsp;y marcar\nobjetivos a corto, mediano y largo plazo\u201d, coment\u00f3 Federico Giuliani.<\/p>\n\n\n\n<p>Lxs trabajadorxs en primera instancia deben tener un salario\nque cumplimente con el m\u00ednimo vital y m\u00f3vil, contar con contratos efectivos,\nestamos hablando de precarizadxs profesionales que sus remuneraci\u00f3n oscila los\nVEINTE MIL PESOS, siendo salarios de pobreza.<\/p>\n\n\n\n<p>El personal es escaso en estas \u00e1reas tan sensibles, el pase\na planta y la incorporaci\u00f3n de personal urge para cumplimentar con las tareas\nque se realizan. Adem\u00e1s lxs precarizadxs en su mayor\u00eda son j\u00f3venes, mujeres,\nprofesionales, sost\u00e9n de familia. <\/p>\n\n\n\n<p>\u201cMuchas veces trabajan m\u00e1s horas que alguien efectivo, no\ntienen ART, seguro de vida, realizan sus tareas en las barriadas populares, no\ncobran vi\u00e1ticos ni horas extras. Para darse una idea solamente hay tres\ntrabajadoras encargadas de contener a lxs hijxs de las mujeres privadas de su\nlibertad de Bouwer. Nosotrxs pedimos que ATE sea incorporado a la paritaria\n2020, para que nos escuchen, esta otra voz porque hoy tenemos la exclusividad\nen representar a este sector que garantiza se cumplimenten las pol\u00edticas\np\u00fablicas del gobierno provincial , mientras a nivel nacional Alberto Fern\u00e1ndez\nabre canales de di\u00e1logo y comenzaron algunas reincorporaciones de lxs\ndespedidxs de la era Macri, Schiaretti va a contramano, marcando el perfil que\nsu gobierno tendr\u00e1 para los pr\u00f3ximos cuatro a\u00f1os\u201d, sentenci\u00f3 el secretario\ngeneral de ATE C\u00f3rdoba.<\/p>\n","protected":false},"excerpt":{"rendered":"<p>Entrevistado por Vida Sindical, el secretario general del Consejo Directivo Provincial de ATE C\u00f3rdoba, Federico Giuliani, coment\u00f3 sobre la situaci\u00f3n que atraviesan lxs trabajadorxs provinciales precarizadxs. \u201cEl Estado provincial no escapa a lo que sucede en el Nacional y en las Municipalidades, hay un alto nivel de precarizaci\u00f3n laboral que en realidad es un t\u00e9rmino [&hellip;]<\/p>\n","protected":false},"author":1,"featured_media":19220,"comment_status":"open","ping_status":"open","sticky":false,"template":"","format":"standard","meta":{"_exactmetrics_skip_tracking":false,"_exactmetrics_sitenote_active":false,"_exactmetrics_sitenote_note":"","_exactmetrics_sitenote_category":0,"jnews-multi-image_gallery":[],"jnews_single_post":[],"jnews_primary_category":[],"jnews_social_meta":[],"jnews_review":[],"enable_review":"","type":"","name":"","summary":"","brand":"","sku":"","good":[],"bad":[],"score_override":"","override_value":"","rating":[],"price":[],"jnews_override_counter":[],"jnews_post_split":[],"footnotes":""},"categories":[1],"tags":[],"class_list":["post-11931","post","type-post","status-publish","format-standard","has-post-thumbnail","hentry","category-sin-categoria"],"jetpack_featured_media_url":"https:\/\/atecordoba.org\/wp-content\/uploads\/2020\/05\/logo-nuevochico-e1561581322808.png","_links":{"self":[{"href":"https:\/\/atecordoba.org\/index.php?rest_route=\/wp\/v2\/posts\/11931","targetHints":{"allow":["GET"]}}],"collection":[{"href":"https:\/\/atecordoba.org\/index.php?rest_route=\/wp\/v2\/posts"}],"about":[{"href":"https:\/\/atecordoba.org\/index.php?rest_route=\/wp\/v2\/types\/post"}],"author":[{"embeddable":true,"href":"https:\/\/atecordoba.org\/index.php?rest_route=\/wp\/v2\/users\/1"}],"replies":[{"embeddable":true,"href":"https:\/\/atecordoba.org\/index.php?rest_route=%2Fwp%2Fv2%2Fcomments&post=11931"}],"version-history":[{"count":1,"href":"https:\/\/atecordoba.org\/index.php?rest_route=\/wp\/v2\/posts\/11931\/revisions"}],"predecessor-version":[{"id":18911,"href":"https:\/\/atecordoba.org\/index.php?rest_route=\/wp\/v2\/posts\/11931\/revisions\/18911"}],"wp:featuredmedia":[{"embeddable":true,"href":"https:\/\/atecordoba.org\/index.php?rest_route=\/wp\/v2\/media\/19220"}],"wp:attachment":[{"href":"https:\/\/atecordoba.org\/index.php?rest_route=%2Fwp%2Fv2%2Fmedia&parent=11931"}],"wp:term":[{"taxonomy":"category","embeddable":true,"href":"https:\/\/atecordoba.org\/index.php?rest_route=%2Fwp%2Fv2%2Fcategories&post=11931"},{"taxonomy":"post_tag","embeddable":true,"href":"https:\/\/atecordoba.org\/index.php?rest_route=%2Fwp%2Fv2%2Ftags&post=11931"}],"curies":[{"name":"wp","href":"https:\/\/api.w.org\/{rel}","templated":true}]}}