{"id":11924,"date":"2019-12-26T13:31:07","date_gmt":"2019-12-26T16:31:07","guid":{"rendered":"https:\/\/www.atecordoba.org\/?p=11924"},"modified":"2020-05-05T09:16:08","modified_gmt":"2020-05-05T12:16:08","slug":"se-concretan-las-reincorporaciones-en-el-inti","status":"publish","type":"post","link":"https:\/\/atecordoba.org\/?p=11924","title":{"rendered":"Se concretar\u00e1n reincorporaciones en INTI C\u00f3rdoba"},"content":{"rendered":"\n<p><\/p>\n\n\n\n<p> En el d\u00eda de hoy se realiz\u00f3 en la sede de ATE-C\u00f3rdoba una ronda de prensa donde se brindaron detalles del Acuerdo alcanzando por nuestro Gremio a nivel nacional con las nuevas autoridades del INTI, confirmando la reincorporaci\u00f3n de quienes fueron despedidos hace casi 2 a\u00f1os por el Gobierno de Cambiemos. <\/p>\n\n\n\n<figure class=\"wp-block-image size-large\"><img decoding=\"async\" src=\"http:\/\/atecordoba.org\/wp-content\/uploads\/2020\/05\/80512158_510122429861527_1540555497210380288_n-1024x576.jpg\" alt=\"\" class=\"wp-image-11925\"\/><\/figure>\n\n\n\n<p> La reuni\u00f3n fue conducida por Federico Giuliani (Sec. Gral. de ATE-C\u00f3rdoba), la Abogada Mar\u00eda Terragno (equipo legal ATE) y Francisco Dollman (Vocal de la conducci\u00f3n de ATE Nacional), estando presentes la mayor\u00eda de las\/os Despedidas\/os del INTI en C\u00f3rdoba. Tambi\u00e9n participaron referentes provinciales de otros organismos del estado nacional que sufrieron despidos masivos, quienes vienen sosteniendo la CORREDMA (Coordinadora de Registro y Relevamiento de Despedidos en la era Macri). <\/p>\n\n\n\n<p> Recordamos que hace casi 2 a\u00f1os -en el marco de una ola de ajuste y despidos en todo el estado nacional- en INTI cesantearon a 260 trabajadoras\/es sin causa ni fundamento alguno, ejerciendo pr\u00e1cticas de persecuci\u00f3n gremial dado que casi 210 de los afectados eran afiliados a nuestro Gremio.  <\/p>\n\n\n\n<figure class=\"wp-block-image size-large\"><img decoding=\"async\" src=\"http:\/\/atecordoba.org\/wp-content\/uploads\/2020\/05\/80453877_10157813745949805_592933884618866688_n.jpg\" alt=\"\" class=\"wp-image-11926\"\/><\/figure>\n\n\n\n<p>En la ronda de prensa se brindaron detalles de c\u00f3mo estas reincorporaciones logradas en INTI han sido el fruto de numerosas acciones de rechazo y resistencia a estos despidos masivos, llevadas adelante con gran esfuerzo y compromiso no solo por los afectados sino tambi\u00e9n por la solidaridad actividad de muchas\/os compa\u00f1eras\/os que continuaron en actividad y con la contenci\u00f3n permanente desde ATE. <br><br>Es importante destacar que el Acuerdo alcanzando implica tambi\u00e9n la reincorporaci\u00f3n de despedidas\/os que incluso no estaban afiliados a ATE, poniendo de manifiesto el esp\u00edritu de defensa de todos los trabajadores estatales que vienen sosteniendo ATE hist\u00f3ricamente. <br><br>Tambi\u00e9n se destac\u00f3 que el Acuerdo alcanzando contempla importantes beneficios ya que las\/os trabajadoras\/es reincoporadas\/os mantendr\u00e1n su antig\u00fcedad y nivel escalafonario, entre otros \u00edtems.<br><br><em>Contacto:<br>Federico Giuliani: 03548-15-4355410<br>Francisco Dollman: 011-15-51751203 <\/em><\/p>\n","protected":false},"excerpt":{"rendered":"<p>En el d\u00eda de hoy se realiz\u00f3 en la sede de ATE-C\u00f3rdoba una ronda de prensa donde se brindaron detalles del Acuerdo alcanzando por nuestro Gremio a nivel nacional con las nuevas autoridades del INTI, confirmando la reincorporaci\u00f3n de quienes fueron despedidos hace casi 2 a\u00f1os por el Gobierno de Cambiemos. La reuni\u00f3n fue conducida [&hellip;]<\/p>\n","protected":false},"author":1,"featured_media":19220,"comment_status":"open","ping_status":"open","sticky":false,"template":"","format":"standard","meta":{"_exactmetrics_skip_tracking":false,"_exactmetrics_sitenote_active":false,"_exactmetrics_sitenote_note":"","_exactmetrics_sitenote_category":0,"jnews-multi-image_gallery":[],"jnews_single_post":[],"jnews_primary_category":[],"jnews_social_meta":[],"jnews_review":[],"enable_review":"","type":"","name":"","summary":"","brand":"","sku":"","good":[],"bad":[],"score_override":"","override_value":"","rating":[],"price":[],"jnews_override_counter":[],"jnews_post_split":[],"footnotes":""},"categories":[1],"tags":[],"class_list":["post-11924","post","type-post","status-publish","format-standard","has-post-thumbnail","hentry","category-sin-categoria"],"jetpack_featured_media_url":"https:\/\/atecordoba.org\/wp-content\/uploads\/2020\/05\/logo-nuevochico-e1561581322808.png","_links":{"self":[{"href":"https:\/\/atecordoba.org\/index.php?rest_route=\/wp\/v2\/posts\/11924","targetHints":{"allow":["GET"]}}],"collection":[{"href":"https:\/\/atecordoba.org\/index.php?rest_route=\/wp\/v2\/posts"}],"about":[{"href":"https:\/\/atecordoba.org\/index.php?rest_route=\/wp\/v2\/types\/post"}],"author":[{"embeddable":true,"href":"https:\/\/atecordoba.org\/index.php?rest_route=\/wp\/v2\/users\/1"}],"replies":[{"embeddable":true,"href":"https:\/\/atecordoba.org\/index.php?rest_route=%2Fwp%2Fv2%2Fcomments&post=11924"}],"version-history":[{"count":1,"href":"https:\/\/atecordoba.org\/index.php?rest_route=\/wp\/v2\/posts\/11924\/revisions"}],"predecessor-version":[{"id":18914,"href":"https:\/\/atecordoba.org\/index.php?rest_route=\/wp\/v2\/posts\/11924\/revisions\/18914"}],"wp:featuredmedia":[{"embeddable":true,"href":"https:\/\/atecordoba.org\/index.php?rest_route=\/wp\/v2\/media\/19220"}],"wp:attachment":[{"href":"https:\/\/atecordoba.org\/index.php?rest_route=%2Fwp%2Fv2%2Fmedia&parent=11924"}],"wp:term":[{"taxonomy":"category","embeddable":true,"href":"https:\/\/atecordoba.org\/index.php?rest_route=%2Fwp%2Fv2%2Fcategories&post=11924"},{"taxonomy":"post_tag","embeddable":true,"href":"https:\/\/atecordoba.org\/index.php?rest_route=%2Fwp%2Fv2%2Ftags&post=11924"}],"curies":[{"name":"wp","href":"https:\/\/api.w.org\/{rel}","templated":true}]}}