{"id":11920,"date":"2019-12-26T10:26:47","date_gmt":"2019-12-26T13:26:47","guid":{"rendered":"https:\/\/www.atecordoba.org\/?p=11920"},"modified":"2020-05-05T09:16:11","modified_gmt":"2020-05-05T12:16:11","slug":"despedidos-de-la-era-macri-regresaran-a-sus-puestos","status":"publish","type":"post","link":"https:\/\/atecordoba.org\/?p=11920","title":{"rendered":"Despedidos de la \u201cera Macri\u201d regresar\u00e1n a sus puestos"},"content":{"rendered":"\n<p> Se empezar\u00e1 por el Inti, adonde, seg\u00fan ATE, 270 empleados volver\u00e1n a  partir de enero. El gremio busca repetirlo en otros organismos. <\/p>\n\n\n\n<p>Los 270 trabajadores que fueron despedidos en el Instituto Nacional \nde Tecnolog\u00eda Industrial (Inti) durante el gobierno de Mauricio Macri \nvolver\u00e1n a ocupar sus puestos de trabajo, seg\u00fan inform\u00f3 la Asociaci\u00f3n de\n Trabajadores del Estado (ATE).<\/p>\n\n\n\n<p>Las nuevas autoridades del organismo mantuvieron una reuni\u00f3n con gremialistas y se comprometieron a la reincorporaci\u00f3n.<\/p>\n\n\n\n<p>En  C\u00f3rdoba, seg\u00fan un relevamiento que realiz\u00f3 esta asociaci\u00f3n gremial a  trav\u00e9s de una comisi\u00f3n especial, durante todo el periodo de gobierno del  expresidente Macri hubo unos 300 despidos en varias delegaciones  nacionales.<\/p>\n\n\n\n<figure class=\"wp-block-image size-large\"><img decoding=\"async\" src=\"http:\/\/atecordoba.org\/wp-content\/uploads\/2020\/05\/DATA_ART_4596643_1577320982-1024x683.jpg\" alt=\"\" class=\"wp-image-11921\"\/><\/figure>\n\n\n\n<p>En el Inti C\u00f3rdoba, la desocupaci\u00f3n alcanz\u00f3 a 10  trabajadores, de los cuales dos eran delegados gremiales y fueron  reincorporados recientemente luego de que se resuelvan dos amparos  judiciales. El resto, manifestaron desde el gremio, ser\u00eda reincorporado  \u201cen los primeros d\u00edas de enero\u201d.<\/p>\n\n\n\n<p>Desde que se produjeron los despidos en el Inti, el sindicato inici\u00f3 \nun reclamo, hubo protestas y acampes. Pero luego del triunfo de Alberto \nFern\u00e1ndez en las elecciones presidenciales de octubre, los gremialistas \ncomenzaron tratativas con distintos referentes del Frente de Todos que \nluego fueron ungidos como funcionarios de gobierno.<\/p>\n\n\n\n<p>Seg\u00fan indic\u00f3 \nFederico Giuliani, secretario general de ATE C\u00f3rdoba, dirigentes de su \ngremio mantuvieron un encuentro con el actual Jefe de Gabinete, Santiago\n Cafiero, a quien pusieron al tanto de los despedidos cordobeses como \nas\u00ed tambi\u00e9n de la n\u00f3mina de \u201c35 mil despidos en todo el pa\u00eds\u201d en todas \nlas \u00e1reas de gobierno.<\/p>\n\n\n\n<p>El viernes pasado las gestiones con los \nnuevos funcionarios a cargo del Inti se aceleraron y se acord\u00f3 la \nrecuperaci\u00f3n de puestos de trabajo, expresaron las fuentes.<\/p>\n\n\n\n<p>\u201cEs el\n primer organismo que cumple con la reincorporaci\u00f3n de todos los \ndespedidos desde un pedido de ATE. Nos pone en marcha con respecto a \naquellos otros que fueron vaciados y a los que se les han quitado \nfunciones\u201d, manifest\u00f3 Giuliani ayer.<\/p>\n\n\n\n<p><strong>Despidos<\/strong><\/p>\n\n\n\n<p>En el mes de enero de 2018 la administraci\u00f3n del Inti, a cargo de \nJavier Ib\u00e1\u00f1ez, decidi\u00f3 despedir a 254 trabajadores entre cient\u00edficos, \nprofesionales, t\u00e9cnicos y auxiliares de esa entidad. Luego, \nprescindieron de algunos empleados m\u00e1s en el proceso. El gremio denunci\u00f3\n recortes en el \u00e1rea y tambi\u00e9n \u201cpersecuci\u00f3n ideol\u00f3gica\u201d puesto que de \nesos despedidos, 200 eran afiliados de ATE.<\/p>\n\n\n\n<p>El entonces gobierno nacional justific\u00f3 esta reducci\u00f3n de personal con el prop\u00f3sito de poner orden en el citado organismo.<\/p>\n\n\n\n<p>Las  \u00e1reas afectadas en C\u00f3rdoba por la disminuci\u00f3n del personal en Inti  fueron Ingenier\u00eda Aeron\u00e1utica, Unidades de Extensi\u00f3n de Bell Ville y  Cruz del Eje, y Comunicaci\u00f3n Institucional.<\/p>\n\n\n\n<p>\u201cSe decidi\u00f3 desvincular a 254 trabajadores sobre una dotaci\u00f3n de m\u00e1s \nde 3 mil por ausentismo reiterado, incumplimiento de horarios laborales y\n de desempe\u00f1os y para ordenar la instituci\u00f3n\u201d, hab\u00eda manifestado Ib\u00e1\u00f1ez \nen aquel entonces.<\/p>\n\n\n\n<p>Adem\u00e1s, oficialmente se comunic\u00f3 que la planta \nde personal \u201centre 2011 y 2015 creci\u00f3 un 33 por ciento\u201d. Estos despidos \nse enmarcaron dentro de una pol\u00edtica de ajuste que llev\u00f3 adelante el \nGobierno nacional en un plan de metas acordado con el Fondo Monetario \nInternacional (FMI).<\/p>\n\n\n\n<p>\u201cTodas las personas desvinculadas percibir\u00e1n \nlas indemnizaciones de ley, que ser\u00e1n en promedio 450 mil pesos\u201d, hab\u00eda \ninformado el presidente de Inti.<\/p>\n\n\n\n<p>Informe de despidos fue elevado al Gobierno<\/p>\n\n\n\n<p>El  gremio estatal cre\u00f3 la Comisi\u00f3n de Relevamiento y Reincorporaci\u00f3n de  los Trabajadores Estatales Despedidos en la era Macri (Corredma) cuyo  informe ser\u00e1 presentado hoy a las 10.30 en calle Entre R\u00edos 450, sede de  ATE-C\u00f3rdoba. Seg\u00fan este documento, que fue elevado al Gobierno  nacional, las \u00e1reas m\u00e1s afectadas en la provincia fueron Fabricaciones  Militares (FM) de R\u00edo Tercero y Villa Mar\u00eda, donde hubo unos 180  despidos, Agricultura Familiar, con 47 despidos en total y la  Administraci\u00f3n Nacional de Aviaci\u00f3n Civil (Anac), que entre despidos y  jubilaciones pas\u00f3 de tener 500 a 340 empleados.<\/p>\n\n\n\n<p><em>Fuente: Juan Leyes para La Voz del Interior.<\/em><\/p>\n","protected":false},"excerpt":{"rendered":"<p>Se empezar\u00e1 por el Inti, adonde, seg\u00fan ATE, 270 empleados volver\u00e1n a partir de enero. El gremio busca repetirlo en otros organismos. Los 270 trabajadores que fueron despedidos en el Instituto Nacional de Tecnolog\u00eda Industrial (Inti) durante el gobierno de Mauricio Macri volver\u00e1n a ocupar sus puestos de trabajo, seg\u00fan inform\u00f3 la Asociaci\u00f3n de Trabajadores [&hellip;]<\/p>\n","protected":false},"author":1,"featured_media":19220,"comment_status":"open","ping_status":"open","sticky":false,"template":"","format":"standard","meta":{"_exactmetrics_skip_tracking":false,"_exactmetrics_sitenote_active":false,"_exactmetrics_sitenote_note":"","_exactmetrics_sitenote_category":0,"jnews-multi-image_gallery":[],"jnews_single_post":[],"jnews_primary_category":[],"jnews_social_meta":[],"jnews_review":[],"enable_review":"","type":"","name":"","summary":"","brand":"","sku":"","good":[],"bad":[],"score_override":"","override_value":"","rating":[],"price":[],"jnews_override_counter":[],"jnews_post_split":[],"footnotes":""},"categories":[1],"tags":[],"class_list":["post-11920","post","type-post","status-publish","format-standard","has-post-thumbnail","hentry","category-sin-categoria"],"jetpack_featured_media_url":"https:\/\/atecordoba.org\/wp-content\/uploads\/2020\/05\/logo-nuevochico-e1561581322808.png","_links":{"self":[{"href":"https:\/\/atecordoba.org\/index.php?rest_route=\/wp\/v2\/posts\/11920","targetHints":{"allow":["GET"]}}],"collection":[{"href":"https:\/\/atecordoba.org\/index.php?rest_route=\/wp\/v2\/posts"}],"about":[{"href":"https:\/\/atecordoba.org\/index.php?rest_route=\/wp\/v2\/types\/post"}],"author":[{"embeddable":true,"href":"https:\/\/atecordoba.org\/index.php?rest_route=\/wp\/v2\/users\/1"}],"replies":[{"embeddable":true,"href":"https:\/\/atecordoba.org\/index.php?rest_route=%2Fwp%2Fv2%2Fcomments&post=11920"}],"version-history":[{"count":1,"href":"https:\/\/atecordoba.org\/index.php?rest_route=\/wp\/v2\/posts\/11920\/revisions"}],"predecessor-version":[{"id":18916,"href":"https:\/\/atecordoba.org\/index.php?rest_route=\/wp\/v2\/posts\/11920\/revisions\/18916"}],"wp:featuredmedia":[{"embeddable":true,"href":"https:\/\/atecordoba.org\/index.php?rest_route=\/wp\/v2\/media\/19220"}],"wp:attachment":[{"href":"https:\/\/atecordoba.org\/index.php?rest_route=%2Fwp%2Fv2%2Fmedia&parent=11920"}],"wp:term":[{"taxonomy":"category","embeddable":true,"href":"https:\/\/atecordoba.org\/index.php?rest_route=%2Fwp%2Fv2%2Fcategories&post=11920"},{"taxonomy":"post_tag","embeddable":true,"href":"https:\/\/atecordoba.org\/index.php?rest_route=%2Fwp%2Fv2%2Ftags&post=11920"}],"curies":[{"name":"wp","href":"https:\/\/api.w.org\/{rel}","templated":true}]}}