{"id":11909,"date":"2019-12-22T13:05:47","date_gmt":"2019-12-22T16:05:47","guid":{"rendered":"https:\/\/www.atecordoba.org\/?p=11909"},"modified":"2020-05-05T09:16:13","modified_gmt":"2020-05-05T12:16:13","slug":"asumio-la-nueva-conduccion-de-ate-en-rio-tercero","status":"publish","type":"post","link":"https:\/\/atecordoba.org\/?p=11909","title":{"rendered":"Asumi\u00f3 la nueva conducci\u00f3n de ATE en R\u00edo Tercero"},"content":{"rendered":"\n<p>El viernes, con la presencia de dirigentes nacionales y provinciales, referentes de otros sindicatos, autoridades municipales y de otras instituciones, asumi\u00f3 la nueva conducci\u00f3n del gremio, encabezada por Dami\u00e1n Albornoz, como secretario general, como as\u00ed tambi\u00e9n lo hizo el presidente del Centro de Jubilados de ATE, H\u00e9ctor Quiroga.<\/p>\n\n\n\n<figure class=\"wp-block-image size-large\"><img decoding=\"async\" src=\"http:\/\/atecordoba.org\/wp-content\/uploads\/2020\/05\/FB_IMG_1577028011487.jpg\" alt=\"\" class=\"wp-image-11910\"\/><figcaption>Federico Giuliani secretario general ATE C\u00f3rdoba. Dami\u00e1n Albornoz secretario general ATE R\u00edo Tercero. Rodolfo Aguiar secretario general adjunto ATE nacional. <\/figcaption><\/figure>\n\n\n\n<p>&nbsp;Se realiz\u00f3 el acto de asunci\u00f3n de la nueva conducci\u00f3n de ATE, tanto en lo que respecta a quienes se encuentran en actividad, como as\u00ed tambi\u00e9n de quienes conforman el Centro de Jubilados del gremio. Fue en el sal\u00f3n vecinal Mariano Moreno, en barrio Escuela, que se mostr\u00f3 colmado.<\/p>\n\n\n\n<p>ATE seccional R\u00edo Tercero, en la zona, tiene una presencia en los diferentes niveles del Estado, como es el caso de la F\u00e1brica Militar, la Unidad Tur\u00edstica de Embalse, la Central Nuclear, el Hospital Provincial, ANSES, PAMI, y tambi\u00e9n, progresivamente, en diferentes municipios.<\/p>\n\n\n\n<p>Referentes de otros gremios, adem\u00e1s de los afiliados, estuvieron presentes, tanto de los Gr\u00e1ficos, UEPC, Sindicato de Aceiteros, Curtidores, APOPS,&nbsp; SESPECAFI, UTEDYC, SIPOS, Sindicato Regional de Luz y Fuerza, Viajantes, CISPREN, y de la CTA Aut\u00f3noma de las Regionales R\u00edo Tercero, R\u00edo Cuarto y Villa Mar\u00eda.<\/p>\n\n\n\n<figure class=\"wp-block-image size-large\"><img decoding=\"async\" src=\"http:\/\/atecordoba.org\/wp-content\/uploads\/2020\/05\/FB_IMG_1577028162774.jpg\" alt=\"\" class=\"wp-image-11911\"\/><figcaption>Compa\u00f1erxs de ATE Sampacho<\/figcaption><\/figure>\n\n\n\n<p>En representaci\u00f3n del Consejo Directivo Nacional, estuvo el secretario general adjunto de ATE Rodolfo Aguiar, mientras que tambi\u00e9n fue parte del acto, el secretario general de ATE C\u00f3rdoba, Federico Giuliani. Tambi\u00e9n, estuvo en la ciudad, la presidenta del Centro de Jubilados de los estatales a nivel nacional, Noelia Guzm\u00e1n.&nbsp;<\/p>\n\n\n\n<p>Se sumaron las seccionales de Rosario, San Luis, R\u00edo Cuarto, San Francisco, Villa Mar\u00eda, Cruz del Eje y Adelia Mar\u00eda. Estuvieron presentes, adem\u00e1s, Oscar Mengarelli y Liliana Salerno, en diferentes etapas, m\u00e1ximas autoridades de ATE en la provincia.&nbsp;<\/p>\n\n\n\n<figure class=\"wp-block-image size-large\"><img decoding=\"async\" src=\"http:\/\/atecordoba.org\/wp-content\/uploads\/2020\/05\/FB_IMG_1577028060750.jpg\" alt=\"\" class=\"wp-image-11912\"\/><figcaption>Ver\u00f3nica Pramparo secretaria adjunta de ATE R\u00edo Tercero, primer mujer en ocupar este lugar.<\/figcaption><\/figure>\n\n\n\n<p><strong>Autoridades municipales y de otras instituciones<\/strong><\/p>\n\n\n\n<p>Fue parte del acto el intendente de R\u00edo Tercero, Marcos Ferrer, acompa\u00f1ado por miembros del Ejecutivo, como el secretario de Seguridad y Ambiente, Miguel Canuto, y el de Comunicaciones e Innovaci\u00f3n, Emiliano Afara.<\/p>\n\n\n\n<p><em>&#8220;Estamos junto a los trabajadores por un R\u00edo Tercero mejor para todos&#8221;<\/em>, se indic\u00f3 en un comunicado oficial del municipio. En tanto, se anunci\u00f3 la entrega de 100 plantines de especies aut\u00f3ctonas, para que sean colocados en el predio recreativo que ATE posee en el sector oeste de la ciudad.&nbsp;<\/p>\n\n\n\n<figure class=\"wp-block-image size-large\"><img decoding=\"async\" src=\"http:\/\/atecordoba.org\/wp-content\/uploads\/2020\/05\/FB_IMG_1577027975776.jpg\" alt=\"\" class=\"wp-image-11913\"\/><\/figure>\n\n\n\n<p>El Concejo Deliberante, tambi\u00e9n estuvo representado con ediles de los diferentes bloques: Rafael Prado, Romina Carezzano, Nicol\u00e1s Rodriguez y Diego Dellacasa.<\/p>\n\n\n\n<figure class=\"wp-block-image\"><img decoding=\"async\" src=\"http:\/\/atecordoba.org\/wp-content\/uploads\/2020\/05\/multimedia.normal.aefd4df1c81b500a.4173756e6369c3b36e204154455f6e6f726d616c2e6a7067.jpg\" alt=\"Asunci\u00f3n ATE\"\/><\/figure>\n\n\n\n<p>Adem\u00e1s, fueron parte del acto, instituciones intermedias, como la Cooperativa de Obras y Servicios P\u00fablicos, con su presidente, Luciano Badino; representantes de la Asamblea Permanente por los Derechos Humanos R\u00edo Tercero (APDH), del C\u00edrculo M\u00e9dico Regional, de la Biblioteca Popular Justo Jos\u00e9 de Urquiza, y de la Delegaci\u00f3n del Ministerio de Trabajo de la Provincia.<\/p>\n\n\n\n<figure class=\"wp-block-image size-large\"><img decoding=\"async\" src=\"http:\/\/atecordoba.org\/wp-content\/uploads\/2020\/05\/FB_IMG_1577028168674.jpg\" alt=\"\" class=\"wp-image-11914\"\/><\/figure>\n\n\n\n<p>En el acto de asunci\u00f3n,&nbsp; se rindi\u00f3 un homenaje a quien formara parte de ATE y la CTAA, Eduardo Candelero, fallecido el a\u00f1o pasado y cuya lista, con la que lleg\u00f3 en C\u00f3rdoba a ser electa la actual conducci\u00f3n, llev\u00f3 su nombre. Una bandera, con su imagen, fue una de las que se encontraban en el sal\u00f3n.<\/p>\n\n\n\n<figure class=\"wp-block-image size-large\"><img decoding=\"async\" src=\"http:\/\/atecordoba.org\/wp-content\/uploads\/2020\/05\/FB_IMG_1577028178265.jpg\" alt=\"\" class=\"wp-image-11915\"\/><\/figure>\n\n\n\n<p><strong>Los discursos<\/strong><\/p>\n\n\n\n<p>En cada uno de los discursos de quienes tomaron el micr\u00f3fono, se record\u00f3 lo sucedido en los \u00faltimos cuatro a\u00f1os del gobierno saliente, con los \u00edndices de pobreza resultantes de dicha gesti\u00f3n, &#8220;el desmantelamiento&#8221; de las industrias y lo sucedido con las empresas estatales, con miles de despidos.<\/p>\n\n\n\n<p>Aguiar, dirigente nacional de ATE, manifest\u00f3, entre otras cosas, que si bien fueron parte de la lucha en contra de dicho modelo, no ser\u00e1n &#8220;incondicionales&#8221; ahora y continuar\u00e1n reclamando por la reincorporaci\u00f3n de los estatales que fueron despedidos en dicho periodo y el pase a planta permanente.&nbsp;<\/p>\n\n\n\n<p>Remarc\u00f3, en un encendido discurso, que quienes llevaron a que un alto porcentaje de la poblaci\u00f3n haya quedado en la pobreza y que un 12 por ciento sufra de &#8220;inseguridad alimentaria&#8221; deber\u00edan pagar por lo que hicieron.<\/p>\n\n\n\n<p>Una noticia, que se conoci\u00f3 precisamente el viernes, es que personal del INTI, cesanteado, hab\u00eda sido reincorporado. Uno de los trabajadores, de hecho, estuvo presente en el acto de asunci\u00f3n.<\/p>\n\n\n\n<p>Tambi\u00e9n hicieron uso de la palabra, el nuevo presidente del Centro de Jubilados de ATE, H\u00e9ctor Quiroga. Record\u00f3 que llegaron a ocupar ese lugar, para hacer valer el derecho que poseen las jubiladas y jubilados estatales, como por ejemplo, en lo que respecta a la atenci\u00f3n en la salud. Tambi\u00e9n se pronunci\u00f3 Mengarelli, otro de los oradores.<\/p>\n\n\n\n<p>Se brind\u00f3 un reconocimiento a Donaciano Bima, conocido como &#8220;Don Bima&#8221;, por sus 29 a\u00f1os en el centro de jubilados.<\/p>\n\n\n\n<figure class=\"wp-block-image size-large\"><img decoding=\"async\" src=\"http:\/\/atecordoba.org\/wp-content\/uploads\/2020\/05\/FB_IMG_1577028078952.jpg\" alt=\"\" class=\"wp-image-11916\"\/><\/figure>\n\n\n\n<p>Giuliani, por su parte, destac\u00f3 la lucha de ATE en los \u00faltimos a\u00f1os, con permanentes movilizaciones y reclamos, mientras se produc\u00edan despidos en los diferentes estamentos del estado y ciertos sectores guardaban &#8220;silencio&#8221;.<\/p>\n\n\n\n<p>Quien se desempe\u00f1\u00f3 hasta hace poco como secretario general del gremio en R\u00edo Tercero, Cristian Colman, fue reconocido por su trabajo. Agradeci\u00f3 el haber podido, por a\u00f1os, estar al frente de ATE, visiblemente emocionado. Recibi\u00f3, por parte de Aguiar, una medalla en reconocimiento por su tarea sindical.<\/p>\n\n\n\n<figure class=\"wp-block-image size-large\"><img decoding=\"async\" src=\"http:\/\/atecordoba.org\/wp-content\/uploads\/2020\/05\/FB_IMG_1577027983588.jpg\" alt=\"\" class=\"wp-image-11917\"\/><\/figure>\n\n\n\n<p>Por su parte, el nuevo secretario general, Dami\u00e1n Albornoz, enfatiz\u00f3 que el promedio de edad de la nueva conducci\u00f3n es de 35 a\u00f1os y que, por primera ocasi\u00f3n, quien lo secunda como secretaria general adjunta, es una mujer. Se trata de Ver\u00f3nica Pramparo.<\/p>\n\n\n\n<p>Albornoz, manifest\u00f3 que en esta etapa, uno de los desaf\u00edos ser\u00e1 que quienes fueron cesanteados, sean reincorporadas y reincoporados. En R\u00edo Tercero, entre 2017 y 2018, fueron 100 las trabajadoras y trabajadores que perdieron su fuente laboral en la F\u00e1brica Militar por decisi\u00f3n de la anterior gesti\u00f3n nacional.<\/p>\n\n\n\n<p>Adem\u00e1s, se\u00f1al\u00f3 que uno de los objetivos ser\u00e1 sumar afiliadas y afiliados, especialmente de los municipios. En algunos de ellos, en la zona, ya tienen afiliaciones, como es el caso de San Agust\u00edn (el primero de la regi\u00f3n con representaci\u00f3n gremial de ATE), Almafuerte y Villa Ciudad Parque.&nbsp;<\/p>\n\n\n\n<p>Record\u00f3 en uno de los momentos de su discurso a Eduardo Candelero. Dijo que les marc\u00f3 un camino a las nuevas generaciones de dirigentes. Destac\u00f3, en tanto, el trabajo realizado por su antecesor, Cristian Colman.<\/p>\n\n\n\n<figure class=\"wp-block-image\"><img decoding=\"async\" src=\"http:\/\/atecordoba.org\/wp-content\/uploads\/2020\/05\/multimedia.normal.a1cb702245d9cdf4.4173756e6369c3b36e20415445325f6e6f726d616c2e6a7067.jpg\" alt=\"Asunci\u00f3n ATE2\"\/><\/figure>\n\n\n\n<p><strong>La nueva conducci\u00f3n<\/strong><\/p>\n\n\n\n<p><strong>Secretario General:<\/strong>&nbsp;Dami\u00e1n Albornoz<\/p>\n\n\n\n<p><strong>Secretaria General Adjunta:<\/strong>&nbsp;Ver\u00f3nica Pramparo<\/p>\n\n\n\n<p><strong>Secretario Administrativo de Actas, Legales y Estad\u00edsticas:<\/strong>&nbsp;Dar\u00edo Torres<\/p>\n\n\n\n<p><strong>Secretario Gremial:<\/strong>&nbsp;David Salto<\/p>\n\n\n\n<p><strong>Pro Secretario Gremial:<\/strong>&nbsp;Roberto Sosa<\/p>\n\n\n\n<p><strong>Secretario de Organizaci\u00f3n:<\/strong>&nbsp;Juan Manuel Baz\u00e1n<\/p>\n\n\n\n<p><strong>Secretario de Prensa y Propaganda:<\/strong>&nbsp;Emiliano Campos<\/p>\n\n\n\n<p><strong>Secretaria de Acci\u00f3n Social:<\/strong>&nbsp;Giannina Crispiani<\/p>\n\n\n\n<p><strong>Secretaria de Turismo, Deportes y Cultura:<\/strong>&nbsp;Soledad \u00c1vila<\/p>\n\n\n\n<p><strong>Secretario de Finanzas:<\/strong>&nbsp;Walter \u00c1vila<\/p>\n\n\n\n<p><strong>Pro-Secretaria de Finanzas:<\/strong>&nbsp;Estela Dassi<\/p>\n\n\n\n<p><strong>Vocales:<\/strong>&nbsp;Alexander Cabrera, Susana Demichelis, Javier Araujo, Gisela Leyes, Cintia Sorello, Guillermo Brizuela, Anal\u00eda Ostermeyer, Marcos Cabrera, Mauricio Palavecino, Soledad Torres, H\u00e9ctor Fern\u00e1ndez, Mat\u00edas \u00c1vila.<\/p>\n\n\n\n<p><strong>Comisi\u00f3n Revisora de Cuentas:<\/strong>&nbsp;Sergio Gotelli, Marcela Frayle, Elver Diaz, Teresita del Carmen Barrios, Andr\u00e9s Orellana, y Lucas Pedone.<\/p>\n\n\n\n<p>Fuente: Tercer R\u00edo Noticias<\/p>\n\n\n\n<p>Fotograf\u00edas: Prensa ATE R\u00edo Tercero<\/p>\n","protected":false},"excerpt":{"rendered":"<p>El viernes, con la presencia de dirigentes nacionales y provinciales, referentes de otros sindicatos, autoridades municipales y de otras instituciones, asumi\u00f3 la nueva conducci\u00f3n del gremio, encabezada por Dami\u00e1n Albornoz, como secretario general, como as\u00ed tambi\u00e9n lo hizo el presidente del Centro de Jubilados de ATE, H\u00e9ctor Quiroga. &nbsp;Se realiz\u00f3 el acto de asunci\u00f3n de [&hellip;]<\/p>\n","protected":false},"author":1,"featured_media":19220,"comment_status":"open","ping_status":"open","sticky":false,"template":"","format":"standard","meta":{"_exactmetrics_skip_tracking":false,"_exactmetrics_sitenote_active":false,"_exactmetrics_sitenote_note":"","_exactmetrics_sitenote_category":0,"jnews-multi-image_gallery":[],"jnews_single_post":[],"jnews_primary_category":[],"jnews_social_meta":[],"jnews_review":[],"enable_review":"","type":"","name":"","summary":"","brand":"","sku":"","good":[],"bad":[],"score_override":"","override_value":"","rating":[],"price":[],"jnews_override_counter":[],"jnews_post_split":[],"footnotes":""},"categories":[1],"tags":[],"class_list":["post-11909","post","type-post","status-publish","format-standard","has-post-thumbnail","hentry","category-sin-categoria"],"jetpack_featured_media_url":"https:\/\/atecordoba.org\/wp-content\/uploads\/2020\/05\/logo-nuevochico-e1561581322808.png","_links":{"self":[{"href":"https:\/\/atecordoba.org\/index.php?rest_route=\/wp\/v2\/posts\/11909","targetHints":{"allow":["GET"]}}],"collection":[{"href":"https:\/\/atecordoba.org\/index.php?rest_route=\/wp\/v2\/posts"}],"about":[{"href":"https:\/\/atecordoba.org\/index.php?rest_route=\/wp\/v2\/types\/post"}],"author":[{"embeddable":true,"href":"https:\/\/atecordoba.org\/index.php?rest_route=\/wp\/v2\/users\/1"}],"replies":[{"embeddable":true,"href":"https:\/\/atecordoba.org\/index.php?rest_route=%2Fwp%2Fv2%2Fcomments&post=11909"}],"version-history":[{"count":1,"href":"https:\/\/atecordoba.org\/index.php?rest_route=\/wp\/v2\/posts\/11909\/revisions"}],"predecessor-version":[{"id":18927,"href":"https:\/\/atecordoba.org\/index.php?rest_route=\/wp\/v2\/posts\/11909\/revisions\/18927"}],"wp:featuredmedia":[{"embeddable":true,"href":"https:\/\/atecordoba.org\/index.php?rest_route=\/wp\/v2\/media\/19220"}],"wp:attachment":[{"href":"https:\/\/atecordoba.org\/index.php?rest_route=%2Fwp%2Fv2%2Fmedia&parent=11909"}],"wp:term":[{"taxonomy":"category","embeddable":true,"href":"https:\/\/atecordoba.org\/index.php?rest_route=%2Fwp%2Fv2%2Fcategories&post=11909"},{"taxonomy":"post_tag","embeddable":true,"href":"https:\/\/atecordoba.org\/index.php?rest_route=%2Fwp%2Fv2%2Ftags&post=11909"}],"curies":[{"name":"wp","href":"https:\/\/api.w.org\/{rel}","templated":true}]}}