{"id":11893,"date":"2019-12-20T13:10:24","date_gmt":"2019-12-20T16:10:24","guid":{"rendered":"https:\/\/www.atecordoba.org\/?p=11893"},"modified":"2020-05-05T09:16:21","modified_gmt":"2020-05-05T12:16:21","slug":"emotivo-homenaje-a-hector-la-perra-castro-en-ate-cordoba","status":"publish","type":"post","link":"https:\/\/atecordoba.org\/?p=11893","title":{"rendered":"Emotivo homenaje a H\u00e9ctor \u201cLa Perra\u201d Castro en ATE C\u00f3rdoba"},"content":{"rendered":"\n<p>El pasado mi\u00e9rcoles por la tarde, encabezado por el Secretario General de la Asociaci\u00f3n Trabajadores del Estado (ATE-CTAA) Federico Giuliani, se desarroll\u00f3 un emotivo, sentido, merecido y justo homenaje a un luchador inclaudicable con la presentaci\u00f3n del libro sobre el hist\u00f3rico dirigente de ATE C\u00f3rdoba, H\u00e9ctor \u201cLa Perra\u201d Castro, escrito por Daniel Parcero.<\/p>\n\n\n\n<figure class=\"wp-block-image size-large\"><img decoding=\"async\" src=\"http:\/\/atecordoba.org\/wp-content\/uploads\/2020\/05\/35973163_2125662184341165_5243255302832259072_o-1024x576.jpg\" alt=\"\" class=\"wp-image-11894\"\/><\/figure>\n\n\n\n<figure class=\"wp-block-image size-large\"><img decoding=\"async\" src=\"http:\/\/atecordoba.org\/wp-content\/uploads\/2020\/05\/53582158_10218699298384440_3429072485780291584_o-1024x576.jpg\" alt=\"\" class=\"wp-image-11895\"\/><figcaption>Familiares de Castro descubriendo la placa<\/figcaption><\/figure>\n\n\n\n<p>Federico Giuliani\ncomenz\u00f3 expresando, emocionado: \u201ccomo creemos que\nfue nuestro entra\u00f1able, digo entra\u00f1able porque lo aprend\u00ed a querer, a respetar,\na H\u00e9ctor &#8220;La Perra&#8221; Castro para nosotros y nosotras es fundamental\nrescatar su figura; esa val\u00eda de nuestros pioneros es la que nos va a marcar el\ntiempo para adelante, con esa memoria hist\u00f3rica, construir el presente, que es\nde lucha y el futuro que va a ser nuestro, no nos cabe la menor duda. Para eso\nmilitamos todos y todas. No hay proyecto pol\u00edtico sindical de car\u00e1cter integral\nsi no hay afectos porque la construcci\u00f3n pol\u00edtica fundamentalmente se debe\nbasar en la construcci\u00f3n de lazos afectivos, en tejer redes. Por eso hoy ver a\ntantos dirigentes hist\u00f3ricos, a los compa\u00f1eros Atilio Juan L\u00f3pez, al hijo de Elpidio\nTorres, a los hijos de H\u00e9ctor, a Mirta, a tantas compa\u00f1eras y compa\u00f1eros que\nhan escrito la historia, no solamente de C\u00f3rdoba sino tambi\u00e9n de la Argentina\u201d.\n<\/p>\n\n\n\n<p>En esta C\u00f3rdoba paradojal, por un lado el Cordobazo que pari\u00f3 la reforma universitaria del &#8217;18 que supo recuperar La Perla, como un lugar de construcci\u00f3n de memoria hist\u00f3rica, que logr\u00f3 condenar a ese genocida nefasto como Benjam\u00edn Men\u00e9ndez, tambi\u00e9n es la C\u00f3rdoba, de los Pagani, los Roggio, de los Urquia y de lamentablemente esos miles de trabajadores y trabajadoras que votaron a Macri. <\/p>\n\n\n\n<figure class=\"wp-block-image size-large\"><img decoding=\"async\" src=\"http:\/\/atecordoba.org\/wp-content\/uploads\/2020\/05\/62006242_2336810903043967_7133989740067422208_n-1024x576.jpg\" alt=\"\" class=\"wp-image-11896\"\/><figcaption>Daniel Parcero escritor<\/figcaption><\/figure>\n\n\n\n<p>El secretario general de ATE se pregunt\u00f3: \u201cUno se pregunta, en este momento pol\u00edtico tan importante que estamos viviendo en Argentina, si no es necesario hacerse la auto cr\u00edtica porque hoy la realidad indica que hay una crisis de representatividad, hay detrimento generalizado hacia las organizaciones pol\u00edticas, sociales y partidarias. Por un lado porque digamos que hay dirigentes que han hecho muy mal las cosas y la gente descree, pero tambi\u00e9n tiene que ver con que hemos perdido una batalla cultural ideol\u00f3gica desde la dictadura olig\u00e1rquica militar a esta parte. No podemos hablar de que en C\u00f3rdoba no haya m\u00e1s Toscos, m\u00e1s Atilios L\u00f3pez, m\u00e1s Torres, m\u00e1s Ren\u00e9 Salamanca, m\u00e1s H\u00e9ctor &#8220;La Perra&#8221; Castro si no entendemos que C\u00f3rdoba fue uno de los epicentros del terrorismo de estado. Nuestros mejores compa\u00f1eros no est\u00e1n y otros que sobrevivieron, est\u00e1n ac\u00e1 y nos muestran que la militancia no es un estado de \u00e1nimo, no es la efervescencia de una asamblea, es un proyecto de vida. Para quienes fuimos paridos por aquella generaci\u00f3n tan maravillosa que son los compa\u00f1eros y las compa\u00f1eras de los setenta, yo soy hijo de esa generaci\u00f3n, aunque quisieron no nos pudieron cortar las alas, las alas est\u00e1n intactas, nos quisieron hacer poner de rodillas y no pudieron, nos quisieron hacer perder la dignidad y tampoco pudieron. Por eso la idea de hoy era generar esta instancia de encuentro, de vernos, de abrazarnos, de festejar, no que se fue Macri, que lo echamos a Macri. Macri no se fue solamente por los votos populares del 27 de octubre, se fue principalmente por la lucha y la resistencia de las organizaciones sociales, sindicales, pol\u00edticas combativas que en la logramos que esta ceocracia de chetos dejara de ser una pesadilla para los laburantes\u201d.<\/p>\n\n\n\n<figure class=\"wp-block-image size-large\"><img decoding=\"async\" src=\"http:\/\/atecordoba.org\/wp-content\/uploads\/2020\/05\/IMG-20191218-WA0266-1024x574.jpg\" alt=\"\" class=\"wp-image-11897\"\/><\/figure>\n\n\n\n<p>Este\nmerecido homenaje a Castro fue organizado por Federico Giuliani junto al\ncompa\u00f1ero Daniel Parsero y Guillermo Galindez quien fue el secretario de prensa\ny comunicaci\u00f3n de ATE cuando H\u00e9ctor Castro era secretario general.<\/p>\n\n\n\n<p>Finalmente Giuliani reflexion\u00f3: \u201duno es lo que hace, no lo que dice, eso es una posibilidad, nosotros somos lo que hacemos y estamos hoy donde tenemos que estar, y estamos haciendo lo que tenemos que hacer que es homenajear al cuarto dirigente m\u00e1s importante que tuvo el Cordobazo que es H\u00e9ctor La Perra Castro compa\u00f1eros y compa\u00f1eras\u201d.<\/p>\n\n\n\n<figure class=\"wp-block-image size-large\"><img decoding=\"async\" src=\"http:\/\/atecordoba.org\/wp-content\/uploads\/2020\/05\/thumbnail_IMG-20191218-WA0262-1024x574.jpg\" alt=\"\" class=\"wp-image-11898\"\/><figcaption>Federico Giuliani<\/figcaption><\/figure>\n\n\n\n<p>En un\nauditorio poblado de emoci\u00f3n y de viejos dirigentes y familiares, pero as\u00ed\ntambi\u00e9n de muchos compa\u00f1eros y compa\u00f1eras j\u00f3venes que se deben apropiar de\nnuestra historia, que se deben apropiar de nuestros m\u00e1rtires y a partir de ese\nejemplo militar todos los d\u00edas para construir una patria m\u00e1s justa, libre, para\ntodos y todas. <\/p>\n\n\n\n<p>ATE fue\nla cuarta para del Cordobazo y eso la historia no lo cuenta, pero tampoco nos\nlo contamos nosotros por eso es necesario reivindicar esa historia, esa lucha,\nese ADN que tiene nuestra sangre de quienes nos sentimos parte de ATE y del\ncampo popular. <\/p>\n\n\n\n<p>C\u00e9sar Theaux secretario de formaci\u00f3n y quien ofici\u00f3 de presentador de la actividad remarc\u00f3 que esta era una instancia m\u00e1s de cultura y de formaci\u00f3n. A rengl\u00f3n seguido Guillermo Gal\u00edndez expres\u00f3: \u201c\u00bfPor qu\u00e9 estoy yo ac\u00e1? yo ac\u00e1, una que no soy historiador, si soy fot\u00f3grafo pero no soy historiador pero si me he dedicado a recuperar un poquito la historia de los compa\u00f1eros trabajadores. La historia olvidada. \u00bfy por qu\u00e9 estoy ac\u00e1? yo ac\u00e1 entr\u00e9 a la f\u00e1brica de aviones que es el inicio junto con ATE en el a\u00f1o &#8217;26, el inicio de toda la transformaci\u00f3n de la C\u00f3rdoba industrial, entonces yo entro como aprendiz en el a\u00f1o &#8217;60. En el 62 me recibo y en el 63 soy delegado de ATE, ten\u00eda 17 a\u00f1os y no me dejaron, despu\u00e9s pude a los 18. En el gobierno de Illia me echaron por delegado y por peronista, que era representante de la JP de la seccional s\u00e9ptima. La lucha de los compa\u00f1eros de ATE me reincorporaron, la lucha en la calle, volv\u00ed a trabajar y cuando entra despu\u00e9s la dictadura de Ongan\u00eda, nos sac\u00f3 de la f\u00e1brica de aviones. No volv\u00ed m\u00e1s hasta que vuelve la democracia en el &#8217;73, y con la ley de amnist\u00eda del compa\u00f1ero C\u00e1mpora, vuelvo\u201d.<\/p>\n\n\n\n<figure class=\"wp-block-image size-large\"><img decoding=\"async\" src=\"http:\/\/atecordoba.org\/wp-content\/uploads\/2020\/05\/thumbnail_IMG-20191218-WA0260-1024x574.jpg\" alt=\"\" class=\"wp-image-11899\"\/><figcaption>Guillermo Gal\u00edndez <\/figcaption><\/figure>\n\n\n\n<p>Gal\u00edndez\nes historia viva, relata: \u201cATE era manejada por la vanguardia comunista, le iba\na ganar las elecciones a Castro, no hab\u00eda duda de que le iban a ganar porque\nmanejaban muy bien estos muchachos, cuando entramos nosotros junto con los\ncompa\u00f1eros de montoneros y la JTP, ganamos el primer sindicato en la democracia\nque fue ATE\u201d. <\/p>\n\n\n\n<p>La muestra fotogr\u00e1fica que tiene a Castro como protagonista, estar\u00e1 montada en el auditorio que lleva su nombre en la sede de estatales de calle Entre R\u00edos 450. <\/p>\n\n\n\n<p>Sebasti\u00e1n Berenguer director teatral manifest\u00f3 la felicidad y di\u00f3 la noticia de que en 2020 se estrenar\u00e1 el unipersonal sobre Castro, obra pedida por ATE CDP C\u00f3rdoba.<\/p>\n\n\n\n<figure class=\"wp-block-image size-large\"><img decoding=\"async\" src=\"http:\/\/atecordoba.org\/wp-content\/uploads\/2020\/05\/36227162_2125663901007660_7755509355050434560_o-1024x576.jpg\" alt=\"\" class=\"wp-image-11900\"\/><figcaption>Garba<\/figcaption><\/figure>\n\n\n\n<p>Daniel\nParcero autor de la saga sobre la historia oficial de ATE y de la colecci\u00f3n\nHistorias Recuperadas, destac\u00f3 la participaci\u00f3n de Castro, junto a Agust\u00edn\nTosco y Atilio L\u00f3pez, no solo en la organizaci\u00f3n de esa revuelta popular sino\ntambi\u00e9n en todo el proceso previo de la Resistencia Peronista a la proscripci\u00f3n\ny a los golpes militares.<\/p>\n\n\n\n<p>\u201cM\u00e1s\nque el suceso del 29 de mayo de 1969 en C\u00f3rdoba Capital, es importante destacar\ntodo el proceso de resistencia y organizaci\u00f3n popular que llev\u00f3 a esa gesta que\nhoy recordamos\u201d, se\u00f1al\u00f3 Parcero y destac\u00f3 que \u201cLa Perra\u201d no pudo participar en\nlas calles en ese d\u00eda emblem\u00e1tico porque era buscado intensamente por la\npolic\u00eda cordobesa.<\/p>\n\n\n\n<p>Tambi\u00e9n estuvieron en el panel Mar\u00eda Sotti secretaria de\nactas del CDP de ATE e Ilda Bustos secretaria general de la Uni\u00f3n Obrera\nGr\u00e1fica Cordobesa (UOGC) y Secretaria Adjunta de la\nCGT.<\/p>\n\n\n\n<p>Bustos\npuso de relieve la importancia de la unidad y de recuperar nuestra historia\ncomo trabajadores. Por su parte Sotti apunt\u00f3: \u201cRecuperar la memoria hist\u00f3rica\nde quien fue el cuarto brazo del Cordobazo, H\u00e9ctor Castro, es muy importante\npara las y los j\u00f3venes militantes de ATE. Nos llena de m\u00edstica y compromiso. Es\nel legado de los grandes como Castro que debe ser nuestra inspiraci\u00f3n y norte\nen la gesti\u00f3n de nuestra ATE\u201d.<\/p>\n\n\n\n<p>De la partida tambi\u00e9n fue el gran Luis\n\u201cVit\u00edn\u201d Baronetto\u201d bi\u00f3grafo del Obispo Angelelli, Director de Centro\nLatinoamericano y militante de los derechos humanos.<\/p>\n\n\n\n<p>Al cierre se le entreg\u00f3 una plaqueta a la familia de H\u00e9ctor Castro y qued\u00f3 inaugurado el Auditorio de la Sede del Consejo Directivo Provincial de ATE en C\u00f3rdoba con el nombre H\u00e9ctor \u201cLa Perra\u201d Castro\u201d. Adem\u00e1s de un diploma a Julio Carrizo, hist\u00f3rico dirigente sindical. Para amenizar contamos con la gran Garba en guitarra cantando verdades del campo popular.<\/p>\n\n\n\n<figure class=\"wp-block-image size-large\"><img decoding=\"async\" src=\"http:\/\/atecordoba.org\/wp-content\/uploads\/2020\/05\/thumbnail_IMG-20191218-WA0289-1024x576.jpg\" alt=\"\" class=\"wp-image-11901\"\/><figcaption>Junto a los hijos de Atilio L\u00f3pez y Elpidio Torres<br><\/figcaption><\/figure>\n\n\n\n<figure class=\"wp-block-image size-large\"><img decoding=\"async\" src=\"http:\/\/atecordoba.org\/wp-content\/uploads\/2020\/05\/36121168_2163489480642512_5111385745122131968_n-1024x576.jpg\" alt=\"\" class=\"wp-image-11902\"\/><figcaption>Julio Carrizo dirigente sindical<\/figcaption><\/figure>\n\n\n\n<figure class=\"wp-block-image size-large\"><img decoding=\"async\" src=\"http:\/\/atecordoba.org\/wp-content\/uploads\/2020\/05\/thumbnail_IMG-20191218-WA0305-1024x576.jpg\" alt=\"\" class=\"wp-image-11903\"\/><figcaption>Mirta Castro, hermana de H\u00e9ctor y Eugenio, su secretario<br><\/figcaption><\/figure>\n\n\n\n<figure class=\"wp-block-image size-large\"><img decoding=\"async\" src=\"http:\/\/atecordoba.org\/wp-content\/uploads\/2020\/05\/27021884_342324116247568_7909567664860325231_o-1-1024x576.jpg\" alt=\"\" class=\"wp-image-11904\"\/><\/figure>\n\n\n\n<figure class=\"wp-block-image size-large\"><img decoding=\"async\" src=\"http:\/\/atecordoba.org\/wp-content\/uploads\/2020\/05\/52827995_10218699299464467_6594631913154019328_o-1024x576.jpg\" alt=\"\" class=\"wp-image-11905\"\/><figcaption>Hijos de H\u00e9ctor Castro junto a su nieta, Mirta su hermana y Eugenio su secretario<\/figcaption><\/figure>\n\n\n\n<figure class=\"wp-block-image size-large\"><img decoding=\"async\" src=\"http:\/\/atecordoba.org\/wp-content\/uploads\/2020\/05\/IMG-20191218-WA0281-1024x576.jpg\" alt=\"\" class=\"wp-image-11906\"\/><\/figure>\n\n\n\n<figure class=\"wp-block-image size-large\"><img decoding=\"async\" src=\"http:\/\/atecordoba.org\/wp-content\/uploads\/2020\/05\/55835407_10218821039227885_1844606436936515584_o-1024x576.jpg\" alt=\"\" class=\"wp-image-11907\"\/><figcaption>Galindez, Giuliani, Parcero y Mar\u00eda Sotti<\/figcaption><\/figure>\n","protected":false},"excerpt":{"rendered":"<p>El pasado mi\u00e9rcoles por la tarde, encabezado por el Secretario General de la Asociaci\u00f3n Trabajadores del Estado (ATE-CTAA) Federico Giuliani, se desarroll\u00f3 un emotivo, sentido, merecido y justo homenaje a un luchador inclaudicable con la presentaci\u00f3n del libro sobre el hist\u00f3rico dirigente de ATE C\u00f3rdoba, H\u00e9ctor \u201cLa Perra\u201d Castro, escrito por Daniel Parcero. Federico Giuliani [&hellip;]<\/p>\n","protected":false},"author":1,"featured_media":19220,"comment_status":"open","ping_status":"open","sticky":false,"template":"","format":"standard","meta":{"_exactmetrics_skip_tracking":false,"_exactmetrics_sitenote_active":false,"_exactmetrics_sitenote_note":"","_exactmetrics_sitenote_category":0,"jnews-multi-image_gallery":[],"jnews_single_post":[],"jnews_primary_category":[],"jnews_social_meta":[],"jnews_review":[],"enable_review":"","type":"","name":"","summary":"","brand":"","sku":"","good":[],"bad":[],"score_override":"","override_value":"","rating":[],"price":[],"jnews_override_counter":[],"jnews_post_split":[],"footnotes":""},"categories":[1],"tags":[],"class_list":["post-11893","post","type-post","status-publish","format-standard","has-post-thumbnail","hentry","category-sin-categoria"],"jetpack_featured_media_url":"https:\/\/atecordoba.org\/wp-content\/uploads\/2020\/05\/logo-nuevochico-e1561581322808.png","_links":{"self":[{"href":"https:\/\/atecordoba.org\/index.php?rest_route=\/wp\/v2\/posts\/11893","targetHints":{"allow":["GET"]}}],"collection":[{"href":"https:\/\/atecordoba.org\/index.php?rest_route=\/wp\/v2\/posts"}],"about":[{"href":"https:\/\/atecordoba.org\/index.php?rest_route=\/wp\/v2\/types\/post"}],"author":[{"embeddable":true,"href":"https:\/\/atecordoba.org\/index.php?rest_route=\/wp\/v2\/users\/1"}],"replies":[{"embeddable":true,"href":"https:\/\/atecordoba.org\/index.php?rest_route=%2Fwp%2Fv2%2Fcomments&post=11893"}],"version-history":[{"count":1,"href":"https:\/\/atecordoba.org\/index.php?rest_route=\/wp\/v2\/posts\/11893\/revisions"}],"predecessor-version":[{"id":18942,"href":"https:\/\/atecordoba.org\/index.php?rest_route=\/wp\/v2\/posts\/11893\/revisions\/18942"}],"wp:featuredmedia":[{"embeddable":true,"href":"https:\/\/atecordoba.org\/index.php?rest_route=\/wp\/v2\/media\/19220"}],"wp:attachment":[{"href":"https:\/\/atecordoba.org\/index.php?rest_route=%2Fwp%2Fv2%2Fmedia&parent=11893"}],"wp:term":[{"taxonomy":"category","embeddable":true,"href":"https:\/\/atecordoba.org\/index.php?rest_route=%2Fwp%2Fv2%2Fcategories&post=11893"},{"taxonomy":"post_tag","embeddable":true,"href":"https:\/\/atecordoba.org\/index.php?rest_route=%2Fwp%2Fv2%2Ftags&post=11893"}],"curies":[{"name":"wp","href":"https:\/\/api.w.org\/{rel}","templated":true}]}}