{"id":11890,"date":"2019-12-20T12:01:13","date_gmt":"2019-12-20T15:01:13","guid":{"rendered":"https:\/\/www.atecordoba.org\/?p=11890"},"modified":"2020-05-05T09:16:43","modified_gmt":"2020-05-05T12:16:43","slug":"ate-en-contra-de-la-reestructuracion-de-los-municipios","status":"publish","type":"post","link":"https:\/\/atecordoba.org\/?p=11890","title":{"rendered":"ATE en contra de la reestructuraci\u00f3n de los municipios"},"content":{"rendered":"\n<p>La Asociaci\u00f3n Trabajadores del Estado (ATE-CTAA) C\u00f3rdoba, se pronuncia en defensa de la estabilidad de las y los trabajadores de los municipios de la provincia. Rechazamos de plano la ordenanza que busca implementar el Intendente de Cosqu\u00edn Gabriel Musso del Partido Socialista. <\/p>\n\n\n\n<div class=\"wp-block-image\"><figure class=\"aligncenter size-large\"><img decoding=\"async\" src=\"http:\/\/atecordoba.org\/wp-content\/uploads\/2020\/05\/multimedia.normal.aaefd5d8603fc757.4661627269636163696f6e6573204d696c697461726573204020456d696c69615f6e6f726d616c2e4a5047-1-1024x767.jpg\" alt=\"\" class=\"wp-image-11891\"\/><figcaption>Municipio de Cosqu\u00edn<\/figcaption><\/figure><\/div>\n\n\n\n<p>A trav\u00e9s de la declaraci\u00f3n de emergencia econ\u00f3mica se pretenda tercerizar, concesionar o privatizar servicios esenciales que presta el Estado Municipal. Esta ordenanza vulnera derechos laborales esenciales de los trabajadores y trabajadoras, habilitando al municipio, incluso a rescindir contratos y a despedir. A la vez que abre la puerta a privatizar derechos. ATE reafirma su lucha en defensa de los derechos fundamentales de las y los municipales, cuestiona que se vulneren normas de fondo del Derecho Laboral tras estas ordenanzas, y vuelve a plantear la necesidad de un Estado al servicio de sus comunidades. <\/p>\n\n\n\n<p>Vemos con preocupaci\u00f3n que esta modalidad se repite en localidades como Bell Ville, Las Palmas, Jes\u00fas Mar\u00eda, Quilino y Sampacho. ATE se declara en estado de alerta y movilizaci\u00f3n. <\/p>\n\n\n\n<p><strong>Federico Giuliani Secretario general ATE CDP C\u00f3doba <\/strong><\/p>\n\n\n\n<p><strong>Edith Innamorato Secretaria de interior ATE CDP Cordoba <\/strong><\/p>\n","protected":false},"excerpt":{"rendered":"<p>La Asociaci\u00f3n Trabajadores del Estado (ATE-CTAA) C\u00f3rdoba, se pronuncia en defensa de la estabilidad de las y los trabajadores de los municipios de la provincia. Rechazamos de plano la ordenanza que busca implementar el Intendente de Cosqu\u00edn Gabriel Musso del Partido Socialista. A trav\u00e9s de la declaraci\u00f3n de emergencia econ\u00f3mica se pretenda tercerizar, concesionar o [&hellip;]<\/p>\n","protected":false},"author":1,"featured_media":19220,"comment_status":"open","ping_status":"open","sticky":false,"template":"","format":"standard","meta":{"_exactmetrics_skip_tracking":false,"_exactmetrics_sitenote_active":false,"_exactmetrics_sitenote_note":"","_exactmetrics_sitenote_category":0,"jnews-multi-image_gallery":[],"jnews_single_post":[],"jnews_primary_category":[],"jnews_social_meta":[],"jnews_review":[],"enable_review":"","type":"","name":"","summary":"","brand":"","sku":"","good":[],"bad":[],"score_override":"","override_value":"","rating":[],"price":[],"jnews_override_counter":[],"jnews_post_split":[],"footnotes":""},"categories":[1],"tags":[],"class_list":["post-11890","post","type-post","status-publish","format-standard","has-post-thumbnail","hentry","category-sin-categoria"],"jetpack_featured_media_url":"https:\/\/atecordoba.org\/wp-content\/uploads\/2020\/05\/logo-nuevochico-e1561581322808.png","_links":{"self":[{"href":"https:\/\/atecordoba.org\/index.php?rest_route=\/wp\/v2\/posts\/11890","targetHints":{"allow":["GET"]}}],"collection":[{"href":"https:\/\/atecordoba.org\/index.php?rest_route=\/wp\/v2\/posts"}],"about":[{"href":"https:\/\/atecordoba.org\/index.php?rest_route=\/wp\/v2\/types\/post"}],"author":[{"embeddable":true,"href":"https:\/\/atecordoba.org\/index.php?rest_route=\/wp\/v2\/users\/1"}],"replies":[{"embeddable":true,"href":"https:\/\/atecordoba.org\/index.php?rest_route=%2Fwp%2Fv2%2Fcomments&post=11890"}],"version-history":[{"count":1,"href":"https:\/\/atecordoba.org\/index.php?rest_route=\/wp\/v2\/posts\/11890\/revisions"}],"predecessor-version":[{"id":18944,"href":"https:\/\/atecordoba.org\/index.php?rest_route=\/wp\/v2\/posts\/11890\/revisions\/18944"}],"wp:featuredmedia":[{"embeddable":true,"href":"https:\/\/atecordoba.org\/index.php?rest_route=\/wp\/v2\/media\/19220"}],"wp:attachment":[{"href":"https:\/\/atecordoba.org\/index.php?rest_route=%2Fwp%2Fv2%2Fmedia&parent=11890"}],"wp:term":[{"taxonomy":"category","embeddable":true,"href":"https:\/\/atecordoba.org\/index.php?rest_route=%2Fwp%2Fv2%2Fcategories&post=11890"},{"taxonomy":"post_tag","embeddable":true,"href":"https:\/\/atecordoba.org\/index.php?rest_route=%2Fwp%2Fv2%2Ftags&post=11890"}],"curies":[{"name":"wp","href":"https:\/\/api.w.org\/{rel}","templated":true}]}}