{"id":1189,"date":"2010-06-15T11:28:50","date_gmt":"2010-06-15T14:28:50","guid":{"rendered":"http:\/\/www.atecordoba.org\/?p=1189"},"modified":"2010-06-15T11:28:50","modified_gmt":"2010-06-15T14:28:50","slug":"encuentro-de-la-cta-en-el-norte-cordobes","status":"publish","type":"post","link":"https:\/\/atecordoba.org\/?p=1189","title":{"rendered":"Encuentro de la CTA en el norte cordob\u00e9s"},"content":{"rendered":"<p style=\"text-align: center;\"><img loading=\"lazy\" decoding=\"async\" class=\"aligncenter  wp-image-1191\" title=\"arton49\" src=\"http:\/\/www.atecordoba.org\/wp-content\/uploads\/2012\/07\/arton49-1024x768.jpg\" alt=\"\" width=\"502\" height=\"377\" \/><\/p>\n<div>\n<div dir=\"ltr\">\n<p><strong>Alrededor de 250 compa\u00f1eros se afiliaron a nuestra central en el paraje de Huascha, cercano a Cruz del Eje. El encuentro concluy\u00f3 con el compromiso de organizarse alrededor de la Corriente Germ\u00e1n Abdala para desarrollar territorialmente a la central en el sector.<\/strong><\/p>\n<\/div>\n<\/div>\n<div>\n<div dir=\"ltr\">\n<p>El s\u00e1bado 12 de junio, finalizado en partido de la selecci\u00f3n de f\u00fatbol ante Nigeria, unos 60 pobladores del pajare de Huasca, ubicado en cercan\u00edas de la ciudad de Cruz del Eje, ratificaron en asamblea integrarse a la CTA para comenzar a organizarse en torno a los reclamos de una de las regiones m\u00e1s postergadas de la provincia de C\u00f3rdoba.<\/p>\n<p>En la oportunidad se reunieron 250 afiliaciones a nuestra central, en una muestra clara que la militancia, el compromiso y el di\u00e1logo permanente son las herramientas adecuadas para la construcci\u00f3n territorial del movimiento pol\u00edtico, social y cultural de liberaci\u00f3n.<\/p>\n<p>La organizaci\u00f3n del encuentro estuvo a cargo de los compa\u00f1eros Alfredo Fiegueroa, delegado por ATE de los municipales de Quilino, y Reyes Albornoz, delegado municipal de la localidad de Chu\u00f1a.<\/p>\n<p>Desde la capital provincial se hicieron presentes los compa\u00f1eros Lu\u00eds B\u00e1rcena, secretario de Interior de ATE C\u00f3rdoba, y Alejandro Charra, Nicol\u00e1s Dreizik y Francisco Pavan por la Juventud de la CTA.<\/p>\n<p>Los compa\u00f1eros del sector expresaron en la asamblea el reguero de necesidades y derechos postergados que sufren desde hace a\u00f1os, sin que ninguna autoridad, ni municipal, ni provincial, ni nacional se haya hecho eco las demandas.<\/p>\n<p>Uno de los problemas m\u00e1s graves que sufre la regi\u00f3n es la falta de agua potable, en una zona donde el agua disponible no se encuentra apta para el consumo debido a los altos grados de salitre y ars\u00e9nico. En el paraje cuentan con un tanque de agua comunitario en desuso desde hace 15 a\u00f1os y los pobladores reciben camiones de agua cada 40 d\u00edas, con un costo de 120 pesos por vivienda.<\/p>\n<p>\u201cVamos a trabajar en torno al problema del agua porque tenemos napas buenas en la zona pero hay que explorarlas y hacer las perforaciones. El pueblo reclama tambi\u00e9n la reapertura de la escuela rural que cerr\u00f3 el gobierno de Ram\u00f3n Mestre cuando realiz\u00f3 el ajuste de la educaci\u00f3n p\u00fablica en la provincia\u201d, se\u00f1al\u00f3 Avelino Bustos.<\/p>\n<p>Otro de los compa\u00f1eros presentes insisti\u00f3 en la necesidad de contar con un servicio de transporte para conectar la zona con Cruz del Eje y con De\u00e1n Funes otra de las ciudades importantes de norte cordob\u00e9s. Es que el aislamiento es uno de los factores m\u00e1s perjudiciales para el desarrollo econ\u00f3mico y social de la zona. La estaci\u00f3n de trenes abandonada es una expresi\u00f3n de aquella desigualdad que sufren los habitantes de Huascha.<\/p>\n<p>Tambi\u00e9n se suma a ello los desalojos de campesinos en la zona por parte de empresarios que se aprovechan de la falta de t\u00edtulos dominiales.<\/p>\n<p>\u201cEstamos presentes desde la CTA para articular en la organizaci\u00f3n ante los reclamos del poblaci\u00f3n, con el compromiso de trabajar conjuntamente y promover el desarrollo territorial en funci\u00f3n de la propia din\u00e1mica que establezcan los compa\u00f1eros\u201d, se\u00f1al\u00f3 Lu\u00eds B\u00e1rcena.<\/p>\n<p>Inmediatamente, los compa\u00f1eros propusieron crear un centro vecinal en el paraje, que depende de la comuna de San Nicol\u00e1s de los Olivares, y una Junta de Participaci\u00f3n Ciudadana para darle institucionalidad a la participaci\u00f3n popular en la zona.<\/p>\n<p>Adem\u00e1s, qued\u00f3 establecido el compromiso para realizar un nuevo encuentro el mes que viene para continuar trabajando en la organizaci\u00f3n territorial, como integrantes de la Agrupaci\u00f3n Germ\u00e1n Abdala de la CTA.<\/p>\n<\/div>\n<\/div>\n","protected":false},"excerpt":{"rendered":"<p>Alrededor de 250 compa\u00f1eros se afiliaron a nuestra central en el paraje de Huascha, cercano a Cruz del Eje. El encuentro concluy\u00f3 con el compromiso de organizarse alrededor de la Corriente Germ\u00e1n Abdala para desarrollar territorialmente a la central en el sector. El s\u00e1bado 12 de junio, finalizado en partido de la selecci\u00f3n de f\u00fatbol [&hellip;]<\/p>\n","protected":false},"author":1,"featured_media":19220,"comment_status":"open","ping_status":"open","sticky":false,"template":"","format":"standard","meta":{"_exactmetrics_skip_tracking":false,"_exactmetrics_sitenote_active":false,"_exactmetrics_sitenote_note":"","_exactmetrics_sitenote_category":0,"jnews-multi-image_gallery":[],"jnews_single_post":[],"jnews_primary_category":[],"jnews_social_meta":[],"jnews_review":[],"enable_review":"","type":"","name":"","summary":"","brand":"","sku":"","good":[],"bad":[],"score_override":"","override_value":"","rating":[],"price":[],"jnews_override_counter":[],"jnews_post_split":[],"footnotes":""},"categories":[8],"tags":[11,31,37],"class_list":["post-1189","post","type-post","status-publish","format-standard","has-post-thumbnail","hentry","category-provinciales","tag-noticias-2","tag-provinciales-2","tag-sta"],"jetpack_featured_media_url":"https:\/\/atecordoba.org\/wp-content\/uploads\/2020\/05\/logo-nuevochico-e1561581322808.png","_links":{"self":[{"href":"https:\/\/atecordoba.org\/index.php?rest_route=\/wp\/v2\/posts\/1189","targetHints":{"allow":["GET"]}}],"collection":[{"href":"https:\/\/atecordoba.org\/index.php?rest_route=\/wp\/v2\/posts"}],"about":[{"href":"https:\/\/atecordoba.org\/index.php?rest_route=\/wp\/v2\/types\/post"}],"author":[{"embeddable":true,"href":"https:\/\/atecordoba.org\/index.php?rest_route=\/wp\/v2\/users\/1"}],"replies":[{"embeddable":true,"href":"https:\/\/atecordoba.org\/index.php?rest_route=%2Fwp%2Fv2%2Fcomments&post=1189"}],"version-history":[{"count":0,"href":"https:\/\/atecordoba.org\/index.php?rest_route=\/wp\/v2\/posts\/1189\/revisions"}],"wp:featuredmedia":[{"embeddable":true,"href":"https:\/\/atecordoba.org\/index.php?rest_route=\/wp\/v2\/media\/19220"}],"wp:attachment":[{"href":"https:\/\/atecordoba.org\/index.php?rest_route=%2Fwp%2Fv2%2Fmedia&parent=1189"}],"wp:term":[{"taxonomy":"category","embeddable":true,"href":"https:\/\/atecordoba.org\/index.php?rest_route=%2Fwp%2Fv2%2Fcategories&post=1189"},{"taxonomy":"post_tag","embeddable":true,"href":"https:\/\/atecordoba.org\/index.php?rest_route=%2Fwp%2Fv2%2Ftags&post=1189"}],"curies":[{"name":"wp","href":"https:\/\/api.w.org\/{rel}","templated":true}]}}