{"id":11884,"date":"2019-12-20T10:26:40","date_gmt":"2019-12-20T13:26:40","guid":{"rendered":"https:\/\/www.atecordoba.org\/?p=11884"},"modified":"2020-05-05T09:16:44","modified_gmt":"2020-05-05T12:16:44","slug":"despidos-la-reincorporacion-laboral-como-materialidad-del-estado-presente","status":"publish","type":"post","link":"https:\/\/atecordoba.org\/?p=11884","title":{"rendered":"Despidos: la reincorporaci\u00f3n laboral como materialidad del Estado presente"},"content":{"rendered":"\n<p> Unos 35.000 trabajadores del Estado nacional fueron dejados en la calle  en los \u00faltimos cuatro a\u00f1os. En c\u00f3rdoba, en ocho organismos hubo m\u00e1s de  300 afectados. Solicitan una amnist\u00eda, tal como se hizo tras la  dictadura. <\/p>\n\n\n\n<figure class=\"wp-block-image size-large\"><img decoding=\"async\" src=\"http:\/\/atecordoba.org\/wp-content\/uploads\/2020\/05\/27021884_342324116247568_7909567664860325231_o.jpg\" alt=\"\" class=\"wp-image-11885\"\/><figcaption>Fotograf\u00eda: Micka Hubeli<br>Marcha ciudad de C\u00f3rdoba<\/figcaption><\/figure>\n\n\n\n<p><strong>\u201cTengo 57 a\u00f1os y todas las condiciones ps\u00edquicas, f\u00edsicas y \npsiqui\u00e1tricas para trabajar, pero yo la tengo re clara: para el sistema \nestoy descartado.<\/strong> Y no porque no sepa hacer nada, tengo la capacidad, la fortaleza y la voluntad de trabajar pero qui\u00e9n me va a contratar\u201d, dice <strong>H\u00e9ctor Ju\u00e1rez<\/strong>,\n despedido de Fabricaciones Militares de R\u00edo Tercero el 17 de agosto de \n2018. H\u00e9ctor recuerda todo de ese d\u00eda: \u201cNo nos dijeron nada, \nabsolutamente nada. Solo trajeron una hoja y la leyeron como quien lee \nla lista del supermercado, sin nada que les doliera, los conmoviera. Nos\n echaron como a esos perros que est\u00e1n en la puerta de la casa \nmolestando.<strong> Estuve m\u00e1s de 13 a\u00f1os trabajando y a m\u00ed me dijeron \n\u2018Chau H\u00e9ctor Ju\u00e1rez, te ten\u00e9s que ir\u2019, as\u00ed, de un momento a otro. Fue un\n d\u00eda negro\u201d.<\/strong><\/p>\n\n\n\n<p>La historia de H\u00e9ctor es parte de la \u2018figurita repetida\u2019 en ocho \norganismos de C\u00f3rdoba dependientes del Estado nacional, que dejaron \n&nbsp;alrededor de 300 despidos a lo largo de la provincia durante el \ngobierno de Mauricio Macri. De esas cesant\u00edas,<strong> unas 200 fueron en Fabricaciones Militares de Villa Mar\u00eda y R\u00edo tercero.&nbsp;<\/strong><\/p>\n\n\n\n<p>Si uno ampl\u00eda el espectro a nivel nacional, en distintas dependencias\n estatales, hubo un total de 35.000 personas que se quedaron en la \ncalle, todos agentes capacitados en distintas \u00e1reas que aportaban al \nfuncionamiento del Estado. Constitu\u00edan m\u00e1s de un tercio de trabajadores \nque materializaban en el territorio la expresi\u00f3n \u201cEstado presente\u201d.<\/p>\n\n\n\n<h3 class=\"wp-block-heading\">Una comisi\u00f3n por las reincorporaciones&nbsp;<\/h3>\n\n\n\n<p>En ese marco,<strong> la Asociaci\u00f3n de Trabajadores del Estado (ATE) c<\/strong>onform\u00f3\n la Comisi\u00f3n de Relevamientos y Reincorporaci\u00f3n de los Trabajadores \nEstatales despedidos en la era Macri (CORREDMA) que tiene por objetivo \n\u201crecuperar el aparato productivo del desguace\u201d, indica a <strong>La Nueva Ma\u00f1ana<\/strong> <strong>Federico Giuliani,<\/strong>\n secretario General de ATE. Esta iniciativa es muy similar a la Comisi\u00f3n\n de Prescindibles, que con la vuelta de la democracia tras la dictadura,\n gestion\u00f3 la reincorporaci\u00f3n de los trabajadores despedidos durante el \ngobierno de facto.&nbsp;<\/p>\n\n\n\n<p>\u201cHay Estados y programas pero para ejecutarlos hacen faltan trabajadores, as\u00ed que en ese marco <strong>le pedimos a Alberto Fern\u00e1ndez una amnist\u00eda, una reparaci\u00f3n hist\u00f3rica como se hizo posterior a la dictadura<\/strong>  donde los cesanteados y perseguidos fueron reincorporados por Ra\u00fal  Alfons\u00edn por medio una comisi\u00f3n de conformaci\u00f3n gremial\u201d, explica  Giuliani y agrega que <strong>ya avanzaron con el di\u00e1logo con el jefe de  Gabinete, Santiago Cafiero, pero falta la ejecuci\u00f3n de una pol\u00edtica de  reincorporaci\u00f3n por parte del nuevo gobierno.&nbsp;<\/strong><\/p>\n\n\n\n<figure class=\"wp-block-image size-large\"><img decoding=\"async\" src=\"http:\/\/atecordoba.org\/wp-content\/uploads\/2020\/05\/multimedia.normal.aaefd5d8603fc757.4661627269636163696f6e6573204d696c697461726573204020456d696c69615f6e6f726d616c2e4a5047.jpg\" alt=\"\" class=\"wp-image-11886\"\/><figcaption>FMRT<br>Fotograf\u00eda Emiliano Campos<\/figcaption><\/figure>\n\n\n\n<p>\u201cEntre los miles de despedidos y esta manera masiva e intempestiva de  hacerlo, dejaron afuera a trabajadoras embarazadas, trabajadores con  c\u00e1ncer, algunos con 20 a\u00f1os de experiencia, que hab\u00edan concursado para  pasar a planta.<strong> En estos \u00faltimos cuatro a\u00f1os muchas personas se  deprimieron, se enfermaron, algunos hasta pensaron en quitarse la vida,  muchas familias vivieron la incertidumbre que trae la desocupaci\u00f3n\u201d<\/strong>, describe el secretario gremial.<\/p>\n\n\n\n<h3 class=\"wp-block-heading\">Una larga lista&nbsp;<\/h3>\n\n\n\n<p>La Subsecretar\u00eda de Agricultura Familiar de C\u00f3rdoba (SsAF), en poco tiempo fue diezmada, <a href=\"https:\/\/lmdiario.com.ar\/noticia\/92724\/subsecretaria-de-agricultura-familiar-el-ajuste-que-deja-a-la-deriva-la-agroecol\" rel=\"noreferrer noopener\" target=\"_blank\"><strong>los despidos arrasaron con el 85% de los t\u00e9cnicos que asesoraba a m\u00e1s de 10.000 peque\u00f1os productores de la provincia<\/strong>.<\/a>&nbsp;A\n la cabeza del organismo -y quien arm\u00f3 las listas de despidos en dos \ntandas- estuvo Juan Pablo Vecchi, uno de los beneficiados con el pase a \nplanta permanente sin concurso, por el DNU sacado a \u00faltimo momento antes\n de que finalizara el gobierno de Cambiemos. Hoy, el reclamo gremial, es\n que tambi\u00e9n se revisen todas estas irregularidades.&nbsp; <strong>En 2019 en la SsAF de la provincia s\u00f3lo quedan 14 trabajadores.<\/strong><\/p>\n\n\n\n<p>La <strong>Administraci\u00f3n Nacional de Aviaci\u00f3n Civil (ANAC)<\/strong>, en 2015 a nivel pa\u00eds ten\u00eda 500 trabajadores, en 2019 quedaron 340. Y en el <strong>Ente Nacional de Comunicaciones (ENACOM)<\/strong>, hubo tres despidos y a su vez, en el \u00c1rea de Autoridad Federal del <strong>Servicio de Comunicaci\u00f3n Audiovisual (AFSCA)<\/strong>\n que ten\u00eda 24 trabajadores en la provincia, distribuidos en dos \nciudades, quedaron 13 en C\u00f3rdoba Capital y en Villa Mar\u00eda no qued\u00f3 \nnadie.&nbsp;<\/p>\n\n\n\n<p>En la Direcci\u00f3n de Enfermedades Transmitidas por Vectores, que tiene a\n su cargo la prevenci\u00f3n de enfermedades sobre todo en zonas rurales, fue\n degradada de categor\u00eda y de los &nbsp;276 agentes en 2015, el 40% fue \nechado. Por su parte, la <strong>Administraci\u00f3n Nacional de la Seguridad Social (ANSES)<\/strong>\n de C\u00f3rdoba, en 2015 ten\u00eda 755 trabajadores y las cifras oficiales \nreflejan que hubo s\u00f3lo cinco despidos -con una reincorporaci\u00f3n-, pero \nbajo el manto hubo jubilaciones anticipadas, retiros voluntarios y en \n2019 hay casi 140 empleados menos.&nbsp;<\/p>\n\n\n\n<p>En el <strong>Servicio Nacional de Sanidad y Calidad Agroalimentaria (Senasa),<\/strong>\n en C\u00f3rdoba se redujo un 10% el personal entre los que hubo despidos y \njubilaciones que dejaron vacantes que nunca se repusieron. El organismo \nencargado de la sanidad y calidad animal y vegetal e inocuidad de los \nalimentos, tuvo un recorte presupuestario que imped\u00eda la realizaci\u00f3n \nefectiva del trabajo de los t\u00e9cnicos. De las 15 regionales que exist\u00edan \ndada la extensi\u00f3n del territorio provincial, el anterior gobierno solo \ndej\u00f3 en pie a cinco.&nbsp;<\/p>\n\n\n\n<p><strong>\u201cTen\u00eda a mi nena de dos a\u00f1os y mi se\u00f1ora embarazada de ocho meses cuando me despidieron.<\/strong> Fue en junio del a\u00f1o pasado pero mediante una cautelar por ser delegado me reincorporaron dos meses despu\u00e9s\u201d, cuenta<strong> Mat\u00edas Giuliani<\/strong>\n y agrega que junto a otro compa\u00f1ero tambi\u00e9n reincorporado, fueron \ntrasladados arbitrariamente a la Oficina de General Deheza, a unos 70 km\n de R\u00edo Cuarto donde habitan, por lo que cada d\u00eda, con la quita incluso \ndel veh\u00edculo oficial tienen que recorrer un total de 150 km en colectivo\n o transporte particular para cumplir con sus tareas, sin vi\u00e1ticos, sin \ncombustible, sin la generaci\u00f3n de horas extras.&nbsp;<\/p>\n\n\n\n<p><strong>\u201cHubo persecuci\u00f3n pol\u00edtica hacia mi persona y mi compa\u00f1ero y \nhemos resistido hasta la llegada de este gobierno a la espera de \nretornar a nuestra oficina y nuestras funciones anteriores como \ncorresponde\u201d<\/strong>, relata el trabajador.<\/p>\n\n\n\n<h3 class=\"wp-block-heading\">El empleo o la nada<\/h3>\n\n\n\n<p><strong>\u201cEl trabajo te organiza la vida. Uno trabaja ocho horas y en \nbase a eso se va acomodando todo lo que uno hace en la cotidianeidad \npero a veces, de un d\u00eda para el otro te encontr\u00e1s con que fuiste \ndespedido<\/strong> y ah\u00ed nom\u00e1s, entre tanta amargura, ten\u00e9s que pensar \nqu\u00e9 vas a hacer al d\u00eda siguiente, c\u00f3mo vas a seguir porque ni siquiera \nte indemnizaron. Esa situaci\u00f3n es como quedarse, literalmente, sin \nnada\u201d, dice <strong>Juan Fern\u00e1ndez<\/strong>, que tiene 31 a\u00f1os, es \nsoci\u00f3logo y trabajaba en recursos humanos en Fabricaciones Militares en \nVilla Mar\u00eda. Fue parte de una la tanda de trabajadores que a pocos d\u00edas \nde la navidad se quedaron sin nada en 2017.<\/p>\n\n\n\n<p><strong>En la d\u00e9cada del \u201870 Fabricaciones Militares supo tener m\u00e1s de 3.500 empleados<\/strong>,\n en los a\u00f1os \u201890 sobrevivi\u00f3 a los recortes y las pol\u00edticas de \nachicamiento del Estado y logr\u00f3 un repunte nuevamente en este siglo. \nPese a la precariedad de los contratos en 2015 ten\u00eda 1.100 empleados y \nahora, en 2019 s\u00f3lo quedan 680 trabajadores. Ahora funciona a bajo nivel\n y hasta se desmantel\u00f3 el \u00e1rea de Seguridad, justamente un lugar que \ntrabaja con materiales como p\u00f3lvora y explosivos.&nbsp;<\/p>\n\n\n\n<p>\u201cAl momento que me despidieron, me lleg\u00f3 un correo al celular con un \nmensaje del Banco Naci\u00f3n donde me notificaban que hab\u00eda salido sorteado \npara el Plan Procrear\u201d, dice Juan e ironiza: \u201cPor un lado ten\u00eda a un \nEstado sac\u00e1ndome el trabajo y por el otro, a uno que me premiaba con ese\n proyecto, algo que nunca pude concretar\u201d.&nbsp;<\/p>\n\n\n\n<p>Para Juan la posibilidad de volver a otro tipo de modelo econ\u00f3mico,  mientras se trata de ver c\u00f3mo se logra, abri\u00f3 \u201cla luz de esperanza\u201d. <strong>\u201cLa  idea no es lograr la reincorporaci\u00f3n porque s\u00ed, sino que exigimos que  la f\u00e1brica est\u00e9 activa, porque un lugar al vicio no le sirve a nadie.<\/strong>  Tiene que estar funcionando, en caso nuestro, este espacio da trabajo,  produce un bien, y es estrat\u00e9gica, es de defensa y ah\u00ed el papel de  reactivarla. Eso es para nosotros volver a trabajar\u201d. Eso es volver a  organizar la vida.<\/p>\n\n\n\n<p>Gentileza: La Nueva Ma\u00f1ana<\/p>\n","protected":false},"excerpt":{"rendered":"<p>Unos 35.000 trabajadores del Estado nacional fueron dejados en la calle en los \u00faltimos cuatro a\u00f1os. En c\u00f3rdoba, en ocho organismos hubo m\u00e1s de 300 afectados. Solicitan una amnist\u00eda, tal como se hizo tras la dictadura. \u201cTengo 57 a\u00f1os y todas las condiciones ps\u00edquicas, f\u00edsicas y psiqui\u00e1tricas para trabajar, pero yo la tengo re clara: [&hellip;]<\/p>\n","protected":false},"author":1,"featured_media":19220,"comment_status":"open","ping_status":"open","sticky":false,"template":"","format":"standard","meta":{"_exactmetrics_skip_tracking":false,"_exactmetrics_sitenote_active":false,"_exactmetrics_sitenote_note":"","_exactmetrics_sitenote_category":0,"jnews-multi-image_gallery":[],"jnews_single_post":[],"jnews_primary_category":[],"jnews_social_meta":[],"jnews_review":[],"enable_review":"","type":"","name":"","summary":"","brand":"","sku":"","good":[],"bad":[],"score_override":"","override_value":"","rating":[],"price":[],"jnews_override_counter":[],"jnews_post_split":[],"footnotes":""},"categories":[1],"tags":[],"class_list":["post-11884","post","type-post","status-publish","format-standard","has-post-thumbnail","hentry","category-sin-categoria"],"jetpack_featured_media_url":"https:\/\/atecordoba.org\/wp-content\/uploads\/2020\/05\/logo-nuevochico-e1561581322808.png","_links":{"self":[{"href":"https:\/\/atecordoba.org\/index.php?rest_route=\/wp\/v2\/posts\/11884","targetHints":{"allow":["GET"]}}],"collection":[{"href":"https:\/\/atecordoba.org\/index.php?rest_route=\/wp\/v2\/posts"}],"about":[{"href":"https:\/\/atecordoba.org\/index.php?rest_route=\/wp\/v2\/types\/post"}],"author":[{"embeddable":true,"href":"https:\/\/atecordoba.org\/index.php?rest_route=\/wp\/v2\/users\/1"}],"replies":[{"embeddable":true,"href":"https:\/\/atecordoba.org\/index.php?rest_route=%2Fwp%2Fv2%2Fcomments&post=11884"}],"version-history":[{"count":1,"href":"https:\/\/atecordoba.org\/index.php?rest_route=\/wp\/v2\/posts\/11884\/revisions"}],"predecessor-version":[{"id":18947,"href":"https:\/\/atecordoba.org\/index.php?rest_route=\/wp\/v2\/posts\/11884\/revisions\/18947"}],"wp:featuredmedia":[{"embeddable":true,"href":"https:\/\/atecordoba.org\/index.php?rest_route=\/wp\/v2\/media\/19220"}],"wp:attachment":[{"href":"https:\/\/atecordoba.org\/index.php?rest_route=%2Fwp%2Fv2%2Fmedia&parent=11884"}],"wp:term":[{"taxonomy":"category","embeddable":true,"href":"https:\/\/atecordoba.org\/index.php?rest_route=%2Fwp%2Fv2%2Fcategories&post=11884"},{"taxonomy":"post_tag","embeddable":true,"href":"https:\/\/atecordoba.org\/index.php?rest_route=%2Fwp%2Fv2%2Ftags&post=11884"}],"curies":[{"name":"wp","href":"https:\/\/api.w.org\/{rel}","templated":true}]}}