{"id":11878,"date":"2019-12-20T08:38:46","date_gmt":"2019-12-20T11:38:46","guid":{"rendered":"https:\/\/www.atecordoba.org\/?p=11878"},"modified":"2020-05-05T09:16:48","modified_gmt":"2020-05-05T12:16:48","slug":"rescindieron-el-contrato-de-seis-trabajadores-de-la-municipalidad-de-jesus-maria","status":"publish","type":"post","link":"https:\/\/atecordoba.org\/?p=11878","title":{"rendered":"Despidieron a seis trabajadores de la Municipalidad de Jes\u00fas Mar\u00eda"},"content":{"rendered":"\n<p> Confirmaron el despido de contrato de seis trabajadores de la  Municipalidad de Jes\u00fas Mar\u00eda, quienes son trabajadoras y trabajadores coordinadores de \u00e1reas.<\/p>\n\n\n\n<p>Edith Innamorato secretaria de Interior junto a Roberto Calvetti, Lizette Acosta ambos del CDP y Estela Corzo, fueron junto a los delegados de ATE a reunirse con el Intendente Luis Picat para  pedirle que revea la situaci\u00f3n.&nbsp; <\/p>\n\n\n\n<figure class=\"wp-block-image size-large\"><img decoding=\"async\" src=\"http:\/\/atecordoba.org\/wp-content\/uploads\/2020\/05\/ate2-1024x768.jpg\" alt=\"\" class=\"wp-image-11879\"\/><figcaption>Edith Innamorato, Roberto Calvetti y Lizette Acosta del CDP junto a delegadas y delegados de ATE<\/figcaption><\/figure>\n\n\n\n<p>Por una supuesta reestructuraci\u00f3n de la Municipalidad, la reciente gesti\u00f3n  de Luis Picat rescindi\u00f3 el contrato a seis trabajadores de la  Municipalidad de Jes\u00fas Mar\u00eda. Federico Zarate, Secretario de Gobierno,  se\u00f1al\u00f3 que los cambios continuar\u00e1n y en consecuencia pod\u00edan emitirse mas  despidos.<\/p>\n\n\n\n<p>En este caso se trata de trabajadores que coordinaron  \u00e1reas durante las gestiones anteriores. Algunos, incluso, estaban en el  frustrado listado de personal que pod\u00eda ser incorporado a la planta  permanente.<\/p>\n\n\n\n<blockquote class=\"wp-block-quote is-layout-flow wp-block-quote-is-layout-flow\"><p>\u00abHay \u00e1reas que quedar\u00edan vac\u00edas, hay \ncuestiones pol\u00edtico \u2013 institucionales y el intendente requiere gente de \nsu confianza\u00bb, agreg\u00f3 Zarate.<\/p><\/blockquote>\n\n\n\n<figure class=\"wp-block-image size-large\"><img decoding=\"async\" src=\"http:\/\/atecordoba.org\/wp-content\/uploads\/2020\/05\/80389487_2542617465807223_7709837914070319104_n-4-1024x768.jpg\" alt=\"\" class=\"wp-image-11880\"\/><\/figure>\n\n\n\n<p>Representantes de ATE  se reunieron con el Intendente Luis Picat para pedirle que revea la  situaci\u00f3n. Los trabajadores despedidos tramitaban\u00a0 la representaci\u00f3n de  trabajadores municipales desde este gremio. Edith Innamorato se\u00f1al\u00f3 que. &#8220;pasamos a un cuarto intermedio, hoy habr\u00e1 asamblea a las 14 horas para organizarnos y planificar estrategias. Despidi\u00f3 a una delegada de ATE vamos a accionar legalmente para revertir la medida, Picat nos convoc\u00f3 nuevamente la semana que viene&#8221;.<\/p>\n\n\n\n<p>Gentileza: www.radiojesusmaria.com.ar<\/p>\n\n\n\n<p><\/p>\n\n\n\n<p><\/p>\n","protected":false},"excerpt":{"rendered":"<p>Confirmaron el despido de contrato de seis trabajadores de la Municipalidad de Jes\u00fas Mar\u00eda, quienes son trabajadoras y trabajadores coordinadores de \u00e1reas. Edith Innamorato secretaria de Interior junto a Roberto Calvetti, Lizette Acosta ambos del CDP y Estela Corzo, fueron junto a los delegados de ATE a reunirse con el Intendente Luis Picat para pedirle [&hellip;]<\/p>\n","protected":false},"author":1,"featured_media":19220,"comment_status":"open","ping_status":"open","sticky":false,"template":"","format":"standard","meta":{"_exactmetrics_skip_tracking":false,"_exactmetrics_sitenote_active":false,"_exactmetrics_sitenote_note":"","_exactmetrics_sitenote_category":0,"jnews-multi-image_gallery":[],"jnews_single_post":[],"jnews_primary_category":[],"jnews_social_meta":[],"jnews_review":[],"enable_review":"","type":"","name":"","summary":"","brand":"","sku":"","good":[],"bad":[],"score_override":"","override_value":"","rating":[],"price":[],"jnews_override_counter":[],"jnews_post_split":[],"footnotes":""},"categories":[1],"tags":[],"class_list":["post-11878","post","type-post","status-publish","format-standard","has-post-thumbnail","hentry","category-sin-categoria"],"jetpack_featured_media_url":"https:\/\/atecordoba.org\/wp-content\/uploads\/2020\/05\/logo-nuevochico-e1561581322808.png","_links":{"self":[{"href":"https:\/\/atecordoba.org\/index.php?rest_route=\/wp\/v2\/posts\/11878","targetHints":{"allow":["GET"]}}],"collection":[{"href":"https:\/\/atecordoba.org\/index.php?rest_route=\/wp\/v2\/posts"}],"about":[{"href":"https:\/\/atecordoba.org\/index.php?rest_route=\/wp\/v2\/types\/post"}],"author":[{"embeddable":true,"href":"https:\/\/atecordoba.org\/index.php?rest_route=\/wp\/v2\/users\/1"}],"replies":[{"embeddable":true,"href":"https:\/\/atecordoba.org\/index.php?rest_route=%2Fwp%2Fv2%2Fcomments&post=11878"}],"version-history":[{"count":1,"href":"https:\/\/atecordoba.org\/index.php?rest_route=\/wp\/v2\/posts\/11878\/revisions"}],"predecessor-version":[{"id":18950,"href":"https:\/\/atecordoba.org\/index.php?rest_route=\/wp\/v2\/posts\/11878\/revisions\/18950"}],"wp:featuredmedia":[{"embeddable":true,"href":"https:\/\/atecordoba.org\/index.php?rest_route=\/wp\/v2\/media\/19220"}],"wp:attachment":[{"href":"https:\/\/atecordoba.org\/index.php?rest_route=%2Fwp%2Fv2%2Fmedia&parent=11878"}],"wp:term":[{"taxonomy":"category","embeddable":true,"href":"https:\/\/atecordoba.org\/index.php?rest_route=%2Fwp%2Fv2%2Fcategories&post=11878"},{"taxonomy":"post_tag","embeddable":true,"href":"https:\/\/atecordoba.org\/index.php?rest_route=%2Fwp%2Fv2%2Ftags&post=11878"}],"curies":[{"name":"wp","href":"https:\/\/api.w.org\/{rel}","templated":true}]}}