{"id":11873,"date":"2019-12-19T14:01:42","date_gmt":"2019-12-19T17:01:42","guid":{"rendered":"https:\/\/www.atecordoba.org\/?p=11873"},"modified":"2020-05-05T09:16:51","modified_gmt":"2020-05-05T12:16:51","slug":"ate-planteo-el-pedido-de-bono-navideno-para-las-y-los-trabajadores-de-emos","status":"publish","type":"post","link":"https:\/\/atecordoba.org\/?p=11873","title":{"rendered":"ATE plante\u00f3 el pedido de bono navide\u00f1o para las y los trabajadores de EMOS R\u00edo Cuarto"},"content":{"rendered":"\n<p> En audiencia con los directores del Ente, Pablo Salinas, Cristian  Evangelista y Ricardo Mu\u00f1oz, miembros de ATE del sector se reunieron  para plantear diferentes situaciones.<br> Rafaela Alcoba secretaria  general de ATE Seccional R\u00edo Cuarto estuvo acompa\u00f1ada por Mauricio  Maccio secretario de finanzas, Julia Giuliani secretaria de prensa y  comunicaci\u00f3n del CDP ATE C\u00f3rdoba y Gabriela Alcoba pro secretaria administrativa del CDP de ATE.<\/p>\n\n\n\n<figure class=\"wp-block-image size-large\"><img decoding=\"async\" src=\"http:\/\/atecordoba.org\/wp-content\/uploads\/2020\/05\/80695087_10221265918182010_7236077766913818624_n.jpg\" alt=\"\" class=\"wp-image-11874\"\/><\/figure>\n\n\n\n<p><br> En esta oportunidad se pudieron plantear y buscar en conjunto generar instancias de soluci\u00f3n ante algunas problem\u00e1ticas.<br>  La primer demanda de ATE fue crear una mesa de trabajo entre el EMOS y  ATE para all\u00ed poder mancomunadamente elevar y gestionar propuestas. As\u00ed  tambi\u00e9n se expres\u00f3 por parte de ATE la preocupaci\u00f3n ante la falta de  estabilidad laboral de trabajadores y trabajadoras que llevan m\u00e1s de  diez a\u00f1os bajo la figura de cooperativistas, solicitamos se implemente  alg\u00fan mecanismo que permita mejorar su relaci\u00f3n laboral con el Ente.<br>  En cuanto a derechos y conquistas laborales solicitamos se aplique la  reglamentaci\u00f3n de la Licencia por violencia de G\u00e9nero impulsada por el  municipio y aprobada en el Concejo Deliberante, as\u00ed como la importancia  de que bajo la Ley Micaela todos y todas las personas que hacen a la  vida de EMOS reciban formaci\u00f3n referida a g\u00e9neros.<\/p>\n\n\n\n<figure class=\"wp-block-image size-large\"><img decoding=\"async\" src=\"http:\/\/atecordoba.org\/wp-content\/uploads\/2020\/05\/80412714_10221265917381990_5628152830037590016_n.jpg\" alt=\"\" class=\"wp-image-11875\"\/><\/figure>\n\n\n\n<p><br> Finalmente  solicitamos un bono navide\u00f1o a pagar a las y los trabajadores, que debe  ser otorgado teniendo en cuenta no s\u00f3lo la situaci\u00f3n econ\u00f3mica del  eslab\u00f3n m\u00e1s d\u00e9bil del organismo, que son quienes d\u00eda a d\u00eda garantizan  derechos a la ciudadan\u00eda, sino tambi\u00e9n porque el EMOS es un ente  aut\u00e1rquico y aut\u00f3nomo que tiene la capacidad para discutir condiciones  salariales. <\/p>\n","protected":false},"excerpt":{"rendered":"<p>En audiencia con los directores del Ente, Pablo Salinas, Cristian Evangelista y Ricardo Mu\u00f1oz, miembros de ATE del sector se reunieron para plantear diferentes situaciones. Rafaela Alcoba secretaria general de ATE Seccional R\u00edo Cuarto estuvo acompa\u00f1ada por Mauricio Maccio secretario de finanzas, Julia Giuliani secretaria de prensa y comunicaci\u00f3n del CDP ATE C\u00f3rdoba y Gabriela [&hellip;]<\/p>\n","protected":false},"author":1,"featured_media":19220,"comment_status":"open","ping_status":"open","sticky":false,"template":"","format":"standard","meta":{"_exactmetrics_skip_tracking":false,"_exactmetrics_sitenote_active":false,"_exactmetrics_sitenote_note":"","_exactmetrics_sitenote_category":0,"jnews-multi-image_gallery":[],"jnews_single_post":[],"jnews_primary_category":[],"jnews_social_meta":[],"jnews_review":[],"enable_review":"","type":"","name":"","summary":"","brand":"","sku":"","good":[],"bad":[],"score_override":"","override_value":"","rating":[],"price":[],"jnews_override_counter":[],"jnews_post_split":[],"footnotes":""},"categories":[1],"tags":[],"class_list":["post-11873","post","type-post","status-publish","format-standard","has-post-thumbnail","hentry","category-sin-categoria"],"jetpack_featured_media_url":"https:\/\/atecordoba.org\/wp-content\/uploads\/2020\/05\/logo-nuevochico-e1561581322808.png","_links":{"self":[{"href":"https:\/\/atecordoba.org\/index.php?rest_route=\/wp\/v2\/posts\/11873","targetHints":{"allow":["GET"]}}],"collection":[{"href":"https:\/\/atecordoba.org\/index.php?rest_route=\/wp\/v2\/posts"}],"about":[{"href":"https:\/\/atecordoba.org\/index.php?rest_route=\/wp\/v2\/types\/post"}],"author":[{"embeddable":true,"href":"https:\/\/atecordoba.org\/index.php?rest_route=\/wp\/v2\/users\/1"}],"replies":[{"embeddable":true,"href":"https:\/\/atecordoba.org\/index.php?rest_route=%2Fwp%2Fv2%2Fcomments&post=11873"}],"version-history":[{"count":1,"href":"https:\/\/atecordoba.org\/index.php?rest_route=\/wp\/v2\/posts\/11873\/revisions"}],"predecessor-version":[{"id":18953,"href":"https:\/\/atecordoba.org\/index.php?rest_route=\/wp\/v2\/posts\/11873\/revisions\/18953"}],"wp:featuredmedia":[{"embeddable":true,"href":"https:\/\/atecordoba.org\/index.php?rest_route=\/wp\/v2\/media\/19220"}],"wp:attachment":[{"href":"https:\/\/atecordoba.org\/index.php?rest_route=%2Fwp%2Fv2%2Fmedia&parent=11873"}],"wp:term":[{"taxonomy":"category","embeddable":true,"href":"https:\/\/atecordoba.org\/index.php?rest_route=%2Fwp%2Fv2%2Fcategories&post=11873"},{"taxonomy":"post_tag","embeddable":true,"href":"https:\/\/atecordoba.org\/index.php?rest_route=%2Fwp%2Fv2%2Ftags&post=11873"}],"curies":[{"name":"wp","href":"https:\/\/api.w.org\/{rel}","templated":true}]}}