{"id":11870,"date":"2019-12-19T13:39:35","date_gmt":"2019-12-19T16:39:35","guid":{"rendered":"https:\/\/www.atecordoba.org\/?p=11870"},"modified":"2020-05-05T09:16:54","modified_gmt":"2020-05-05T12:16:54","slug":"ate-reclama-que-la-mayor-recaudacion-provincial-vaya-a-salarios-salud-y-educacion","status":"publish","type":"post","link":"https:\/\/atecordoba.org\/?p=11870","title":{"rendered":"ATE reclama que la mayor recaudaci\u00f3n provincial vaya a salarios, Salud y Educaci\u00f3n"},"content":{"rendered":"\n<p>La Asociaci\u00f3n Trabajadores del Estado (ATE-CTA)C\u00f3rdoba reclama al Gobierno Provincial que el aumento de la recaudaci\u00f3n que traer\u00e1 aparejada la suspensi\u00f3n del Pacto Fiscal con la Naci\u00f3n, sea destinada en una parte razonable a mejorar los magros salarios de los trabajadores estatales y a dotar de los recursos necesarios a hospitales y escuelas para que la poblaci\u00f3n cuente con servicios de Salud y Educaci\u00f3n universales, gratuitos y de calidad.<\/p>\n\n\n\n<figure class=\"wp-block-image size-large\"><img decoding=\"async\" src=\"http:\/\/atecordoba.org\/wp-content\/uploads\/2020\/05\/80389487_2542617465807223_7709837914070319104_n-3.jpg\" alt=\"\" class=\"wp-image-11871\"\/><\/figure>\n\n\n\n<p>La suspensi\u00f3n del Pacto Fiscal hasta el 31 de\ndiciembre redundar\u00e1 en un incremento de la recaudaci\u00f3n del orden de los $ 4.500\nmillones para este a\u00f1o. <\/p>\n\n\n\n<p>Desde ATE, esperamos que esos fondos no se\ndirijan solamente a la obra p\u00fablica o a subsidiar negocios de los empresarios\nprivados de la ciudad y el campo, sino a fortalecer la presencia del Estado\ncomo garante de la Justicia Social, reconociendo la tarea de los trabajadores y\ntrabajadorasque son los que garantizan su funcionamiento.<\/p>\n\n\n\n<p>Tambi\u00e9n es urgente y necesario saldar la\ncrisis social y alimentaria que azota a la provincia producto de los altos\n\u00edndices de pobreza y desempleo.&nbsp; <\/p>\n\n\n\n<p>Dado el cambio de etapa pol\u00edtica a nivel\nnacional y la reasunci\u00f3n del Gobernador Schiaretti por un nuevo mandato en la\nprovincia, ATE reitera su pedido de apertura de una mesa de di\u00e1logo con la\nAdministraci\u00f3n Provincial sin exclusiones de ninguna\nnaturaleza.<\/p>\n\n\n\n<p><strong>Hugo\nDur\u00e1n&nbsp;&nbsp;&nbsp;&nbsp;&nbsp;&nbsp;&nbsp;&nbsp;&nbsp;&nbsp;&nbsp;&nbsp;&nbsp;&nbsp;&nbsp;&nbsp;&nbsp;&nbsp;&nbsp;&nbsp;&nbsp;&nbsp;&nbsp;&nbsp;&nbsp;&nbsp;&nbsp;&nbsp;&nbsp;&nbsp;&nbsp;&nbsp;&nbsp;&nbsp;&nbsp;&nbsp;&nbsp;&nbsp;&nbsp;&nbsp;&nbsp;&nbsp;&nbsp;&nbsp;&nbsp;&nbsp;&nbsp;&nbsp;&nbsp;&nbsp;&nbsp;&nbsp;&nbsp;&nbsp;&nbsp;&nbsp;&nbsp;\nFederico Giuliani<\/strong><\/p>\n\n\n\n<p><strong>Secretario\nAdjunto ATE&nbsp;&nbsp;&nbsp;&nbsp;&nbsp;&nbsp;&nbsp;&nbsp;&nbsp;&nbsp;&nbsp;&nbsp;&nbsp;&nbsp;&nbsp;&nbsp;&nbsp;&nbsp;&nbsp;&nbsp;&nbsp;&nbsp;&nbsp;&nbsp;&nbsp;&nbsp;&nbsp;&nbsp;&nbsp;&nbsp;&nbsp;&nbsp;&nbsp;&nbsp;&nbsp;\nSecretario General ATE<\/strong><\/p>\n","protected":false},"excerpt":{"rendered":"<p>La Asociaci\u00f3n Trabajadores del Estado (ATE-CTA)C\u00f3rdoba reclama al Gobierno Provincial que el aumento de la recaudaci\u00f3n que traer\u00e1 aparejada la suspensi\u00f3n del Pacto Fiscal con la Naci\u00f3n, sea destinada en una parte razonable a mejorar los magros salarios de los trabajadores estatales y a dotar de los recursos necesarios a hospitales y escuelas para que [&hellip;]<\/p>\n","protected":false},"author":1,"featured_media":19220,"comment_status":"open","ping_status":"open","sticky":false,"template":"","format":"standard","meta":{"_exactmetrics_skip_tracking":false,"_exactmetrics_sitenote_active":false,"_exactmetrics_sitenote_note":"","_exactmetrics_sitenote_category":0,"jnews-multi-image_gallery":[],"jnews_single_post":[],"jnews_primary_category":[],"jnews_social_meta":[],"jnews_review":[],"enable_review":"","type":"","name":"","summary":"","brand":"","sku":"","good":[],"bad":[],"score_override":"","override_value":"","rating":[],"price":[],"jnews_override_counter":[],"jnews_post_split":[],"footnotes":""},"categories":[1],"tags":[],"class_list":["post-11870","post","type-post","status-publish","format-standard","has-post-thumbnail","hentry","category-sin-categoria"],"jetpack_featured_media_url":"https:\/\/atecordoba.org\/wp-content\/uploads\/2020\/05\/logo-nuevochico-e1561581322808.png","_links":{"self":[{"href":"https:\/\/atecordoba.org\/index.php?rest_route=\/wp\/v2\/posts\/11870","targetHints":{"allow":["GET"]}}],"collection":[{"href":"https:\/\/atecordoba.org\/index.php?rest_route=\/wp\/v2\/posts"}],"about":[{"href":"https:\/\/atecordoba.org\/index.php?rest_route=\/wp\/v2\/types\/post"}],"author":[{"embeddable":true,"href":"https:\/\/atecordoba.org\/index.php?rest_route=\/wp\/v2\/users\/1"}],"replies":[{"embeddable":true,"href":"https:\/\/atecordoba.org\/index.php?rest_route=%2Fwp%2Fv2%2Fcomments&post=11870"}],"version-history":[{"count":1,"href":"https:\/\/atecordoba.org\/index.php?rest_route=\/wp\/v2\/posts\/11870\/revisions"}],"predecessor-version":[{"id":18955,"href":"https:\/\/atecordoba.org\/index.php?rest_route=\/wp\/v2\/posts\/11870\/revisions\/18955"}],"wp:featuredmedia":[{"embeddable":true,"href":"https:\/\/atecordoba.org\/index.php?rest_route=\/wp\/v2\/media\/19220"}],"wp:attachment":[{"href":"https:\/\/atecordoba.org\/index.php?rest_route=%2Fwp%2Fv2%2Fmedia&parent=11870"}],"wp:term":[{"taxonomy":"category","embeddable":true,"href":"https:\/\/atecordoba.org\/index.php?rest_route=%2Fwp%2Fv2%2Fcategories&post=11870"},{"taxonomy":"post_tag","embeddable":true,"href":"https:\/\/atecordoba.org\/index.php?rest_route=%2Fwp%2Fv2%2Ftags&post=11870"}],"curies":[{"name":"wp","href":"https:\/\/api.w.org\/{rel}","templated":true}]}}