{"id":11864,"date":"2019-12-19T12:44:15","date_gmt":"2019-12-19T15:44:15","guid":{"rendered":"https:\/\/www.atecordoba.org\/?p=11864"},"modified":"2020-05-05T09:16:55","modified_gmt":"2020-05-05T12:16:55","slug":"conferencia-sobre-los-despidos-de-estatales-en-el-gobierno-de-macri","status":"publish","type":"post","link":"https:\/\/atecordoba.org\/?p=11864","title":{"rendered":"Conferencia sobre los despidos de estatales en el gobierno de Macri"},"content":{"rendered":"\n<p>Hoy en la sede de ATE, dieron a conocer un informe realizado por  CORREDMA, detallando sobre los despidos estatales en el gobierno de  Mauricio Macri.<\/p>\n\n\n\n<figure class=\"wp-block-image size-large\"><img decoding=\"async\" src=\"http:\/\/atecordoba.org\/wp-content\/uploads\/2020\/05\/80389487_2542617465807223_7709837914070319104_n-2-1024x536.jpg\" alt=\"\" class=\"wp-image-11867\"\/><\/figure>\n\n\n\n<p>El informe realizado por la Comisi\u00f3n de Relevamiento y  Reincorporaci\u00f3n de las Trabajadoras y Trabajadores Estatales  Despedidos\/as en la era de Macri, cuenta con importantes datos referidos  a la cantidad de despidos, trabajo p\u00fablico como instancia que garantiza  derechos para el pueblo, servicios que ya el estado no brinda, avance  en las negociaciones por las reincorporaciones de los mas de 300  despidos sufridos en C\u00f3rdoba.  <\/p>\n\n\n\n<p>&#8220;El trabajador y la trabajadora estatal garantizan derechos a la sociedad, y el macrismo fue un quitador serial de derechos a la poblaci\u00f3n al desguazar organismos enteros&#8221;; destaca Federico Giuliani secretario general.<\/p>\n\n\n\n<p>Este informe es el primero elaborado a nivel nacional desde ATE en el que se refleja no s\u00f3lo la cantidad de despidos y de derechos arrebatados a la sociedad, sino la importancia de los sectores ajustados para el crecimiento, desarrollo y soberan\u00eda del pa\u00eds. pr\u00f3ximamente Gabriela Est\u00e9vez Diputada Nacional por la provincia de C\u00f3rdoba, se reunir\u00e1 con Giuliani en la sede de ATE para en conjunto, presentar este informe que busca reincorporar despedidas y despedidos y volver a poner en funcionamiento los organismos perjudicados.  <\/p>\n","protected":false},"excerpt":{"rendered":"<p>Hoy en la sede de ATE, dieron a conocer un informe realizado por CORREDMA, detallando sobre los despidos estatales en el gobierno de Mauricio Macri. El informe realizado por la Comisi\u00f3n de Relevamiento y Reincorporaci\u00f3n de las Trabajadoras y Trabajadores Estatales Despedidos\/as en la era de Macri, cuenta con importantes datos referidos a la cantidad [&hellip;]<\/p>\n","protected":false},"author":1,"featured_media":19220,"comment_status":"open","ping_status":"open","sticky":false,"template":"","format":"standard","meta":{"_exactmetrics_skip_tracking":false,"_exactmetrics_sitenote_active":false,"_exactmetrics_sitenote_note":"","_exactmetrics_sitenote_category":0,"jnews-multi-image_gallery":[],"jnews_single_post":[],"jnews_primary_category":[],"jnews_social_meta":[],"jnews_review":[],"enable_review":"","type":"","name":"","summary":"","brand":"","sku":"","good":[],"bad":[],"score_override":"","override_value":"","rating":[],"price":[],"jnews_override_counter":[],"jnews_post_split":[],"footnotes":""},"categories":[1],"tags":[],"class_list":["post-11864","post","type-post","status-publish","format-standard","has-post-thumbnail","hentry","category-sin-categoria"],"jetpack_featured_media_url":"https:\/\/atecordoba.org\/wp-content\/uploads\/2020\/05\/logo-nuevochico-e1561581322808.png","_links":{"self":[{"href":"https:\/\/atecordoba.org\/index.php?rest_route=\/wp\/v2\/posts\/11864","targetHints":{"allow":["GET"]}}],"collection":[{"href":"https:\/\/atecordoba.org\/index.php?rest_route=\/wp\/v2\/posts"}],"about":[{"href":"https:\/\/atecordoba.org\/index.php?rest_route=\/wp\/v2\/types\/post"}],"author":[{"embeddable":true,"href":"https:\/\/atecordoba.org\/index.php?rest_route=\/wp\/v2\/users\/1"}],"replies":[{"embeddable":true,"href":"https:\/\/atecordoba.org\/index.php?rest_route=%2Fwp%2Fv2%2Fcomments&post=11864"}],"version-history":[{"count":1,"href":"https:\/\/atecordoba.org\/index.php?rest_route=\/wp\/v2\/posts\/11864\/revisions"}],"predecessor-version":[{"id":18957,"href":"https:\/\/atecordoba.org\/index.php?rest_route=\/wp\/v2\/posts\/11864\/revisions\/18957"}],"wp:featuredmedia":[{"embeddable":true,"href":"https:\/\/atecordoba.org\/index.php?rest_route=\/wp\/v2\/media\/19220"}],"wp:attachment":[{"href":"https:\/\/atecordoba.org\/index.php?rest_route=%2Fwp%2Fv2%2Fmedia&parent=11864"}],"wp:term":[{"taxonomy":"category","embeddable":true,"href":"https:\/\/atecordoba.org\/index.php?rest_route=%2Fwp%2Fv2%2Fcategories&post=11864"},{"taxonomy":"post_tag","embeddable":true,"href":"https:\/\/atecordoba.org\/index.php?rest_route=%2Fwp%2Fv2%2Ftags&post=11864"}],"curies":[{"name":"wp","href":"https:\/\/api.w.org\/{rel}","templated":true}]}}