{"id":11860,"date":"2019-12-19T11:53:54","date_gmt":"2019-12-19T14:53:54","guid":{"rendered":"https:\/\/www.atecordoba.org\/?p=11860"},"modified":"2020-05-05T09:16:56","modified_gmt":"2020-05-05T12:16:56","slug":"11860","status":"publish","type":"post","link":"https:\/\/atecordoba.org\/?p=11860","title":{"rendered":"D\u00eda de la y el trabajador de SENASA"},"content":{"rendered":"\n<p>Este 19 de diciembre se celebra el<strong> D\u00eda de la y el Trabajador del Servicio Nacional de Sanidad y Calidad Agroalimentaria (SENASA)<\/strong>,  que se consigui\u00f3 como reivindicaci\u00f3n cuando los compa\u00f1eros de ese  sector lograron obtener su Convenio Colectivo de Trabajo en el 2006. El  Consejo Directivo Provincial de ATE felicita a las y los compa\u00f1eros del SENASA  en su d\u00eda y les env\u00eda un saludo de fin de a\u00f1o.<\/p>\n\n\n\n<figure class=\"wp-block-image size-large\"><img decoding=\"async\" src=\"http:\/\/atecordoba.org\/wp-content\/uploads\/2020\/05\/80389487_2542617465807223_7709837914070319104_n-1024x574.jpg\" alt=\"\" class=\"wp-image-11861\"\/><\/figure>\n\n\n\n<p><em>\u201cActualmente estamos por generar una mesa de trabajo con los nuevos directivos del organismo y volver a poner a SENASA de pie&#8221;, destac\u00f3 Alejandra Agnone delegada, hace unos d\u00edas.<\/em><\/p>\n\n\n\n<p><\/p>\n","protected":false},"excerpt":{"rendered":"<p>Este 19 de diciembre se celebra el D\u00eda de la y el Trabajador del Servicio Nacional de Sanidad y Calidad Agroalimentaria (SENASA), que se consigui\u00f3 como reivindicaci\u00f3n cuando los compa\u00f1eros de ese sector lograron obtener su Convenio Colectivo de Trabajo en el 2006. El Consejo Directivo Provincial de ATE felicita a las y los compa\u00f1eros [&hellip;]<\/p>\n","protected":false},"author":1,"featured_media":19220,"comment_status":"open","ping_status":"open","sticky":false,"template":"","format":"standard","meta":{"_exactmetrics_skip_tracking":false,"_exactmetrics_sitenote_active":false,"_exactmetrics_sitenote_note":"","_exactmetrics_sitenote_category":0,"jnews-multi-image_gallery":[],"jnews_single_post":[],"jnews_primary_category":[],"jnews_social_meta":[],"jnews_review":[],"enable_review":"","type":"","name":"","summary":"","brand":"","sku":"","good":[],"bad":[],"score_override":"","override_value":"","rating":[],"price":[],"jnews_override_counter":[],"jnews_post_split":[],"footnotes":""},"categories":[1],"tags":[],"class_list":["post-11860","post","type-post","status-publish","format-standard","has-post-thumbnail","hentry","category-sin-categoria"],"jetpack_featured_media_url":"https:\/\/atecordoba.org\/wp-content\/uploads\/2020\/05\/logo-nuevochico-e1561581322808.png","_links":{"self":[{"href":"https:\/\/atecordoba.org\/index.php?rest_route=\/wp\/v2\/posts\/11860","targetHints":{"allow":["GET"]}}],"collection":[{"href":"https:\/\/atecordoba.org\/index.php?rest_route=\/wp\/v2\/posts"}],"about":[{"href":"https:\/\/atecordoba.org\/index.php?rest_route=\/wp\/v2\/types\/post"}],"author":[{"embeddable":true,"href":"https:\/\/atecordoba.org\/index.php?rest_route=\/wp\/v2\/users\/1"}],"replies":[{"embeddable":true,"href":"https:\/\/atecordoba.org\/index.php?rest_route=%2Fwp%2Fv2%2Fcomments&post=11860"}],"version-history":[{"count":1,"href":"https:\/\/atecordoba.org\/index.php?rest_route=\/wp\/v2\/posts\/11860\/revisions"}],"predecessor-version":[{"id":18959,"href":"https:\/\/atecordoba.org\/index.php?rest_route=\/wp\/v2\/posts\/11860\/revisions\/18959"}],"wp:featuredmedia":[{"embeddable":true,"href":"https:\/\/atecordoba.org\/index.php?rest_route=\/wp\/v2\/media\/19220"}],"wp:attachment":[{"href":"https:\/\/atecordoba.org\/index.php?rest_route=%2Fwp%2Fv2%2Fmedia&parent=11860"}],"wp:term":[{"taxonomy":"category","embeddable":true,"href":"https:\/\/atecordoba.org\/index.php?rest_route=%2Fwp%2Fv2%2Fcategories&post=11860"},{"taxonomy":"post_tag","embeddable":true,"href":"https:\/\/atecordoba.org\/index.php?rest_route=%2Fwp%2Fv2%2Ftags&post=11860"}],"curies":[{"name":"wp","href":"https:\/\/api.w.org\/{rel}","templated":true}]}}