{"id":11854,"date":"2019-12-18T18:14:49","date_gmt":"2019-12-18T21:14:49","guid":{"rendered":"https:\/\/www.atecordoba.org\/?p=11854"},"modified":"2020-05-05T09:16:58","modified_gmt":"2020-05-05T12:16:58","slug":"eleccion-de-delegados-en-inti-y-brindis-de-fin-de-ano","status":"publish","type":"post","link":"https:\/\/atecordoba.org\/?p=11854","title":{"rendered":"Elecci\u00f3n de delegados en INTI y brindis de fin de a\u00f1o"},"content":{"rendered":"\n<p>Este mi\u00e9rcoles 18 de diciembre el Secretario General Federico Giuliani estuvo junto a Omar Alerzia, Secretario de Organizaci\u00f3n y Julia Giuliani Secretaria de Prensa y Comunicaci\u00f3n, en el INTI. <\/p>\n\n\n\n<figure class=\"wp-block-image size-large\"><img decoding=\"async\" src=\"http:\/\/atecordoba.org\/wp-content\/uploads\/2020\/05\/80453874_498275624147266_7564494404002512896_n-1024x498.jpg\" alt=\"\" class=\"wp-image-11855\"\/><figcaption>Brindis en INTI<\/figcaption><\/figure>\n\n\n\n<p>Giuliani acompa\u00f1\u00f3 el brindis de cierre de a\u00f1o de las y los trabajadores del INTI. All\u00ed m\u00e1s de una treintena de compa\u00f1eras y compa\u00f1eros se mostraron expectantes ante la etapa que comienza a nivel pa\u00eds, y tambi\u00e9n el nuevo ciclo que comenz\u00f3 con esta nueva gesti\u00f3n en el CDP.<\/p>\n\n\n\n<figure class=\"wp-block-image size-large\"><img decoding=\"async\" src=\"http:\/\/atecordoba.org\/wp-content\/uploads\/2020\/05\/79917444_493452818186679_3535750149038931968_n.jpg\" alt=\"\" class=\"wp-image-11857\"\/><figcaption>Federico Giuliani junto a Juan Nordio<\/figcaption><\/figure>\n\n\n\n<p>Con las elecciones mediante en la que se elegir\u00e1n delegados\npara el organismo, es de destacar la resistencia, lucha y perseverancia de\nquienes d\u00eda a d\u00eda apuestan a fortalecer y volver a poner de pie al INTI. Es as\u00ed\nque se realiz\u00f3 un merecido reconocimiento a Juan Nordio, trabajador del\nInstituto, que dio pelea y defendi\u00f3 a sus compa\u00f1eras y compa\u00f1eros de trabajo\nante el saqueo Macrista; Juan se mostr\u00f3 emocionado. <\/p>\n\n\n\n<p>&#8220;Resistir y luchar fue el estandarte de los cuatro a\u00f1os del peor gobierno que\ntuvimos las y los trabajadores\u201d, manifest\u00f3 Federico Giuliani, poniendo a\ndisposici\u00f3n ATE como una herramienta para organizarse, defender y lograr\nmayores conquistas.<\/p>\n\n\n\n<p>A su vez Julia Giuliani, tambi\u00e9n parte de la conducci\u00f3n destac\u00f3: \u201cabrimos las puertas para poblar el sindicato, la informaci\u00f3n es poder y por eso las y los invitamos a ser parte de la producci\u00f3n de contenidos propios de ATE de cada sector de trabajo para poder marcar la agenda con contenido propio. En ese marco ma\u00f1ana presentaremos ante los medios el informe de CORREDMA en donde se refleja la cruda y dura realidad del macrismo en los despidos de m\u00e1s de 300 trabajadores y trabajadoras en nuestra provincia\u201d.<\/p>\n\n\n\n<figure class=\"wp-block-image size-large\"><img decoding=\"async\" src=\"http:\/\/atecordoba.org\/wp-content\/uploads\/2020\/05\/79547498_2405977889716539_4076711192754651136_n.jpg\" alt=\"\" class=\"wp-image-11856\"\/><\/figure>\n\n\n\n<p>Finalmente\nal cierre de la tarde, la elecci\u00f3n de delegados dio como resultados que Ignacio\nMoretti y Guillermo Garrido son los nuevos representantes de las y los\ntrabajadores de ATE- INTI.<\/p>\n","protected":false},"excerpt":{"rendered":"<p>Este mi\u00e9rcoles 18 de diciembre el Secretario General Federico Giuliani estuvo junto a Omar Alerzia, Secretario de Organizaci\u00f3n y Julia Giuliani Secretaria de Prensa y Comunicaci\u00f3n, en el INTI. Giuliani acompa\u00f1\u00f3 el brindis de cierre de a\u00f1o de las y los trabajadores del INTI. All\u00ed m\u00e1s de una treintena de compa\u00f1eras y compa\u00f1eros se mostraron [&hellip;]<\/p>\n","protected":false},"author":1,"featured_media":19220,"comment_status":"open","ping_status":"open","sticky":false,"template":"","format":"standard","meta":{"_exactmetrics_skip_tracking":false,"_exactmetrics_sitenote_active":false,"_exactmetrics_sitenote_note":"","_exactmetrics_sitenote_category":0,"jnews-multi-image_gallery":[],"jnews_single_post":[],"jnews_primary_category":[],"jnews_social_meta":[],"jnews_review":[],"enable_review":"","type":"","name":"","summary":"","brand":"","sku":"","good":[],"bad":[],"score_override":"","override_value":"","rating":[],"price":[],"jnews_override_counter":[],"jnews_post_split":[],"footnotes":""},"categories":[1],"tags":[],"class_list":["post-11854","post","type-post","status-publish","format-standard","has-post-thumbnail","hentry","category-sin-categoria"],"jetpack_featured_media_url":"https:\/\/atecordoba.org\/wp-content\/uploads\/2020\/05\/logo-nuevochico-e1561581322808.png","_links":{"self":[{"href":"https:\/\/atecordoba.org\/index.php?rest_route=\/wp\/v2\/posts\/11854","targetHints":{"allow":["GET"]}}],"collection":[{"href":"https:\/\/atecordoba.org\/index.php?rest_route=\/wp\/v2\/posts"}],"about":[{"href":"https:\/\/atecordoba.org\/index.php?rest_route=\/wp\/v2\/types\/post"}],"author":[{"embeddable":true,"href":"https:\/\/atecordoba.org\/index.php?rest_route=\/wp\/v2\/users\/1"}],"replies":[{"embeddable":true,"href":"https:\/\/atecordoba.org\/index.php?rest_route=%2Fwp%2Fv2%2Fcomments&post=11854"}],"version-history":[{"count":1,"href":"https:\/\/atecordoba.org\/index.php?rest_route=\/wp\/v2\/posts\/11854\/revisions"}],"predecessor-version":[{"id":18963,"href":"https:\/\/atecordoba.org\/index.php?rest_route=\/wp\/v2\/posts\/11854\/revisions\/18963"}],"wp:featuredmedia":[{"embeddable":true,"href":"https:\/\/atecordoba.org\/index.php?rest_route=\/wp\/v2\/media\/19220"}],"wp:attachment":[{"href":"https:\/\/atecordoba.org\/index.php?rest_route=%2Fwp%2Fv2%2Fmedia&parent=11854"}],"wp:term":[{"taxonomy":"category","embeddable":true,"href":"https:\/\/atecordoba.org\/index.php?rest_route=%2Fwp%2Fv2%2Fcategories&post=11854"},{"taxonomy":"post_tag","embeddable":true,"href":"https:\/\/atecordoba.org\/index.php?rest_route=%2Fwp%2Fv2%2Ftags&post=11854"}],"curies":[{"name":"wp","href":"https:\/\/api.w.org\/{rel}","templated":true}]}}