{"id":11848,"date":"2019-12-17T17:35:25","date_gmt":"2019-12-17T20:35:25","guid":{"rendered":"https:\/\/www.atecordoba.org\/?p=11848"},"modified":"2020-05-05T09:17:02","modified_gmt":"2020-05-05T12:17:02","slug":"audiencia-con-autoridades-del-senasa","status":"publish","type":"post","link":"https:\/\/atecordoba.org\/?p=11848","title":{"rendered":"Audiencia con autoridades del SENASA"},"content":{"rendered":"\n<p>Este martes 17 de diciembre en la Casa Central de SENASA en Buenos Aires, el nuevo Presidente del organismo, Ingeniero Agr\u00f3nomo Carlos Paz, convoc\u00f3 a los tres sindicatos de SENASA: ATE, Apumag y UPCN donde las autoridades brindaron un informe de situaci\u00f3n.<\/p>\n\n\n\n<figure class=\"wp-block-image size-large\"><img decoding=\"async\" src=\"http:\/\/atecordoba.org\/wp-content\/uploads\/2020\/05\/79471622_10157787472579805_5421390046391435264_n-1.jpg\" alt=\"\" class=\"wp-image-11850\"\/><figcaption>Alejandra Agnone SENASA C\u00f3rdoba<\/figcaption><\/figure>\n\n\n\n<p>Las reuniones con cada sindicato fueron de manera separada,\nde la provincia de C\u00f3rdoba particip\u00f3 Alejandra Agnone quien es delegada del\nsector y declar\u00f3 que: \u201clos directivos nos informaron de nuevas cuestiones\norganizativas y generales que comenzar\u00e1n a aplicarse y a llevar adelante desde\nSENASA\u201d.<\/p>\n\n\n\n<p>Agnone destac\u00f3 la importancia de generar este espacio de\nencuentro que nace de las mismas autoridades de SENASA: \u201ccelebramos esta primera\nreuni\u00f3n porque la vemos como un gesto pol\u00edtico de acercamiento y de la\nnecesidad de un \u00e1mbito de relaciones laborales dentro de SENASA en el que nos\nencontremos las trabajadoras y trabajadores con nuestras entidades sindicales y\nla patronal\u201d. <\/p>\n\n\n\n<p>Con la presencia del Presidente, Vicepresidente y Director\nde Recursos Humanos de SENASA los y las representantes de ATE en esta reuni\u00f3n\nse mostraron motivados ante la posibilidad de establecer v\u00edas de comunicaci\u00f3n,\ndel compromiso de los directivos de dar el espacio y el \u00e1mbito para manifestar\ny facilitar mecanismos de una instancia paritaria para poder avanzar en\ncuestiones referidas tambi\u00e9n al Convenio Colectivo de Trabajo del sector, tan\ngolpeado durante los cuatro a\u00f1os de Macrismo.<\/p>\n\n\n\n<p>\u201cSe van a reveer los despidos, van a revisar caso por caso cada despido sufrido en estos cuatro a\u00f1os. Fue una exigencia de ATE la reincorporaci\u00f3n de nuestros despedidos y despedidas de SENASA en todo el pa\u00eds\u201d, asever\u00f3 Alejandra quien tambi\u00e9n expres\u00f3 que: \u201cel Presidente se comprometi\u00f3 a que SENASA recupere sus funciones, sus cuestiones operativas y t\u00e9cnicas, as\u00ed como tambi\u00e9n a que C\u00f3rdoba vuelva a tener su propia sede central\u201d. <\/p>\n\n\n\n<figure class=\"wp-block-image size-large\"><img decoding=\"async\" src=\"http:\/\/atecordoba.org\/wp-content\/uploads\/2020\/05\/79734140_10157787477064805_1608438138223460352_n-768x576-3.jpg\" alt=\"\" class=\"wp-image-11852\"\/><\/figure>\n\n\n\n<p><\/p>\n","protected":false},"excerpt":{"rendered":"<p>Este martes 17 de diciembre en la Casa Central de SENASA en Buenos Aires, el nuevo Presidente del organismo, Ingeniero Agr\u00f3nomo Carlos Paz, convoc\u00f3 a los tres sindicatos de SENASA: ATE, Apumag y UPCN donde las autoridades brindaron un informe de situaci\u00f3n. Las reuniones con cada sindicato fueron de manera separada, de la provincia de [&hellip;]<\/p>\n","protected":false},"author":1,"featured_media":19220,"comment_status":"open","ping_status":"open","sticky":false,"template":"","format":"standard","meta":{"_exactmetrics_skip_tracking":false,"_exactmetrics_sitenote_active":false,"_exactmetrics_sitenote_note":"","_exactmetrics_sitenote_category":0,"jnews-multi-image_gallery":[],"jnews_single_post":[],"jnews_primary_category":[],"jnews_social_meta":[],"jnews_review":[],"enable_review":"","type":"","name":"","summary":"","brand":"","sku":"","good":[],"bad":[],"score_override":"","override_value":"","rating":[],"price":[],"jnews_override_counter":[],"jnews_post_split":[],"footnotes":""},"categories":[1],"tags":[],"class_list":["post-11848","post","type-post","status-publish","format-standard","has-post-thumbnail","hentry","category-sin-categoria"],"jetpack_featured_media_url":"https:\/\/atecordoba.org\/wp-content\/uploads\/2020\/05\/logo-nuevochico-e1561581322808.png","_links":{"self":[{"href":"https:\/\/atecordoba.org\/index.php?rest_route=\/wp\/v2\/posts\/11848","targetHints":{"allow":["GET"]}}],"collection":[{"href":"https:\/\/atecordoba.org\/index.php?rest_route=\/wp\/v2\/posts"}],"about":[{"href":"https:\/\/atecordoba.org\/index.php?rest_route=\/wp\/v2\/types\/post"}],"author":[{"embeddable":true,"href":"https:\/\/atecordoba.org\/index.php?rest_route=\/wp\/v2\/users\/1"}],"replies":[{"embeddable":true,"href":"https:\/\/atecordoba.org\/index.php?rest_route=%2Fwp%2Fv2%2Fcomments&post=11848"}],"version-history":[{"count":1,"href":"https:\/\/atecordoba.org\/index.php?rest_route=\/wp\/v2\/posts\/11848\/revisions"}],"predecessor-version":[{"id":18966,"href":"https:\/\/atecordoba.org\/index.php?rest_route=\/wp\/v2\/posts\/11848\/revisions\/18966"}],"wp:featuredmedia":[{"embeddable":true,"href":"https:\/\/atecordoba.org\/index.php?rest_route=\/wp\/v2\/media\/19220"}],"wp:attachment":[{"href":"https:\/\/atecordoba.org\/index.php?rest_route=%2Fwp%2Fv2%2Fmedia&parent=11848"}],"wp:term":[{"taxonomy":"category","embeddable":true,"href":"https:\/\/atecordoba.org\/index.php?rest_route=%2Fwp%2Fv2%2Fcategories&post=11848"},{"taxonomy":"post_tag","embeddable":true,"href":"https:\/\/atecordoba.org\/index.php?rest_route=%2Fwp%2Fv2%2Ftags&post=11848"}],"curies":[{"name":"wp","href":"https:\/\/api.w.org\/{rel}","templated":true}]}}