{"id":11845,"date":"2019-12-17T14:23:19","date_gmt":"2019-12-17T17:23:19","guid":{"rendered":"https:\/\/www.atecordoba.org\/?p=11845"},"modified":"2020-05-05T09:17:05","modified_gmt":"2020-05-05T12:17:05","slug":"cajas-navidenas-para-afiliados-y-afiliadas-de-ate","status":"publish","type":"post","link":"https:\/\/atecordoba.org\/?p=11845","title":{"rendered":"Cajas navide\u00f1as para afiliados y afiliadas de ATE"},"content":{"rendered":"\n<figure class=\"wp-block-image size-large\"><img decoding=\"async\" src=\"http:\/\/atecordoba.org\/wp-content\/uploads\/2020\/05\/78547917_1270703156468713_5706457973698592768_o.jpg\" alt=\"\" class=\"wp-image-11846\"\/><\/figure>\n\n\n\n<p>Desde la Asociaci\u00f3n de Trabajadores del Estado, se est\u00e1n entregando las cajas navide\u00f1as para la familia estatal.<\/p>\n\n\n\n<p>Pas\u00e1 a retirar la tuya en la sede de ATE (Entre R\u00edos 450) con tu DNI.<\/p>\n\n\n\n<p>Te esperamos de 9 a 16 horas.<\/p>\n\n\n\n<p>Vamos caminando.<\/p>\n","protected":false},"excerpt":{"rendered":"<p>Desde la Asociaci\u00f3n de Trabajadores del Estado, se est\u00e1n entregando las cajas navide\u00f1as para la familia estatal. Pas\u00e1 a retirar la tuya en la sede de ATE (Entre R\u00edos 450) con tu DNI. Te esperamos de 9 a 16 horas. Vamos caminando.<\/p>\n","protected":false},"author":1,"featured_media":19220,"comment_status":"open","ping_status":"open","sticky":false,"template":"","format":"standard","meta":{"_exactmetrics_skip_tracking":false,"_exactmetrics_sitenote_active":false,"_exactmetrics_sitenote_note":"","_exactmetrics_sitenote_category":0,"jnews-multi-image_gallery":[],"jnews_single_post":[],"jnews_primary_category":[],"jnews_social_meta":[],"jnews_review":[],"enable_review":"","type":"","name":"","summary":"","brand":"","sku":"","good":[],"bad":[],"score_override":"","override_value":"","rating":[],"price":[],"jnews_override_counter":[],"jnews_post_split":[],"footnotes":""},"categories":[1],"tags":[],"class_list":["post-11845","post","type-post","status-publish","format-standard","has-post-thumbnail","hentry","category-sin-categoria"],"jetpack_featured_media_url":"https:\/\/atecordoba.org\/wp-content\/uploads\/2020\/05\/logo-nuevochico-e1561581322808.png","_links":{"self":[{"href":"https:\/\/atecordoba.org\/index.php?rest_route=\/wp\/v2\/posts\/11845","targetHints":{"allow":["GET"]}}],"collection":[{"href":"https:\/\/atecordoba.org\/index.php?rest_route=\/wp\/v2\/posts"}],"about":[{"href":"https:\/\/atecordoba.org\/index.php?rest_route=\/wp\/v2\/types\/post"}],"author":[{"embeddable":true,"href":"https:\/\/atecordoba.org\/index.php?rest_route=\/wp\/v2\/users\/1"}],"replies":[{"embeddable":true,"href":"https:\/\/atecordoba.org\/index.php?rest_route=%2Fwp%2Fv2%2Fcomments&post=11845"}],"version-history":[{"count":1,"href":"https:\/\/atecordoba.org\/index.php?rest_route=\/wp\/v2\/posts\/11845\/revisions"}],"predecessor-version":[{"id":18968,"href":"https:\/\/atecordoba.org\/index.php?rest_route=\/wp\/v2\/posts\/11845\/revisions\/18968"}],"wp:featuredmedia":[{"embeddable":true,"href":"https:\/\/atecordoba.org\/index.php?rest_route=\/wp\/v2\/media\/19220"}],"wp:attachment":[{"href":"https:\/\/atecordoba.org\/index.php?rest_route=%2Fwp%2Fv2%2Fmedia&parent=11845"}],"wp:term":[{"taxonomy":"category","embeddable":true,"href":"https:\/\/atecordoba.org\/index.php?rest_route=%2Fwp%2Fv2%2Fcategories&post=11845"},{"taxonomy":"post_tag","embeddable":true,"href":"https:\/\/atecordoba.org\/index.php?rest_route=%2Fwp%2Fv2%2Ftags&post=11845"}],"curies":[{"name":"wp","href":"https:\/\/api.w.org\/{rel}","templated":true}]}}