{"id":11840,"date":"2019-12-17T13:37:51","date_gmt":"2019-12-17T16:37:51","guid":{"rendered":"https:\/\/www.atecordoba.org\/?p=11840"},"modified":"2020-05-05T09:17:07","modified_gmt":"2020-05-05T12:17:07","slug":"giuliani-en-asamblea-con-docentes-de-la-escuela-de-gendarmeria-en-jesus-maria","status":"publish","type":"post","link":"https:\/\/atecordoba.org\/?p=11840","title":{"rendered":"Giuliani en asamblea con docentes de la Escuela de Gendarmer\u00eda en Jes\u00fas Mar\u00eda"},"content":{"rendered":"\n<p>Este martes por la ma\u00f1ana, el Secretario General de la Asociaci\u00f3n \nTrabajadores del Estado (ATE-CTA) y de la CTA Aut\u00f3noma C\u00f3rdoba, Federico\n Giuliani, estuvo en la localidad de Jes\u00fas Mar\u00eda.<\/p>\n\n\n\n<p>All\u00ed particip\u00f3 de una asamblea con trabajadores y trabajadoras  docentes civiles de las Fuerzas de Seguridad de la Escuela de  Suboficiales de Gendarmer\u00eda Nacional afiliados a ATE.<\/p>\n\n\n\n<figure class=\"wp-block-image size-large\"><img decoding=\"async\" src=\"http:\/\/atecordoba.org\/wp-content\/uploads\/2020\/05\/79930054_10157787473934805_2747623779071950848_n-768x576-1.jpg\" alt=\"\" class=\"wp-image-11841\"\/><\/figure>\n\n\n\n<figure class=\"wp-block-image size-large\"><img decoding=\"async\" src=\"http:\/\/atecordoba.org\/wp-content\/uploads\/2020\/05\/79471622_10157787472579805_5421390046391435264_n.jpg\" alt=\"\" class=\"wp-image-11842\"\/><\/figure>\n\n\n\n<p> Acompa\u00f1aron a Giuliani Edith Innamorato, Secretaria de Interior; Lizzete  Acosta, Vocal del Consejo Directivo Provincial (CDP); el Delegado Tony  Iribarren; y el Paritario Sectorial, Alejandro Charra.<\/p>\n\n\n\n<p>\u201cTratamos temas y problem\u00e1ticas puntuales del sector e hicimos \nentregas de las cajas navide\u00f1as. Vamos caminando\u201d, poste\u00f3 Fede Giuliani \nen las redes sociales.<\/p>\n\n\n\n<p>\u201cSeguimos recorriendo la provincia, fortaleciendo los sectores y \nbancando a los trabajadores en sus lugares de trabajo, tanto sean \nmunicipales, provincial o nacionales. ATE debate, lucha y organiza\u201d, \nremat\u00f3.<\/p>\n\n\n\n<figure class=\"wp-block-image size-large\"><img decoding=\"async\" src=\"http:\/\/atecordoba.org\/wp-content\/uploads\/2020\/05\/79734140_10157787477064805_1608438138223460352_n-768x576-1.jpg\" alt=\"\" class=\"wp-image-11843\"\/><\/figure>\n","protected":false},"excerpt":{"rendered":"<p>Este martes por la ma\u00f1ana, el Secretario General de la Asociaci\u00f3n Trabajadores del Estado (ATE-CTA) y de la CTA Aut\u00f3noma C\u00f3rdoba, Federico Giuliani, estuvo en la localidad de Jes\u00fas Mar\u00eda. All\u00ed particip\u00f3 de una asamblea con trabajadores y trabajadoras docentes civiles de las Fuerzas de Seguridad de la Escuela de Suboficiales de Gendarmer\u00eda Nacional afiliados [&hellip;]<\/p>\n","protected":false},"author":1,"featured_media":19220,"comment_status":"open","ping_status":"open","sticky":false,"template":"","format":"standard","meta":{"_exactmetrics_skip_tracking":false,"_exactmetrics_sitenote_active":false,"_exactmetrics_sitenote_note":"","_exactmetrics_sitenote_category":0,"jnews-multi-image_gallery":[],"jnews_single_post":[],"jnews_primary_category":[],"jnews_social_meta":[],"jnews_review":[],"enable_review":"","type":"","name":"","summary":"","brand":"","sku":"","good":[],"bad":[],"score_override":"","override_value":"","rating":[],"price":[],"jnews_override_counter":[],"jnews_post_split":[],"footnotes":""},"categories":[1],"tags":[],"class_list":["post-11840","post","type-post","status-publish","format-standard","has-post-thumbnail","hentry","category-sin-categoria"],"jetpack_featured_media_url":"https:\/\/atecordoba.org\/wp-content\/uploads\/2020\/05\/logo-nuevochico-e1561581322808.png","_links":{"self":[{"href":"https:\/\/atecordoba.org\/index.php?rest_route=\/wp\/v2\/posts\/11840","targetHints":{"allow":["GET"]}}],"collection":[{"href":"https:\/\/atecordoba.org\/index.php?rest_route=\/wp\/v2\/posts"}],"about":[{"href":"https:\/\/atecordoba.org\/index.php?rest_route=\/wp\/v2\/types\/post"}],"author":[{"embeddable":true,"href":"https:\/\/atecordoba.org\/index.php?rest_route=\/wp\/v2\/users\/1"}],"replies":[{"embeddable":true,"href":"https:\/\/atecordoba.org\/index.php?rest_route=%2Fwp%2Fv2%2Fcomments&post=11840"}],"version-history":[{"count":1,"href":"https:\/\/atecordoba.org\/index.php?rest_route=\/wp\/v2\/posts\/11840\/revisions"}],"predecessor-version":[{"id":18972,"href":"https:\/\/atecordoba.org\/index.php?rest_route=\/wp\/v2\/posts\/11840\/revisions\/18972"}],"wp:featuredmedia":[{"embeddable":true,"href":"https:\/\/atecordoba.org\/index.php?rest_route=\/wp\/v2\/media\/19220"}],"wp:attachment":[{"href":"https:\/\/atecordoba.org\/index.php?rest_route=%2Fwp%2Fv2%2Fmedia&parent=11840"}],"wp:term":[{"taxonomy":"category","embeddable":true,"href":"https:\/\/atecordoba.org\/index.php?rest_route=%2Fwp%2Fv2%2Fcategories&post=11840"},{"taxonomy":"post_tag","embeddable":true,"href":"https:\/\/atecordoba.org\/index.php?rest_route=%2Fwp%2Fv2%2Ftags&post=11840"}],"curies":[{"name":"wp","href":"https:\/\/api.w.org\/{rel}","templated":true}]}}