{"id":11835,"date":"2019-12-13T10:29:12","date_gmt":"2019-12-13T13:29:12","guid":{"rendered":"https:\/\/www.atecordoba.org\/?p=11835"},"modified":"2020-05-05T09:17:10","modified_gmt":"2020-05-05T12:17:10","slug":"el-gobierno-anulara-el-decreto-de-macri-que-dejaba-tres-mil-funcionarios-propios-en-el-estado","status":"publish","type":"post","link":"https:\/\/atecordoba.org\/?p=11835","title":{"rendered":"El Gobierno anular\u00e1 el decreto de Macri que dejaba tres mil funcionarios propios en el Estado"},"content":{"rendered":"\n<p> Extend\u00eda por 5 a\u00f1os la estabilidad laboral para directores y jer\u00e1rquicos  nombrados por el macrismo y establec\u00eda indemnizaciones millonarias si  eran despedidos. <\/p>\n\n\n\n<div class=\"wp-block-image\"><figure class=\"aligncenter size-large\"><img decoding=\"async\" src=\"http:\/\/atecordoba.org\/wp-content\/uploads\/2020\/05\/1_ate.jpg\" alt=\"\" class=\"wp-image-11836\"\/><figcaption>Hugo Godoy, secretario general ATE Nacional<br><br><\/figcaption><\/figure><\/div>\n\n\n\n<p>El Gobierno suspender\u00e1 el decreto que Mauricio Macri firm\u00f3 14 d\u00edas  antes de dejar la Casa Rosada y que creaba un r\u00e9gimen de privilegio que  extend\u00eda por cinco a\u00f1os los puestos jer\u00e1rquicos del Estado para 3000  funcionarios nombrados en su gesti\u00f3n. El decreto 788 del a\u00f1o 2019,  implica &#8220;una grave distorsi\u00f3n de los principios establecidos en relaci\u00f3n  con el Empleo P\u00fablico, afectando derechos y deberes de empleados y  funcionarios y atentando contra los recursos del Estado&#8221;, sostuvo la  secretaria de Gesti\u00f3n y Empleo P\u00fablico de la Naci\u00f3n, Ana Castellani,  para anticipar la decisi\u00f3n de la nueva administraci\u00f3n de suspender el  decreto que tambi\u00e9n rubricaron el entonces jefe de Gabinete, Marcos  Pe\u00f1a, y el ahora ex ministro de Producci\u00f3n y Trabajo, Dante Sica. La  norma pretend\u00eda dejar una gruesa capa geol\u00f3gica del macrismo en puestos  clave de administraci\u00f3n p\u00fablica y les garantizaba millonarias  indemnizaciones en caso que fueran despedidos. El decreto, del que dio  cuenta <strong>P\u00e1ginaI12<\/strong>, hab\u00eda sido cuestionado y denunciado desde los propios abogados del Estado y el gremio de ATE.<\/p>\n\n\n\n<p>Castellani, argument\u00f3 la decisi\u00f3n del nuevo Gobierno en que el decreto  de Macri modifica el Convenio Colectivo del Sector P\u00fablico,  estableciendo un nuevo r\u00e9gimen de acceso, retribuci\u00f3n, permanencia,  promoci\u00f3n y egreso de la Alta Direcci\u00f3n P\u00fablica e involucra a m\u00e1s de  3.000 cargos, creando un escalaf\u00f3n de &#8220;privilegio para funcionarios y  quebrando la carrera administrativa, generando un sistema diferencial y  privilegiado para altos funcionarios&#8221;.<\/p>\n\n\n\n<p><strong>Gentileza P\u00e1gina 12<\/strong><\/p>\n","protected":false},"excerpt":{"rendered":"<p>Extend\u00eda por 5 a\u00f1os la estabilidad laboral para directores y jer\u00e1rquicos nombrados por el macrismo y establec\u00eda indemnizaciones millonarias si eran despedidos. El Gobierno suspender\u00e1 el decreto que Mauricio Macri firm\u00f3 14 d\u00edas antes de dejar la Casa Rosada y que creaba un r\u00e9gimen de privilegio que extend\u00eda por cinco a\u00f1os los puestos jer\u00e1rquicos del [&hellip;]<\/p>\n","protected":false},"author":1,"featured_media":19220,"comment_status":"open","ping_status":"open","sticky":false,"template":"","format":"standard","meta":{"_exactmetrics_skip_tracking":false,"_exactmetrics_sitenote_active":false,"_exactmetrics_sitenote_note":"","_exactmetrics_sitenote_category":0,"jnews-multi-image_gallery":[],"jnews_single_post":[],"jnews_primary_category":[],"jnews_social_meta":[],"jnews_review":[],"enable_review":"","type":"","name":"","summary":"","brand":"","sku":"","good":[],"bad":[],"score_override":"","override_value":"","rating":[],"price":[],"jnews_override_counter":[],"jnews_post_split":[],"footnotes":""},"categories":[1],"tags":[],"class_list":["post-11835","post","type-post","status-publish","format-standard","has-post-thumbnail","hentry","category-sin-categoria"],"jetpack_featured_media_url":"https:\/\/atecordoba.org\/wp-content\/uploads\/2020\/05\/logo-nuevochico-e1561581322808.png","_links":{"self":[{"href":"https:\/\/atecordoba.org\/index.php?rest_route=\/wp\/v2\/posts\/11835","targetHints":{"allow":["GET"]}}],"collection":[{"href":"https:\/\/atecordoba.org\/index.php?rest_route=\/wp\/v2\/posts"}],"about":[{"href":"https:\/\/atecordoba.org\/index.php?rest_route=\/wp\/v2\/types\/post"}],"author":[{"embeddable":true,"href":"https:\/\/atecordoba.org\/index.php?rest_route=\/wp\/v2\/users\/1"}],"replies":[{"embeddable":true,"href":"https:\/\/atecordoba.org\/index.php?rest_route=%2Fwp%2Fv2%2Fcomments&post=11835"}],"version-history":[{"count":1,"href":"https:\/\/atecordoba.org\/index.php?rest_route=\/wp\/v2\/posts\/11835\/revisions"}],"predecessor-version":[{"id":18974,"href":"https:\/\/atecordoba.org\/index.php?rest_route=\/wp\/v2\/posts\/11835\/revisions\/18974"}],"wp:featuredmedia":[{"embeddable":true,"href":"https:\/\/atecordoba.org\/index.php?rest_route=\/wp\/v2\/media\/19220"}],"wp:attachment":[{"href":"https:\/\/atecordoba.org\/index.php?rest_route=%2Fwp%2Fv2%2Fmedia&parent=11835"}],"wp:term":[{"taxonomy":"category","embeddable":true,"href":"https:\/\/atecordoba.org\/index.php?rest_route=%2Fwp%2Fv2%2Fcategories&post=11835"},{"taxonomy":"post_tag","embeddable":true,"href":"https:\/\/atecordoba.org\/index.php?rest_route=%2Fwp%2Fv2%2Ftags&post=11835"}],"curies":[{"name":"wp","href":"https:\/\/api.w.org\/{rel}","templated":true}]}}