{"id":11820,"date":"2019-12-12T20:40:41","date_gmt":"2019-12-12T23:40:41","guid":{"rendered":"https:\/\/www.atecordoba.org\/?p=11820"},"modified":"2020-05-05T09:17:12","modified_gmt":"2020-05-05T12:17:12","slug":"entrega-de-certificados-fopecap-a-trabajadores","status":"publish","type":"post","link":"https:\/\/atecordoba.org\/?p=11820","title":{"rendered":"Entrega de certificados FoPeCap a trabajadores y trabajadoras estatales"},"content":{"rendered":"\n<figure class=\"wp-block-image size-large\"><img decoding=\"async\" src=\"http:\/\/atecordoba.org\/wp-content\/uploads\/2020\/05\/Entrega-2-1024x576.jpg\" alt=\"\" class=\"wp-image-11821\"\/><\/figure>\n\n\n\n<p>En el d\u00eda de la fecha se realizo en la Sede del Consejo Directivo Provincial (CDP) de ATE C\u00f3rdoba, el Acto de Entrega de Certificados a m\u00e1s de 60 trabajadores y trabajadoras del Estado Nacional que aprobaron el Curso de Formaci\u00f3n: \u201cMejora del clima laboral: an\u00e1lisis de los riesgos psicosociales y la violencia laboral&#8221;. La instancia formativa se dict\u00f3 en el marco del convenio existente entre ATE y el Fondo Permanente de Capacitaci\u00f3n y Recalificaci\u00f3n Laboral (FoPeCap) del Instituto Nacional de la Administraci\u00f3n P\u00fablica (INAP). Se trat\u00f3 de una propuesta de car\u00e1cter semipresencial, que dur\u00f3 6 meses, durante los cuales se trabajaron 9 en modalidad presencial y virtual a trav\u00e9s del campus de la Escuela Sindical &#8220;Libertario Ferrari&#8221; del Consejo Directivo Nacional (CDN) de ATE.<\/p>\n\n\n\n<p>La apertura del acto estuvo a cargo del Secretario General del CDP, Federico Giuliani; el integrante del Consejo Directivo Nacional y Director Nacional del ISSTATE, Beto Galeano; del Secretario de Formaci\u00f3n del CDP, Cesar Theaux; y de la Secretaria de Actas y miembro del equipo de formaci\u00f3n del CDP, Mar\u00eda Sotti.<\/p>\n\n\n\n<figure class=\"wp-block-image size-large\"><img decoding=\"async\" src=\"http:\/\/atecordoba.org\/wp-content\/uploads\/2020\/05\/Entrega-1024x576.jpg\" alt=\"\" class=\"wp-image-11829\"\/><figcaption>  Mesa, de izquierda a derecha en foto:  Cesar Theaux, Secretario de  Formaci\u00f3n del CDP;  Beto galeano,   integrante del Consejo Directivo  Nacional y Director  Nacional del ISSTATE, Federico Giuliani,   Secretario General del CDP;  Mar\u00eda Sotti,  Secretaria de Actas y miembro  del equipo de formaci\u00f3n del  CDP  <\/figcaption><\/figure>\n\n\n\n<figure class=\"wp-block-image size-large\"><img decoding=\"async\" src=\"http:\/\/atecordoba.org\/wp-content\/uploads\/2020\/05\/Entrega-1-1024x576.jpg\" alt=\"\" class=\"wp-image-11827\"\/><\/figure>\n","protected":false},"excerpt":{"rendered":"<p>En el d\u00eda de la fecha se realizo en la Sede del Consejo Directivo Provincial (CDP) de ATE C\u00f3rdoba, el Acto de Entrega de Certificados a m\u00e1s de 60 trabajadores y trabajadoras del Estado Nacional que aprobaron el Curso de Formaci\u00f3n: \u201cMejora del clima laboral: an\u00e1lisis de los riesgos psicosociales y la violencia laboral&#8221;. La [&hellip;]<\/p>\n","protected":false},"author":1,"featured_media":19220,"comment_status":"open","ping_status":"open","sticky":false,"template":"","format":"standard","meta":{"_exactmetrics_skip_tracking":false,"_exactmetrics_sitenote_active":false,"_exactmetrics_sitenote_note":"","_exactmetrics_sitenote_category":0,"jnews-multi-image_gallery":[],"jnews_single_post":[],"jnews_primary_category":[],"jnews_social_meta":[],"jnews_review":[],"enable_review":"","type":"","name":"","summary":"","brand":"","sku":"","good":[],"bad":[],"score_override":"","override_value":"","rating":[],"price":[],"jnews_override_counter":[],"jnews_post_split":[],"footnotes":""},"categories":[1],"tags":[],"class_list":["post-11820","post","type-post","status-publish","format-standard","has-post-thumbnail","hentry","category-sin-categoria"],"jetpack_featured_media_url":"https:\/\/atecordoba.org\/wp-content\/uploads\/2020\/05\/logo-nuevochico-e1561581322808.png","_links":{"self":[{"href":"https:\/\/atecordoba.org\/index.php?rest_route=\/wp\/v2\/posts\/11820","targetHints":{"allow":["GET"]}}],"collection":[{"href":"https:\/\/atecordoba.org\/index.php?rest_route=\/wp\/v2\/posts"}],"about":[{"href":"https:\/\/atecordoba.org\/index.php?rest_route=\/wp\/v2\/types\/post"}],"author":[{"embeddable":true,"href":"https:\/\/atecordoba.org\/index.php?rest_route=\/wp\/v2\/users\/1"}],"replies":[{"embeddable":true,"href":"https:\/\/atecordoba.org\/index.php?rest_route=%2Fwp%2Fv2%2Fcomments&post=11820"}],"version-history":[{"count":1,"href":"https:\/\/atecordoba.org\/index.php?rest_route=\/wp\/v2\/posts\/11820\/revisions"}],"predecessor-version":[{"id":18978,"href":"https:\/\/atecordoba.org\/index.php?rest_route=\/wp\/v2\/posts\/11820\/revisions\/18978"}],"wp:featuredmedia":[{"embeddable":true,"href":"https:\/\/atecordoba.org\/index.php?rest_route=\/wp\/v2\/media\/19220"}],"wp:attachment":[{"href":"https:\/\/atecordoba.org\/index.php?rest_route=%2Fwp%2Fv2%2Fmedia&parent=11820"}],"wp:term":[{"taxonomy":"category","embeddable":true,"href":"https:\/\/atecordoba.org\/index.php?rest_route=%2Fwp%2Fv2%2Fcategories&post=11820"},{"taxonomy":"post_tag","embeddable":true,"href":"https:\/\/atecordoba.org\/index.php?rest_route=%2Fwp%2Fv2%2Ftags&post=11820"}],"curies":[{"name":"wp","href":"https:\/\/api.w.org\/{rel}","templated":true}]}}