{"id":11811,"date":"2019-12-12T16:55:28","date_gmt":"2019-12-12T19:55:28","guid":{"rendered":"https:\/\/www.atecordoba.org\/?p=11811"},"modified":"2020-07-29T15:06:23","modified_gmt":"2020-07-29T18:06:23","slug":"plenario-de-delegados-y-delegadas-municipales","status":"publish","type":"post","link":"https:\/\/atecordoba.org\/?p=11811","title":{"rendered":"Plenario de delegados y delegadas Municipales"},"content":{"rendered":"\r\n<p><em>\u201cPlanificar, organizar, crecer, avanzar\u201d fueron las consignas de la instancia que reuni\u00f3 a m\u00e1s de 50 representantes de 25 localidades de la Provincia de C\u00f3rdoba, en la sede de Consejo Directivo Provincial (CDP) de ATE.<\/em><\/p>\r\n\r\n\r\n\r\n<figure class=\"wp-block-gallery columns-3 is-cropped wp-block-gallery-1 is-layout-flex wp-block-gallery-is-layout-flex\">\r\n<ul class=\"blocks-gallery-grid\">\r\n<li class=\"blocks-gallery-item\">\r\n<figure><img decoding=\"async\" class=\"wp-image-11817\" src=\"http:\/\/atecordoba.org\/wp-content\/uploads\/2020\/05\/Plenario4-1024x426.jpg\" alt=\"\" data-id=\"11817\" data-full-url=\"https:\/\/www.atecordoba.org\/wp-content\/uploads\/2019\/12\/Plenario4.jpeg\" data-link=\"https:\/\/www.atecordoba.org\/?attachment_id=11817\" \/><\/figure>\r\n<\/li>\r\n<li class=\"blocks-gallery-item\">\r\n<figure><img decoding=\"async\" class=\"wp-image-11815\" src=\"http:\/\/atecordoba.org\/wp-content\/uploads\/2020\/05\/Plenario3-1024x766.jpg\" alt=\"\" data-id=\"11815\" data-full-url=\"https:\/\/www.atecordoba.org\/wp-content\/uploads\/2019\/12\/Plenario3.jpeg\" data-link=\"https:\/\/www.atecordoba.org\/?attachment_id=11815\" \/><\/figure>\r\n<\/li>\r\n<li class=\"blocks-gallery-item\">\r\n<figure><img decoding=\"async\" class=\"wp-image-11814\" src=\"http:\/\/atecordoba.org\/wp-content\/uploads\/2020\/05\/Plenario-1024x766.jpg\" alt=\"\" data-id=\"11814\" data-full-url=\"https:\/\/www.atecordoba.org\/wp-content\/uploads\/2019\/12\/Plenario.jpeg\" data-link=\"https:\/\/www.atecordoba.org\/?attachment_id=11814\" \/><\/figure>\r\n<\/li>\r\n<li class=\"blocks-gallery-item\">\r\n<figure><img decoding=\"async\" class=\"wp-image-11812\" src=\"http:\/\/atecordoba.org\/wp-content\/uploads\/2020\/05\/Plenario2-1024x576.jpg\" alt=\"\" data-id=\"11812\" data-full-url=\"https:\/\/www.atecordoba.org\/wp-content\/uploads\/2019\/12\/Plenario2.jpeg\" data-link=\"https:\/\/www.atecordoba.org\/?attachment_id=11812\" \/><\/figure>\r\n<\/li>\r\n<\/ul>\r\n<\/figure>\r\n\r\n\r\n\r\n<p><em>La Provincia de C\u00f3rdoba cuenta con 80 mil trabajadores y trabajadoras municipales, distribuidas en 429 localidades a lo largo y lo ancho de toda la Provincia.<\/em> Las tareas comprendidas por este sector abarcan las m\u00e1s distintas \u00e1reas -administrativos, t\u00e9cnicos, profesionales, operarios, maestranzas, docentes, etc- y revisten todo tipo de particularidades -planta, contratados, becados; con m\u00e1s o menos horas, temporales; en comunas, municipios, etc-. La constante es la lucha para que las tareas del primer escal\u00f3n del Estado, que son las administraciones locales, brinden a sus ciudadanos el conjunto de los derechos que les corresponde y, a su vez, otorgue a sus trabajadores todos los derechos que, buena parte de las veces, son desconocidos, negados.\u00a0<\/p>\r\n\r\n\r\n\r\n<p>Cuenta de todo ello dio este primer encuentro provincial de delegados y delegadas municipales de la provincia, donde el crecimiento del sector dentro de ATE y la nueva impronta organizativa, abri\u00f3 hoy una etapa de organizaci\u00f3n con mucha perspectiva hacia adelante.<\/p>\r\n\r\n\r\n\r\n<p><strong>Lugar para todos<\/strong><\/p>\r\n\r\n\r\n\r\n<p>\u201c<em>La idea es que todos tengan lugar en nuestra casa de ATE<\/em>. Sufren las pol\u00edticas de los intendentes de turno que son nuestros patrones y muchas veces se comportan como patrones de estancia, no importan de partido que vengan. Nos encontramos muchas veces con sindicatos locales o regionales totalmente c\u00f3mplices de las pol\u00edticas de los trabajadores, que acuerdan a sus espaldas porque nunca hacen asambleas para nada\u201d, consign\u00f3 Federico Giuliani, secretario General del CDP de ATE C\u00f3rdoba. \u201cEn esta nueva etapa de ATE el sector municipal es muy importante, por eso esta acci\u00f3n de coordinaci\u00f3n y visibilizaci\u00f3n de todos: poner en com\u00fan diagn\u00f3sticos, propuestas y plan de acci\u00f3n para crecer en todos lados siguiendo una estrategia de conjunto, desde la heterogeneidad que implica esta cantidad de actores que hoy estamos ac\u00e1 reunidos\u201d, expres\u00f3 Giuliani (ver discurso completo, aparte).<\/p>\r\n\r\n\r\n\r\n<p>La instancia cont\u00f3 adem\u00e1s con el secretario del Interior del Consejo Directivo Nacional de ATE quien invit\u00f3 a los trabajadores y trabajadoras municipales a \u201c<em>prepararse con la legitimidad de su trabajo para entender las problem\u00e1ticas y crear organizaci\u00f3n\u201d<\/em>. \u201cHay una crisis de la dirigencia sindical, partidaria, institucional que hoy est\u00e1 muy desgastada y ah\u00ed tiene que haber alg\u00fan compa\u00f1ero\u201d, expres\u00f3.<\/p>\r\n\r\n\r\n\r\n<p><strong>Las voces de las regiones<\/strong><\/p>\r\n\r\n\r\n\r\n<p>La Secretaria General de ATE R\u00edo Cuarto, Rafaela Alcoba, expres\u00f3 que \u201chace mucho tiempo que ven\u00edamos reclamando estos espacios donde encontrarnos con los trabajadores municipales de toda la Provincia as\u00ed que hoy estamos m\u00e1s que conformes con este primer encuentro\u201d. En el mismo sentido, Liliana Morales, delegada municipal de Bulnes y Secretaria Administrativa de la Seccional de Adelia Mar\u00eda, celebr\u00f3 la instancia desde el lugar de nueva integrante en la organizaci\u00f3n: \u201cesto es algo nuevo para m\u00ed y sirve para actualizarme, conocer, aprender\u201d. Otro espacio incipiente es el de Jes\u00fas Mar\u00eda. Viviana Ni\u00f1o, una de las delegadas normalizadoras del sindicato en la Localidad, expres\u00f3 que \u201cesta responsabilidad que hemos asumido nos abre la puerta a espacios como el de este Plenario del cual esperamos nutrirnos de informaci\u00f3n para mejorar nuestra pr\u00e1ctica y nuestro rol como delegados en defensa de los trabajadores\u201d.\u00a0 Para Andrea L\u00f3pez del Municipio de Monte Le\u00f1a fue su primer Plenario con delegados y delegadas de la provincia: \u201cVengo con mucha expectativa de intercambiar, aprender. Hay que ganar experiencia y la mejor forma es participando y aprovechando las instancias que ATE nos da\u201d.<\/p>\r\n\r\n\r\n\r\n<figure class=\"wp-block-gallery columns-1 is-cropped wp-block-gallery-2 is-layout-flex wp-block-gallery-is-layout-flex\">\r\n<ul class=\"blocks-gallery-grid\">\r\n<li class=\"blocks-gallery-item\">\r\n<figure><img decoding=\"async\" class=\"wp-image-11816\" src=\"http:\/\/atecordoba.org\/wp-content\/uploads\/2020\/05\/Plenario5-1024x766.jpg\" alt=\"\" data-id=\"11816\" data-full-url=\"https:\/\/www.atecordoba.org\/wp-content\/uploads\/2019\/12\/Plenario5.jpeg\" data-link=\"https:\/\/www.atecordoba.org\/?attachment_id=11816\" \/><\/figure>\r\n<\/li>\r\n<\/ul>\r\n<\/figure>\r\n\r\n\r\n\r\n<p>Aunque con mucha trayectoria personal, Gladys Medina de San Francisco tambi\u00e9n celebr\u00f3 la instancia: \u201cvenimos al plenario con mucha expectativa. Me acompa\u00f1an 6 delegados que son nuevos en sus funciones y el intercambio con otros es fundamental para hacer, conocer, formarse y prepararse para enfrentarse a las nuevas situaciones\u201d.<\/p>\r\n\r\n\r\n\r\n<p>La formaci\u00f3n fue otro de los ejes que Alcoba, de R\u00edo Cuarto, tambi\u00e9n destac\u00f3: \u201cla formaci\u00f3n de los delegados es lo que nos diferencia de otros sindicatos que se sientan a firmar lo que proponen las patronales. Nosotros tenemos que discutir integralmente las cosas y para ello hace falta prepararse no solo en la pol\u00edtica gremial, sino tambi\u00e9n en cuestiones pol\u00edticas generales\u201d, expres\u00f3.<\/p>\r\n\r\n\r\n\r\n<p><strong>Las condiciones de trabajo y el convenio<\/strong><\/p>\r\n\r\n\r\n\r\n<p>Alcoba tambi\u00e9n destac\u00f3 que ser\u00e1 importante \u201cavanzar en los lineamientos generales para un encuentro de Municipales de todo el Pa\u00eds para el a\u00f1o pr\u00f3ximo donde podamos discutir la necesidad de un Convenio Colectivo Nacional para nuestra actividad\u201d.<\/p>\r\n\r\n\r\n\r\n<p>Tener par\u00e1metros unificados en cuanto a condiciones laborales fue tambi\u00e9n una de las situaciones sobre las que hizo \u00e9nfasus Lucas Loyola, de Bell Ville: \u201cTenemos que unificar el entendimiento ante la disparidad marcad\u00edsima en la cuesti\u00f3n de sueldos, por ejemplo. Tenemos que aplicar una misma escala salarial para que nadie quede debajo del Salario M\u00ednimo, Vital y M\u00f3vil\u201d. \u201cEstamos ante problem\u00e1ticas que son comunes a casi todos los municipios: la precariedad laboral es moneda constante, podemos estar 10 o 15 a\u00f1os esperando los pases a planta y eso no puede ser. Ropa de trabajo, condiciones laborales, son todas cosas que la gente no ve pero el trabajador sufre\u201d, expres\u00f3 Loyola. A esas situaciones, Medina -de San Francisco-, sum\u00f3 situaciones como \u201cla falta del cobro de tareas insalubres o riesgosas, el exceso de planes de emergencia ocupacional que se convierten en la modalidad de acceso a la Municipalidad, cuando eso no debiera ser as\u00ed\u201d.<\/p>\r\n\r\n\r\n\r\n<p>Otra situaci\u00f3n que alarma y que fue expuesta por Miriam Bendedetti de Capilla del Monte es el \u201cmaltrato hacia las trabajadoras femeninas que hay en nuestro municipio; vamos a tomar todas las medidas para que esto no vuelva a suceder y que se pueda ejercer el libre derecho a la sindicalizaci\u00f3n en el lugar de trabajo\u201d.<\/p>\r\n\r\n\r\n\r\n<p><strong>En ATE<\/strong><\/p>\r\n\r\n\r\n\r\n<p>\u201cEstamos reactivando el movimiento de ATE en nuestro Municipio ya que solo existia hasta hace muy poco un \u00fanico sindicato que no apoy\u00f3 a los trabajadores y se manej\u00f3 siempre de manera muy agresiva. De ah\u00ed la necesidad de este nuevo espacio de di\u00e1logo, escucha y pensamiento abierto para la defensa de los derechos y las necesidades de los compa\u00f1eros y compa\u00f1eras de la planta operaria, administrativos, agentes de salud, etc\u201d, expres\u00f3 Florencio Encina, Delegado Municipal de Jes\u00fas Mar\u00eda. La delegada de Bulnes, Liliana Loyola, tambi\u00e9n se mostr\u00f3 muy conforme con la participaci\u00f3n en ATE: \u201cSomos nuevos en ATE. La mayor\u00eda pertenec\u00edamos a otro sindicato y ahora estamos mucho mejor porque sentimos el acompa\u00f1amiento y contenci\u00f3n que antes no ten\u00edamos. El trabajador ahora sabe lo que se va a plantear, es parte de la decisi\u00f3n\u201d. Para Benedetti, de Capilla del Monte, que exista otra representaci\u00f3n sindical de los trabajadores tambi\u00e9n ha sido muy importante: \u201cen un Municipio donde siempre estuvo todo de la mano de un solo sindicato que se dedica m\u00e1s al clientelismo que a la representaci\u00f3n genuina del trabajador, un espacio como el de ATE es important\u00edsimo\u201d.<\/p>\r\n\r\n\r\n\r\n<p>Los avances en Sampacho merced a la organizaci\u00f3n de sus trabajadores y trabajadoras tambi\u00e9n ha sido algo notorio: \u201cdesde que lleg\u00f3 la organizaci\u00f3n en 2013 los trabajadores comenzamos por fin a tener alg\u00fan peso en las decisiones de los intendentes que siempre hac\u00edan y deshac\u00edan a su gusto. Desde que estamos hemos recuperado derechos como puntualidad, refrigerio, computo de vacaciones, aumentos salariales\u201d, expres\u00f3.<\/p>\r\n\r\n\r\n\r\n<p><strong>Ejes hacia adelante<\/strong><\/p>\r\n\r\n\r\n\r\n<p>Como cierre de la actividad, se concluy\u00f3 sobre la realizaci\u00f3n de una campa\u00f1a de afiliaci\u00f3n masiva y visibilizaci\u00f3n de las tareas que los y las municipales realizan -con la reedici\u00f3n de la campa\u00f1a \u201cmi trabajo son tus derechos\u201d-; y el armado de una \u201ccoordinadora de trabajadorxs municipales\u201d para planificar estrategias y planes de lucha.<\/p>\r\n\r\n\r\n\r\n<p>&#8212;&#8212;&#8212;<br \/><strong>PALABRAS DE APERTURA DE LA JORNADA<\/strong><\/p>\r\n\r\n\r\n\r\n<p><strong>Federico Giuliani, Secretario General del Consejo Directivo Provincial de ATE<\/strong><\/p>\r\n\r\n\r\n\r\n<p><em>Un conjunto de 80 mil trabajadores municipales. La idea es que todos tengan lugar en nuestra casa de ATE. Sufren las pol\u00edticas de los intendentes de turno que son nuestros patrones y muchas veces se comportan como patrones de estancia, no importan de partido que vengan. Nos encontramos muchas veces con sindicatos locales o regionales totalmente c\u00f3mplices de las pol\u00edticas de los trabajadores, que acuerdan a sus espaldas porque nunca hacen asambleas para nada y que encima a veces pretenden discutir, no la legitimidad porque la tenemos y de sobra, sino la legalidad y la realidad es que tenemos la personer\u00eda gremial m\u00e1s vieja del pa\u00eds, somos los primeros, as\u00ed que nadie puede corrernos con eso.<\/em><\/p>\r\n\r\n\r\n\r\n<p><em>En esta nueva etapa de ATE el sector municipal es muy importante, por eso esta acci\u00f3n de coordinaci\u00f3n y visibilizaci\u00f3n de todos: poner en com\u00fan diagn\u00f3sticos, propuestas y plan de acci\u00f3n para crecer en todos lados siguiendo una estrategia de conjunto, desde la heterogeneidad que implica esta cantidad de actores que hoy estamos ac\u00e1 reunidos. En la cadena de trabajadores del Estado, el Municipal es su escal\u00f3n m\u00e1s fr\u00e1gil: el que cobra salarios m\u00e1s bajos, el de empleo m\u00e1s precarios, con menos -o ning\u00fan- reconocimiento de antig\u00fcedad, asignaci\u00f3n por hijo, t\u00edtulo, presentismo, que en cualquier otro \u00e1mbito del Estado. Para nosotros es igual remuneraci\u00f3n por igual tarea.<\/em><\/p>\r\n\r\n\r\n\r\n<p><em>ATE no es este edificio en C\u00f3rdoba Capital: es cada una de las localidades donde podamos afiliar, organizar y pelear por los derechos de los trabajadores. La conducci\u00f3n pol\u00edtica del sindicato son los delegados y delegadas y el sindicato es la estructura que garantiza la continuidad de las luchas y un lugar natural para la organizaci\u00f3n de los trabajadores y trabajadoras. Podremos autoconovocarnos una o dos veces, pero las luchas grosas que implican m\u00e1s derechos se ganan con la lucha sostenida, y ah\u00ed est\u00e1 el movimiento obrero organizado que no transa, que avanza.<\/em><\/p>\r\n\r\n\r\n\r\n<p><em>Necesitamos formar a nuestros delegados y delegadas para tener las herramientas para discutir mano a mano con los intendentes los presupuestos, la amplia variedad de problem\u00e1ticas que tienen nuestras ciudades y organizarnos para superarlos. No es formarnos para hablar m\u00e1s y mejor -esas son caracter\u00edsticas de cada uno, cada una-; sino formarnos como verdaderos cuadros dirigentes para la organizaci\u00f3n de nuestros territorios.<\/em><\/p>\r\n\r\n\r\n\r\n<p><em>No queremos hablar m\u00e1s de estatutos: los estatutos se hicieron durante la dictadura militar o antes, y tienen m\u00e1s obligaciones que derechos. Queremos hablar de un Convenio Colectivo de Trabajo similar para todo C\u00f3rdoba que es la herramienta m\u00e1s democr\u00e1tica donde discute el sindicato -o los sindicatos- con la patronal. Hay que ir a la mesa donde se re\u00fanen todos los intendentes de la provincia y plantearlo con firmeza.<\/em><\/p>\r\n","protected":false},"excerpt":{"rendered":"<p>\u201cPlanificar, organizar, crecer, avanzar\u201d fueron las consignas de la instancia que reuni\u00f3 a m\u00e1s de 50 representantes de 25 localidades de la Provincia de C\u00f3rdoba, en la sede de Consejo Directivo Provincial (CDP) de ATE. La Provincia de C\u00f3rdoba cuenta con 80 mil trabajadores y trabajadoras municipales, distribuidas en 429 localidades a lo largo y [&hellip;]<\/p>\n","protected":false},"author":1,"featured_media":18980,"comment_status":"open","ping_status":"open","sticky":false,"template":"","format":"standard","meta":{"_exactmetrics_skip_tracking":false,"_exactmetrics_sitenote_active":false,"_exactmetrics_sitenote_note":"","_exactmetrics_sitenote_category":0,"jnews-multi-image_gallery":[],"jnews_single_post":{"source_name":"","source_url":"","via_name":"","via_url":"","override_template":"0","override":[{"template":"1","single_blog_custom":"","parallax":"1","fullscreen":"0","layout":"right-sidebar","sidebar":"default-sidebar","second_sidebar":"default-sidebar","sticky_sidebar":"1","share_position":"top","share_float_style":"share-monocrhome","show_share_counter":"1","show_view_counter":"1","show_featured":"1","show_post_meta":"1","show_post_author":"1","show_post_author_image":"1","show_post_date":"1","post_date_format":"default","post_date_format_custom":"Y\/m\/d","show_post_category":"1","show_post_reading_time":"0","post_reading_time_wpm":"300","show_zoom_button":"0","zoom_button_out_step":"2","zoom_button_in_step":"3","show_post_tag":"1","show_prev_next_post":"1","show_popup_post":"1","number_popup_post":"1","show_author_box":"0","show_post_related":"0","show_inline_post_related":"0"}],"override_image_size":"0","image_override":[{"single_post_thumbnail_size":"crop-500","single_post_gallery_size":"crop-500"}],"trending_post":"0","trending_post_position":"meta","trending_post_label":"Trending","sponsored_post":"0","sponsored_post_label":"Sponsored by","sponsored_post_name":"","sponsored_post_url":"","sponsored_post_logo_enable":"0","sponsored_post_logo":"","sponsored_post_desc":""},"jnews_primary_category":{"id":""},"jnews_social_meta":{"fb_title":"","fb_description":"","fb_image":"","twitter_title":"","twitter_description":"","twitter_image":""},"jnews_review":[],"enable_review":"0","type":"percentage","name":"","summary":"","brand":"","sku":"","good":[{"good_text":""}],"bad":[{"bad_text":""}],"score_override":"","override_value":"","rating":[{"rating_text":"","rating_number":"10"}],"price":[{"shop":"","price":"","link":"","icon":""}],"jnews_override_counter":{"override_view_counter":"0","view_counter_number":"0","override_share_counter":"0","share_counter_number":"0","override_like_counter":"0","like_counter_number":"0","override_dislike_counter":"0","dislike_counter_number":"0"},"jnews_post_split":{"enable_post_split":"0","post_split":[{"template":"1","tag":"h2","numbering":"asc","mode":"normal"}]},"footnotes":""},"categories":[1],"tags":[],"class_list":["post-11811","post","type-post","status-publish","format-standard","has-post-thumbnail","hentry","category-sin-categoria"],"jetpack_featured_media_url":"https:\/\/atecordoba.org\/wp-content\/uploads\/2020\/05\/Plenario3-1024x766.jpg","_links":{"self":[{"href":"https:\/\/atecordoba.org\/index.php?rest_route=\/wp\/v2\/posts\/11811","targetHints":{"allow":["GET"]}}],"collection":[{"href":"https:\/\/atecordoba.org\/index.php?rest_route=\/wp\/v2\/posts"}],"about":[{"href":"https:\/\/atecordoba.org\/index.php?rest_route=\/wp\/v2\/types\/post"}],"author":[{"embeddable":true,"href":"https:\/\/atecordoba.org\/index.php?rest_route=\/wp\/v2\/users\/1"}],"replies":[{"embeddable":true,"href":"https:\/\/atecordoba.org\/index.php?rest_route=%2Fwp%2Fv2%2Fcomments&post=11811"}],"version-history":[{"count":2,"href":"https:\/\/atecordoba.org\/index.php?rest_route=\/wp\/v2\/posts\/11811\/revisions"}],"predecessor-version":[{"id":20980,"href":"https:\/\/atecordoba.org\/index.php?rest_route=\/wp\/v2\/posts\/11811\/revisions\/20980"}],"wp:featuredmedia":[{"embeddable":true,"href":"https:\/\/atecordoba.org\/index.php?rest_route=\/wp\/v2\/media\/18980"}],"wp:attachment":[{"href":"https:\/\/atecordoba.org\/index.php?rest_route=%2Fwp%2Fv2%2Fmedia&parent=11811"}],"wp:term":[{"taxonomy":"category","embeddable":true,"href":"https:\/\/atecordoba.org\/index.php?rest_route=%2Fwp%2Fv2%2Fcategories&post=11811"},{"taxonomy":"post_tag","embeddable":true,"href":"https:\/\/atecordoba.org\/index.php?rest_route=%2Fwp%2Fv2%2Ftags&post=11811"}],"curies":[{"name":"wp","href":"https:\/\/api.w.org\/{rel}","templated":true}]}}