{"id":11806,"date":"2019-12-12T16:20:12","date_gmt":"2019-12-12T19:20:12","guid":{"rendered":"https:\/\/www.atecordoba.org\/?p=11806"},"modified":"2020-05-05T09:17:24","modified_gmt":"2020-05-05T12:17:24","slug":"preocupacion-en-ate-rio-cuarto-ante-la-falta-de-anuncio-de-un-bono-navideno","status":"publish","type":"post","link":"https:\/\/atecordoba.org\/?p=11806","title":{"rendered":"Preocupaci\u00f3n en ATE R\u00edo Cuarto ante la falta de anuncio de un Bono Navide\u00f1o"},"content":{"rendered":"\n<figure class=\"wp-block-image size-large\"><img decoding=\"async\" src=\"http:\/\/atecordoba.org\/wp-content\/uploads\/2020\/05\/IMG-20191212-WA0024.jpg\" alt=\"\" class=\"wp-image-11807\"\/><figcaption>Delegadxs municipales<\/figcaption><\/figure>\n\n\n\n<p>La Asociaci\u00f3n Trabajadores del Estado (ATE-CTA) Seccional R\u00edo Cuarto  declar\u00f3 el estado de alerta ante la fr\u00e1gil situaci\u00f3n financiera de la  Municipalidad.<\/p>\n\n\n\n<p>\u201cMientras el Departamento Ejecutivo Municipal (DEM) se esfuerza en \nafirmar que sus cuentas no est\u00e1n en rojo y, por lo tanto, no hay riesgo \nde default, los trabajadores y trabajadoras municipales nucleados en ATE\n exigimos una respuesta favorable a nuestras demandas gremiales.<\/p>\n\n\n\n<p>\u201cDesde ATE consideramos alarmante la situaci\u00f3n. A esta altura del \n\u00faltimo mes del a\u00f1o la discusi\u00f3n por una recomposici\u00f3n salarial y el \notorgamiento de un Bono Navide\u00f1o a\u00fan no ha sido posible por la \ndeplorable realidad financiera del Municipio.<\/p>\n\n\n\n<p>\u201cTambi\u00e9n repudiamos el silencio por parte del Sindicato de \nTrabajadores Municipales (STM-CGT) conducido por Walter Carranza, quien \ntambi\u00e9n es funcionario municipal.<\/p>\n\n\n\n<p>Por lo expuesto, ATE declara el estado de alerta y exige una  audiencia urgente\u00a0con el Ejecutivo para conocer el estado de situaci\u00f3n  financiera real del Municipio y ratificar nuestras reivindicaciones  salariales y laborales.<\/p>\n\n\n\n<p>\u201cPor \u00faltimo, cabe agregar que los afiliados y afiliadas a nuestro  sindicato, contar\u00e1n con la caja navide\u00f1a que reciben todos los a\u00f1os\u201d.<\/p>\n\n\n\n<p><strong>Firman el comunicado:<\/strong> <em>Rafaela Alcoba y Pablo Pavetto, Secretaria General y Secretario Adjunto de ATE Seccional R\u00edo Cuarto, respectivamente.<\/em><\/p>\n","protected":false},"excerpt":{"rendered":"<p>La Asociaci\u00f3n Trabajadores del Estado (ATE-CTA) Seccional R\u00edo Cuarto declar\u00f3 el estado de alerta ante la fr\u00e1gil situaci\u00f3n financiera de la Municipalidad. \u201cMientras el Departamento Ejecutivo Municipal (DEM) se esfuerza en afirmar que sus cuentas no est\u00e1n en rojo y, por lo tanto, no hay riesgo de default, los trabajadores y trabajadoras municipales nucleados en [&hellip;]<\/p>\n","protected":false},"author":1,"featured_media":19220,"comment_status":"open","ping_status":"open","sticky":false,"template":"","format":"standard","meta":{"_exactmetrics_skip_tracking":false,"_exactmetrics_sitenote_active":false,"_exactmetrics_sitenote_note":"","_exactmetrics_sitenote_category":0,"jnews-multi-image_gallery":[],"jnews_single_post":[],"jnews_primary_category":[],"jnews_social_meta":[],"jnews_review":[],"enable_review":"","type":"","name":"","summary":"","brand":"","sku":"","good":[],"bad":[],"score_override":"","override_value":"","rating":[],"price":[],"jnews_override_counter":[],"jnews_post_split":[],"footnotes":""},"categories":[1],"tags":[],"class_list":["post-11806","post","type-post","status-publish","format-standard","has-post-thumbnail","hentry","category-sin-categoria"],"jetpack_featured_media_url":"https:\/\/atecordoba.org\/wp-content\/uploads\/2020\/05\/logo-nuevochico-e1561581322808.png","_links":{"self":[{"href":"https:\/\/atecordoba.org\/index.php?rest_route=\/wp\/v2\/posts\/11806","targetHints":{"allow":["GET"]}}],"collection":[{"href":"https:\/\/atecordoba.org\/index.php?rest_route=\/wp\/v2\/posts"}],"about":[{"href":"https:\/\/atecordoba.org\/index.php?rest_route=\/wp\/v2\/types\/post"}],"author":[{"embeddable":true,"href":"https:\/\/atecordoba.org\/index.php?rest_route=\/wp\/v2\/users\/1"}],"replies":[{"embeddable":true,"href":"https:\/\/atecordoba.org\/index.php?rest_route=%2Fwp%2Fv2%2Fcomments&post=11806"}],"version-history":[{"count":1,"href":"https:\/\/atecordoba.org\/index.php?rest_route=\/wp\/v2\/posts\/11806\/revisions"}],"predecessor-version":[{"id":18986,"href":"https:\/\/atecordoba.org\/index.php?rest_route=\/wp\/v2\/posts\/11806\/revisions\/18986"}],"wp:featuredmedia":[{"embeddable":true,"href":"https:\/\/atecordoba.org\/index.php?rest_route=\/wp\/v2\/media\/19220"}],"wp:attachment":[{"href":"https:\/\/atecordoba.org\/index.php?rest_route=%2Fwp%2Fv2%2Fmedia&parent=11806"}],"wp:term":[{"taxonomy":"category","embeddable":true,"href":"https:\/\/atecordoba.org\/index.php?rest_route=%2Fwp%2Fv2%2Fcategories&post=11806"},{"taxonomy":"post_tag","embeddable":true,"href":"https:\/\/atecordoba.org\/index.php?rest_route=%2Fwp%2Fv2%2Ftags&post=11806"}],"curies":[{"name":"wp","href":"https:\/\/api.w.org\/{rel}","templated":true}]}}