{"id":11797,"date":"2019-12-11T20:50:07","date_gmt":"2019-12-11T23:50:07","guid":{"rendered":"https:\/\/www.atecordoba.org\/?p=11797"},"modified":"2020-05-05T09:17:25","modified_gmt":"2020-05-05T12:17:25","slug":"renuncio-parte-del-directorio-de-fabricaciones-militares-gracias-a-la-lucha-de-ate","status":"publish","type":"post","link":"https:\/\/atecordoba.org\/?p=11797","title":{"rendered":"Renunci\u00f3 parte del Directorio de Fabricaciones Militares gracias a la lucha de ATE"},"content":{"rendered":"\n<p>Hace algunas semanas atr\u00e1s, dirigentes nacionales de ATE junto a representantes de las distintas f\u00e1bricas se reunieron con los Directores de Fabricaciones Militares. All\u00ed se les exigi\u00f3 que presentaran su renuncia una vez que asumiera el nuevo gobierno del Presidente Alberto Fern\u00e1ndez.<\/p>\n\n\n\n<figure class=\"wp-block-image size-large\"><img decoding=\"async\" src=\"http:\/\/atecordoba.org\/wp-content\/uploads\/2020\/05\/79087389_2954171547950158_5197398937740247040_n-1024x382.jpg\" alt=\"\" class=\"wp-image-11801\"\/><figcaption>Asamblea Ex MEIR,  FM R\u00edo Tercero<\/figcaption><\/figure>\n\n\n\n<p>Dami\u00e1n Albornoz secretario general de ATE Seccional R\u00edo Tercero, y una de las f\u00e1bricas que sufri\u00f3 despidos durante la era Macri destac\u00f3: \u201cla sensaci\u00f3n que tenemos es de justicia y de que responde a la exigencia que desde ATE hab\u00edamos hecho que era que este Directorio deficitario y fraudulento que buscaba perpetuarse en el poder, ten\u00eda que renunciar por el ajuste que hab\u00eda llevado adelante en Fabricaciones Militares. En el caso de R\u00edo Tercero sus pol\u00edticas de ajuste dejaron a m\u00e1s de cien trabajadores y trabajadoras en la calle, as\u00ed que por una cuesti\u00f3n \u00e9tica y moral una vez que se diera el triunfo del nuevo gobierno ten\u00edan que presentar su renuncia, que si no lo hac\u00edan ya les hab\u00edamos adelantado a los Directores que \u00edbamos a tomar acciones con respecto a eso\u201d.<\/p>\n\n\n\n<p>En R\u00edo Tercero, en la F\u00e1brica Militar, este 11 de diciembre\nquedar\u00e1 grabado a fuego en la memoria colectiva de quienes sostienen la FM diariamente,\nse realiz\u00f3 una asamblea en el ex MEIR en la que como destaca Albornoz: \u201cfue con\nmucha alegr\u00eda, con emoci\u00f3n y un nudo en la garganta porque volvimos a hacer la\nasamblea en este lugar en donde esperamos recibir cuando logremos reincorporar\na cada compa\u00f1era y compa\u00f1ero despedido\u201d.<\/p>\n\n\n\n<p>En consonancia a lo que sucede en R\u00edo Tercero, Fernando Mercado secretario general de ATE seccional Villa Mar\u00eda exclam\u00f3: \u201cel pr\u00f3ximo lunes haremos una asamblea para ir paso a paso organiz\u00e1ndonos. Las nuevas autoridades que asuman deben tomar las medidas necesarias en FM para volver a poner nuestra f\u00e1brica de pie\u201d.<\/p>\n\n\n\n<figure class=\"wp-block-image size-large\"><img decoding=\"async\" src=\"http:\/\/atecordoba.org\/wp-content\/uploads\/2020\/05\/80004335_771915193219744_3683784052390756352_n.jpg\" alt=\"\" class=\"wp-image-11799\"\/><figcaption>F\u00e1brica Militar Villa Mar\u00eda<\/figcaption><\/figure>\n\n\n\n<p>La provincia de C\u00f3rdoba es la que cuenta con la mayor cantidad de f\u00e1bricas militares del pa\u00eds, madre de todas las industrias y primordiales para la producci\u00f3n de la defensa de la soberan\u00eda nacional, es por eso que la resistencia de ATE durante estos cuatro nefastos a\u00f1os no ha sido en vano; \u201clogramos exigir y que se cumpla la renuncia del Directorio y como adelant\u00e1bamos en la asamblea hay un oficio presentado desde la Fiscal\u00eda Anticorrupci\u00f3n para que Fernando Speranza realice la devoluci\u00f3n de ciento treinta y un mil pesos ($131.000) que cobr\u00f3 en concepto de vacaciones que no le correspond\u00edan, por lo tanto tambi\u00e9n es un avance en ese sentido\u201d, remat\u00f3 con alegr\u00eda Dami\u00e1n Albornoz, el secretario general m\u00e1s joven de ATE de todo el pa\u00eds.<\/p>\n\n\n\n<figure class=\"wp-block-image size-large\"><img decoding=\"async\" src=\"http:\/\/atecordoba.org\/wp-content\/uploads\/2020\/05\/79411864_771915136553083_7947344546067644416_n.jpg\" alt=\"\" class=\"wp-image-11798\"\/><figcaption>F\u00e1brica Militar R\u00edo Tercero<br><\/figcaption><\/figure>\n\n\n\n<p> Reconstruir Fabricaciones Militares con todas y todos adentro de nuevo es el desaf\u00edo, lograr que renuncie Edgardo Seraf\u00edn es el pr\u00f3ximo paso para entender de una vez por todas que: \u201clas y los trabajadores de Fabricaciones Militares y desde ATE, necesitamos avanzar en este nuevo tiempo en la conformaci\u00f3n del nuevo Directorio y tenemos que tener desde la resistencia que hemos hecho y construido, un poder de decisi\u00f3n importante en lo que respecta al futuro de FM porque nos lo hemos ganado y es la garant\u00eda de que la madre de las industrias tenga una visi\u00f3n de desarrollo, de futuro concreto y estrat\u00e9gico del pa\u00eds\u201d, sentenci\u00f3 Dami\u00e1n. <\/p>\n","protected":false},"excerpt":{"rendered":"<p>Hace algunas semanas atr\u00e1s, dirigentes nacionales de ATE junto a representantes de las distintas f\u00e1bricas se reunieron con los Directores de Fabricaciones Militares. All\u00ed se les exigi\u00f3 que presentaran su renuncia una vez que asumiera el nuevo gobierno del Presidente Alberto Fern\u00e1ndez. Dami\u00e1n Albornoz secretario general de ATE Seccional R\u00edo Tercero, y una de las [&hellip;]<\/p>\n","protected":false},"author":1,"featured_media":19220,"comment_status":"open","ping_status":"open","sticky":false,"template":"","format":"standard","meta":{"_exactmetrics_skip_tracking":false,"_exactmetrics_sitenote_active":false,"_exactmetrics_sitenote_note":"","_exactmetrics_sitenote_category":0,"jnews-multi-image_gallery":[],"jnews_single_post":[],"jnews_primary_category":[],"jnews_social_meta":[],"jnews_review":[],"enable_review":"","type":"","name":"","summary":"","brand":"","sku":"","good":[],"bad":[],"score_override":"","override_value":"","rating":[],"price":[],"jnews_override_counter":[],"jnews_post_split":[],"footnotes":""},"categories":[1],"tags":[],"class_list":["post-11797","post","type-post","status-publish","format-standard","has-post-thumbnail","hentry","category-sin-categoria"],"jetpack_featured_media_url":"https:\/\/atecordoba.org\/wp-content\/uploads\/2020\/05\/logo-nuevochico-e1561581322808.png","_links":{"self":[{"href":"https:\/\/atecordoba.org\/index.php?rest_route=\/wp\/v2\/posts\/11797","targetHints":{"allow":["GET"]}}],"collection":[{"href":"https:\/\/atecordoba.org\/index.php?rest_route=\/wp\/v2\/posts"}],"about":[{"href":"https:\/\/atecordoba.org\/index.php?rest_route=\/wp\/v2\/types\/post"}],"author":[{"embeddable":true,"href":"https:\/\/atecordoba.org\/index.php?rest_route=\/wp\/v2\/users\/1"}],"replies":[{"embeddable":true,"href":"https:\/\/atecordoba.org\/index.php?rest_route=%2Fwp%2Fv2%2Fcomments&post=11797"}],"version-history":[{"count":1,"href":"https:\/\/atecordoba.org\/index.php?rest_route=\/wp\/v2\/posts\/11797\/revisions"}],"predecessor-version":[{"id":18990,"href":"https:\/\/atecordoba.org\/index.php?rest_route=\/wp\/v2\/posts\/11797\/revisions\/18990"}],"wp:featuredmedia":[{"embeddable":true,"href":"https:\/\/atecordoba.org\/index.php?rest_route=\/wp\/v2\/media\/19220"}],"wp:attachment":[{"href":"https:\/\/atecordoba.org\/index.php?rest_route=%2Fwp%2Fv2%2Fmedia&parent=11797"}],"wp:term":[{"taxonomy":"category","embeddable":true,"href":"https:\/\/atecordoba.org\/index.php?rest_route=%2Fwp%2Fv2%2Fcategories&post=11797"},{"taxonomy":"post_tag","embeddable":true,"href":"https:\/\/atecordoba.org\/index.php?rest_route=%2Fwp%2Fv2%2Ftags&post=11797"}],"curies":[{"name":"wp","href":"https:\/\/api.w.org\/{rel}","templated":true}]}}