{"id":11779,"date":"2019-12-10T16:55:15","date_gmt":"2019-12-10T19:55:15","guid":{"rendered":"https:\/\/www.atecordoba.org\/?p=11779"},"modified":"2020-05-05T09:17:28","modified_gmt":"2020-05-05T12:17:28","slug":"plenario-de-personal-civil-de-cordoba","status":"publish","type":"post","link":"https:\/\/atecordoba.org\/?p=11779","title":{"rendered":"Plenario de Personal Civil de C\u00f3rdoba"},"content":{"rendered":"\n<p>\u200b<\/p>\n\n\n\n<p>El  martes 10 de diciembre se realiz\u00f3 una reuni\u00f3n del Personal Civil de  Fuerzas Armadas en la sede del Consejo Directivo Provincial (CDP) de ATE  C\u00f3rdoba. La misma cont\u00f3 con la participaci\u00f3n de personal\u200b civil de las distintas fuerzas, del Hospital Militar, del Instituto de Obra Social de las Fuerzas Armadas y de Seguridad (IOSFA), de Liceos e Institutos Superiores de educaci\u00f3n, adem\u00e1s del Secretario General del CDP, Federico Giuliani, miembros de la conducci\u00f3n del CDP y del Equipo de Paritarios Nacionales del Sector Civil en representaci\u00f3n de la Provincia de C\u00f3rdoba.\u200b <\/p>\n\n\n\n<p>\u200bLa instancia tuvo como finalidad el desarrollo de una estrategia para la defensa del Decreto Nacional 214\/06\u200b,\u200b  dentro del cual se enmarca el Convenio Colectivo de Trabajo que rige la  actividad del personal civil de Fuerzas Armadas -reconociendo a sus  trabajadores como parte de la Administrac\u00f3n P\u00fablica-, ante la avanzada  del gobierno saliente -en connivencia con los otros dos sindicatos  presentes en el \u00e1rea- para desarticular el texto que garantiza un piso de derechos para los trabajadores de la actividad.<br><\/p>\n\n\n\n<figure class=\"wp-block-image size-large\"><img decoding=\"async\" src=\"http:\/\/atecordoba.org\/wp-content\/uploads\/2020\/05\/Plenario-7-1024x576.jpg\" alt=\"\" class=\"wp-image-11786\"\/><\/figure>\n\n\n\n<p>&#8220;Corren  riesgo\u200b muchos de nuestros derechos adquiridos. Por ejemplo, el recorte  de licencias que condenar\u00eda a los compa\u00f1eros y compa\u00f1eras a\u00a0 la  ultra-actividad, a que no se reserve el puesto de trabajo en caso de  licencias por enfermedad prolongada -ya que podr\u00edamos ser pasados a la  Ley general de Contratos de Trabajo donde este punto y tantos otros son  mucho m\u00e1s perjudiciales para el trabajador-; en el caso de los despidos,  sin el 214 quedar\u00edamos descubiertos, nuestra estabilidad estar\u00eda a  merced de la discrecionalidad del funcionario militar de turno&#8221;, explic\u00f3  Alejandro Charra, delegado paritario del Personal Civil, docente de la  Escuela de Aviaci\u00f3n Militar de C\u00f3rdoba. <\/p>\n\n\n\n<figure class=\"wp-block-image size-large\"><img decoding=\"async\" src=\"http:\/\/atecordoba.org\/wp-content\/uploads\/2020\/05\/Plenario-1-2-1024x576.jpg\" alt=\"\" class=\"wp-image-11791\"\/><\/figure>\n\n\n\n<p>&#8220;La intenci\u00f3n de fondo es  disgregar a los trabajadores Civiles de las Fuerzas Armadas, hacerlos  naufragar entre uno y otro convenio, precarizando el trabajo, atentando  contra la organizaci\u00f3n&#8221;, advirti\u00f3 Charra. &#8220;Saliendo del 214  convencionamos dentro de la Ley de Contratos de Trabajo general, sin  reconocernos como trabajadores del Estado. En esa Ley convenciona un  solo sindicato y ah\u00ed es donde entramos en compulsa con los otros gremios  y nosotros somos el mayoritario, con lo cual quedar\u00edamos solo nosotros  en la convenci\u00f3n&#8221;, explic\u00f3 Charra.<\/p>\n\n\n\n<figure class=\"wp-block-image\"><img decoding=\"async\" src=\"http:\/\/atecordoba.org\/wp-content\/uploads\/2020\/05\/Plenario-2-1-1024x576.jpg\" alt=\"\" class=\"wp-image-11789\"\/><\/figure>\n\n\n\n<p>El  Secretario General del CDP, por su parte, consign\u00f3 que &#8220;no creemos que  se produzca finalmente la retirada del 214 ya que deber\u00eda ser Alberto  Fern\u00e1ndez quien la homologue; sin embargo no debemos perder de vista  otras situaciones gremiales que tenemos por delante: una es el tema  salarial ya que el sector civil de FFAA es uno de los sectores del  Estado Nacional que menos salario cobra y eso es una pelea que debemos  dar en estos cuatro a\u00f1os; en segundo lugar, tenemos que ver la  estrategia para sumar fuerza de trabajadores y trabajadoras organizadas y  para ello es fundamental la afiliaci\u00f3n; en tercer lugar, la elecci\u00f3n de  delegados y delegadas que funcionen como columna de la organizacion y  las Asambleas a los lugares de trabajo; y por \u00faltimo, la participaci\u00f3n  de ATE en la discusi\u00f3n pol\u00edtica de fondo del FONDEF, donde tenemos que  ser parte activa y fundamental en la discusi\u00f3n de qu\u00e9 pol\u00edticas p\u00fablicas  para la defensa en esta nueva etapa necesitamos&#8221;. <\/p>\n\n\n\n<figure class=\"wp-block-image\"><img decoding=\"async\" src=\"http:\/\/atecordoba.org\/wp-content\/uploads\/2020\/05\/Plenario-3-1024x576.jpg\" alt=\"\" class=\"wp-image-11782\"\/><\/figure>\n\n\n\n<figure class=\"wp-block-image\"><img decoding=\"async\" src=\"http:\/\/atecordoba.org\/wp-content\/uploads\/2020\/05\/Plenario-4-766x1024.jpg\" alt=\"\" class=\"wp-image-11783\"\/><\/figure>\n\n\n\n<figure class=\"wp-block-image\"><img decoding=\"async\" src=\"http:\/\/atecordoba.org\/wp-content\/uploads\/2020\/05\/Plenario-5-766x1024.jpg\" alt=\"\" class=\"wp-image-11784\"\/><\/figure>\n\n\n\n<figure class=\"wp-block-image\"><img decoding=\"async\" src=\"http:\/\/atecordoba.org\/wp-content\/uploads\/2020\/05\/Plenario-6-576x1024.jpg\" alt=\"\" class=\"wp-image-11785\"\/><\/figure>\n","protected":false},"excerpt":{"rendered":"<p>\u200b El martes 10 de diciembre se realiz\u00f3 una reuni\u00f3n del Personal Civil de Fuerzas Armadas en la sede del Consejo Directivo Provincial (CDP) de ATE C\u00f3rdoba. La misma cont\u00f3 con la participaci\u00f3n de personal\u200b civil de las distintas fuerzas, del Hospital Militar, del Instituto de Obra Social de las Fuerzas Armadas y de Seguridad [&hellip;]<\/p>\n","protected":false},"author":1,"featured_media":18997,"comment_status":"open","ping_status":"open","sticky":false,"template":"","format":"standard","meta":{"_exactmetrics_skip_tracking":false,"_exactmetrics_sitenote_active":false,"_exactmetrics_sitenote_note":"","_exactmetrics_sitenote_category":0,"jnews-multi-image_gallery":[],"jnews_single_post":[],"jnews_primary_category":[],"jnews_social_meta":[],"jnews_review":[],"enable_review":"","type":"","name":"","summary":"","brand":"","sku":"","good":[],"bad":[],"score_override":"","override_value":"","rating":[],"price":[],"jnews_override_counter":[],"jnews_post_split":[],"footnotes":""},"categories":[1],"tags":[],"class_list":["post-11779","post","type-post","status-publish","format-standard","has-post-thumbnail","hentry","category-sin-categoria"],"jetpack_featured_media_url":"https:\/\/atecordoba.org\/wp-content\/uploads\/2020\/05\/Plenario-6-576x1024.jpg","_links":{"self":[{"href":"https:\/\/atecordoba.org\/index.php?rest_route=\/wp\/v2\/posts\/11779","targetHints":{"allow":["GET"]}}],"collection":[{"href":"https:\/\/atecordoba.org\/index.php?rest_route=\/wp\/v2\/posts"}],"about":[{"href":"https:\/\/atecordoba.org\/index.php?rest_route=\/wp\/v2\/types\/post"}],"author":[{"embeddable":true,"href":"https:\/\/atecordoba.org\/index.php?rest_route=\/wp\/v2\/users\/1"}],"replies":[{"embeddable":true,"href":"https:\/\/atecordoba.org\/index.php?rest_route=%2Fwp%2Fv2%2Fcomments&post=11779"}],"version-history":[{"count":1,"href":"https:\/\/atecordoba.org\/index.php?rest_route=\/wp\/v2\/posts\/11779\/revisions"}],"predecessor-version":[{"id":18998,"href":"https:\/\/atecordoba.org\/index.php?rest_route=\/wp\/v2\/posts\/11779\/revisions\/18998"}],"wp:featuredmedia":[{"embeddable":true,"href":"https:\/\/atecordoba.org\/index.php?rest_route=\/wp\/v2\/media\/18997"}],"wp:attachment":[{"href":"https:\/\/atecordoba.org\/index.php?rest_route=%2Fwp%2Fv2%2Fmedia&parent=11779"}],"wp:term":[{"taxonomy":"category","embeddable":true,"href":"https:\/\/atecordoba.org\/index.php?rest_route=%2Fwp%2Fv2%2Fcategories&post=11779"},{"taxonomy":"post_tag","embeddable":true,"href":"https:\/\/atecordoba.org\/index.php?rest_route=%2Fwp%2Fv2%2Ftags&post=11779"}],"curies":[{"name":"wp","href":"https:\/\/api.w.org\/{rel}","templated":true}]}}