{"id":1177,"date":"2011-01-19T13:03:51","date_gmt":"2011-01-19T16:03:51","guid":{"rendered":"http:\/\/www.atecordoba.org\/?p=1177"},"modified":"2011-01-19T13:03:51","modified_gmt":"2011-01-19T16:03:51","slug":"ate-cta-reclama-30-de-piso-para-2011","status":"publish","type":"post","link":"https:\/\/atecordoba.org\/?p=1177","title":{"rendered":"ATE-CTA reclama 30% de piso para 2011"},"content":{"rendered":"<p style=\"text-align: center;\"><img loading=\"lazy\" decoding=\"async\" class=\"aligncenter  wp-image-1179\" title=\"arton104\" src=\"http:\/\/www.atecordoba.org\/wp-content\/uploads\/2012\/07\/arton104.jpg\" alt=\"\" width=\"512\" height=\"384\" \/><\/p>\n<div>\n<div dir=\"ltr\">\n<p><strong>(C\u00f3rdoba, 19-1-2011) Daniel Pawluchuzk, secretario de Prensa, se\u00f1al\u00f3 en la TV local que a partir de febrero comenzar\u00e1n los planteos gremiales para lograr recomponer el salario de los trabajadores &#8220;con un piso del 30%&#8221;, apuntando a que los haberes cubran la canasta familiar. Tambi\u00e9n hizo mensi\u00f3n a las protestas contra la demolici\u00f3n de la Casa de las Tejas.<\/strong><\/p>\n<\/div>\n<\/div>\n<div>\n<div dir=\"ltr\"><a href=\"http:\/\/www.elshowtv.com.ar\/index2.php?option=com_mgmedia2&amp;mode=popup&amp;playerid=7dbdca9551e913bbf0962abb47d3c5a1&amp;no_html=1\">http:\/\/www.elshowtv.com.ar\/index2.p&#8230;<\/a><\/div>\n<\/div>\n","protected":false},"excerpt":{"rendered":"<p>(C\u00f3rdoba, 19-1-2011) Daniel Pawluchuzk, secretario de Prensa, se\u00f1al\u00f3 en la TV local que a partir de febrero comenzar\u00e1n los planteos gremiales para lograr recomponer el salario de los trabajadores &#8220;con un piso del 30%&#8221;, apuntando a que los haberes cubran la canasta familiar. Tambi\u00e9n hizo mensi\u00f3n a las protestas contra la demolici\u00f3n de la Casa [&hellip;]<\/p>\n","protected":false},"author":1,"featured_media":19220,"comment_status":"open","ping_status":"open","sticky":false,"template":"","format":"standard","meta":{"_exactmetrics_skip_tracking":false,"_exactmetrics_sitenote_active":false,"_exactmetrics_sitenote_note":"","_exactmetrics_sitenote_category":0,"jnews-multi-image_gallery":[],"jnews_single_post":[],"jnews_primary_category":[],"jnews_social_meta":[],"jnews_review":[],"enable_review":"","type":"","name":"","summary":"","brand":"","sku":"","good":[],"bad":[],"score_override":"","override_value":"","rating":[],"price":[],"jnews_override_counter":[],"jnews_post_split":[],"footnotes":""},"categories":[20],"tags":[26,11,37],"class_list":["post-1177","post","type-post","status-publish","format-standard","has-post-thumbnail","hentry","category-municipales","tag-ate","tag-noticias-2","tag-sta"],"jetpack_featured_media_url":"https:\/\/atecordoba.org\/wp-content\/uploads\/2020\/05\/logo-nuevochico-e1561581322808.png","_links":{"self":[{"href":"https:\/\/atecordoba.org\/index.php?rest_route=\/wp\/v2\/posts\/1177","targetHints":{"allow":["GET"]}}],"collection":[{"href":"https:\/\/atecordoba.org\/index.php?rest_route=\/wp\/v2\/posts"}],"about":[{"href":"https:\/\/atecordoba.org\/index.php?rest_route=\/wp\/v2\/types\/post"}],"author":[{"embeddable":true,"href":"https:\/\/atecordoba.org\/index.php?rest_route=\/wp\/v2\/users\/1"}],"replies":[{"embeddable":true,"href":"https:\/\/atecordoba.org\/index.php?rest_route=%2Fwp%2Fv2%2Fcomments&post=1177"}],"version-history":[{"count":0,"href":"https:\/\/atecordoba.org\/index.php?rest_route=\/wp\/v2\/posts\/1177\/revisions"}],"wp:featuredmedia":[{"embeddable":true,"href":"https:\/\/atecordoba.org\/index.php?rest_route=\/wp\/v2\/media\/19220"}],"wp:attachment":[{"href":"https:\/\/atecordoba.org\/index.php?rest_route=%2Fwp%2Fv2%2Fmedia&parent=1177"}],"wp:term":[{"taxonomy":"category","embeddable":true,"href":"https:\/\/atecordoba.org\/index.php?rest_route=%2Fwp%2Fv2%2Fcategories&post=1177"},{"taxonomy":"post_tag","embeddable":true,"href":"https:\/\/atecordoba.org\/index.php?rest_route=%2Fwp%2Fv2%2Ftags&post=1177"}],"curies":[{"name":"wp","href":"https:\/\/api.w.org\/{rel}","templated":true}]}}