{"id":11727,"date":"2019-12-06T13:35:55","date_gmt":"2019-12-06T16:35:55","guid":{"rendered":"https:\/\/www.atecordoba.org\/?p=11727"},"modified":"2020-05-05T09:17:39","modified_gmt":"2020-05-05T12:17:39","slug":"instancia-formativa-en-ate-para-delegadas-y-delegados","status":"publish","type":"post","link":"https:\/\/atecordoba.org\/?p=11727","title":{"rendered":"Instancia formativa para delegadas y delegados de ATE R\u00edo Tercero"},"content":{"rendered":"\n<p>La formaci\u00f3n como instancia de construcci\u00f3n colectiva de saberes,\nde aprendizajes, de experiencias que nos suman a las acciones, a la\nplanificaci\u00f3n y armado de estrategias para avanzar y crecer con nuestra\norganizaci\u00f3n sindical, ser\u00e1 un pilar fundamental de la nueva gesti\u00f3n del\nConsejo Directivo Provincial de ATE encabezado por su secretario general\nFederico Giuliani.<\/p>\n\n\n\n<p>En este marco el secretario de formaci\u00f3n C\u00e9sar Theaux junto a Julia Giuliani secretaria de comunicaci\u00f3n y prensa y Mar\u00eda Sotti secretaria de Actas, del CDP C\u00f3rdoba, han armado un bloque y equipo formativo para recorrer sectores y seccionales.<\/p>\n\n\n\n<figure class=\"wp-block-image size-large\"><img decoding=\"async\" src=\"http:\/\/atecordoba.org\/wp-content\/uploads\/2020\/05\/78602631_567525190704323_6640545577404727296_n.jpg\" alt=\"\" class=\"wp-image-11728\"\/><figcaption>Trabajadores y trabajadoras provinciales y nacionales<\/figcaption><\/figure>\n\n\n\n<p>Esta responsabilidad nace a partir de una necesidad concreta que es que durante a\u00f1os ATE no tuvo pol\u00edticas formativas que llegaran a todas y todos los miembros de ATE, no s\u00f3lo dirigentes sino tambi\u00e9n delegadas, delegados y quienes se encuentran afiliados. &nbsp;Formar cuadros gremiales es sumamente necesario en la etapa que se viene de crecimiento y debate hacia adentro y afuera de nuestra ATE.<\/p>\n\n\n\n<figure class=\"wp-block-image size-large\"><img decoding=\"async\" src=\"http:\/\/atecordoba.org\/wp-content\/uploads\/2020\/05\/73515667_767271777017419_3261784729371803648_o.jpg\" alt=\"\" class=\"wp-image-11729\"\/><figcaption>Municipales en acci\u00f3n<\/figcaption><\/figure>\n\n\n\n<p>El pasado jueves 5 de diciembre, Theaux, Giuliani y Sotti\nvisitaron la seccional R\u00edo Tercero para brindar una instancia formativa a\ndelegadas y delegados. Por la ma\u00f1ana fue destinado a Municipales y provinciales,\nmientras que por la tarde fue el turno de Nacionales. &nbsp;Al finalizar la\njornada nuestro secretario general del CDP Federico Giuliani di\u00f3 el cierre a la\nactividad junto a Dami\u00e1n Albornoz y David Salto (secretario general y\nSecretario gremial de ATE R\u00edo Tercero).<\/p>\n\n\n\n<p>Hay presente y futuro en nuestra ATE C\u00f3rdoba.<\/p>\n\n\n\n<figure class=\"wp-block-image size-large is-resized\"><img loading=\"lazy\" decoding=\"async\" src=\"http:\/\/atecordoba.org\/wp-content\/uploads\/2020\/05\/78691492_767270453684218_5921325923273015296_o.jpg\" alt=\"\" class=\"wp-image-11776\" width=\"405\" height=\"269\"\/><\/figure>\n\n\n\n<figure class=\"wp-block-image size-large is-resized\"><img loading=\"lazy\" decoding=\"async\" src=\"http:\/\/atecordoba.org\/wp-content\/uploads\/2020\/05\/78873363_767271940350736_509741132599525376_o.jpg\" alt=\"\" class=\"wp-image-11775\" width=\"411\" height=\"230\"\/><\/figure>\n\n\n\n<figure class=\"wp-block-image size-large is-resized\"><img loading=\"lazy\" decoding=\"async\" src=\"http:\/\/atecordoba.org\/wp-content\/uploads\/2020\/05\/78538424_767272963683967_7547889746903564288_o-1.jpg\" alt=\"\" class=\"wp-image-11774\" width=\"411\" height=\"273\"\/><\/figure>\n\n\n\n<figure class=\"wp-block-image size-large is-resized\"><img loading=\"lazy\" decoding=\"async\" src=\"http:\/\/atecordoba.org\/wp-content\/uploads\/2020\/05\/79419687_653027205101314_8176232712005222400_n.jpg\" alt=\"\" class=\"wp-image-11773\" width=\"407\" height=\"305\"\/><\/figure>\n","protected":false},"excerpt":{"rendered":"<p>La formaci\u00f3n como instancia de construcci\u00f3n colectiva de saberes, de aprendizajes, de experiencias que nos suman a las acciones, a la planificaci\u00f3n y armado de estrategias para avanzar y crecer con nuestra organizaci\u00f3n sindical, ser\u00e1 un pilar fundamental de la nueva gesti\u00f3n del Consejo Directivo Provincial de ATE encabezado por su secretario general Federico Giuliani. [&hellip;]<\/p>\n","protected":false},"author":1,"featured_media":19004,"comment_status":"open","ping_status":"open","sticky":false,"template":"","format":"standard","meta":{"_exactmetrics_skip_tracking":false,"_exactmetrics_sitenote_active":false,"_exactmetrics_sitenote_note":"","_exactmetrics_sitenote_category":0,"jnews-multi-image_gallery":[],"jnews_single_post":[],"jnews_primary_category":[],"jnews_social_meta":[],"jnews_review":[],"enable_review":"","type":"","name":"","summary":"","brand":"","sku":"","good":[],"bad":[],"score_override":"","override_value":"","rating":[],"price":[],"jnews_override_counter":[],"jnews_post_split":[],"footnotes":""},"categories":[1],"tags":[],"class_list":["post-11727","post","type-post","status-publish","format-standard","has-post-thumbnail","hentry","category-sin-categoria"],"jetpack_featured_media_url":"https:\/\/atecordoba.org\/wp-content\/uploads\/2020\/05\/79419687_653027205101314_8176232712005222400_n.jpg","_links":{"self":[{"href":"https:\/\/atecordoba.org\/index.php?rest_route=\/wp\/v2\/posts\/11727","targetHints":{"allow":["GET"]}}],"collection":[{"href":"https:\/\/atecordoba.org\/index.php?rest_route=\/wp\/v2\/posts"}],"about":[{"href":"https:\/\/atecordoba.org\/index.php?rest_route=\/wp\/v2\/types\/post"}],"author":[{"embeddable":true,"href":"https:\/\/atecordoba.org\/index.php?rest_route=\/wp\/v2\/users\/1"}],"replies":[{"embeddable":true,"href":"https:\/\/atecordoba.org\/index.php?rest_route=%2Fwp%2Fv2%2Fcomments&post=11727"}],"version-history":[{"count":1,"href":"https:\/\/atecordoba.org\/index.php?rest_route=\/wp\/v2\/posts\/11727\/revisions"}],"predecessor-version":[{"id":19005,"href":"https:\/\/atecordoba.org\/index.php?rest_route=\/wp\/v2\/posts\/11727\/revisions\/19005"}],"wp:featuredmedia":[{"embeddable":true,"href":"https:\/\/atecordoba.org\/index.php?rest_route=\/wp\/v2\/media\/19004"}],"wp:attachment":[{"href":"https:\/\/atecordoba.org\/index.php?rest_route=%2Fwp%2Fv2%2Fmedia&parent=11727"}],"wp:term":[{"taxonomy":"category","embeddable":true,"href":"https:\/\/atecordoba.org\/index.php?rest_route=%2Fwp%2Fv2%2Fcategories&post=11727"},{"taxonomy":"post_tag","embeddable":true,"href":"https:\/\/atecordoba.org\/index.php?rest_route=%2Fwp%2Fv2%2Ftags&post=11727"}],"curies":[{"name":"wp","href":"https:\/\/api.w.org\/{rel}","templated":true}]}}