{"id":11720,"date":"2019-12-05T18:46:31","date_gmt":"2019-12-05T21:46:31","guid":{"rendered":"https:\/\/www.atecordoba.org\/?p=11720"},"modified":"2020-05-05T09:17:48","modified_gmt":"2020-05-05T12:17:48","slug":"asamblea-y-guiso-popular-contra-la-precarizacion-en-el-estado-provincial","status":"publish","type":"post","link":"https:\/\/atecordoba.org\/?p=11720","title":{"rendered":"Asamblea y guiso popular contra la precarizaci\u00f3n en el Estado Provincial"},"content":{"rendered":"\n<p>Bajo las consignas &#8220;\u00a1Basta de precarizaci\u00f3n laboral!Recomposici\u00f3n  salarial ya!\u00a1Pase a planta permanente!&#8221; se realiz\u00f3 en horas de la tarde  de hoy jueves una Olla Popular y una nueva Asamblea de Trabajadores  Organizades del Estado Provincial en la Plaza de la  Ni\u00f1ez (frente al ex Hospital de Ni\u00f1os) de la Ciudad de C\u00f3rdoba. La  misma cont\u00f3 con la presencia y acompa\u00f1amiento de un nutrido grupo de  representantes del Consejo Directivo Provincial de ATE, encabezado por  su Secretario General, Federico Giuliani.<\/p>\n\n\n\n<figure class=\"wp-block-image size-large\"><img decoding=\"async\" src=\"http:\/\/atecordoba.org\/wp-content\/uploads\/2020\/05\/thumbnail_IMG_20191205_150933-1024x576.jpg\" alt=\"\" class=\"wp-image-11721\"\/><\/figure>\n\n\n\n<p>La convocatoria tuvo como finalidad la &#8220;visibilizaci\u00f3n&#8221; y el &#8220;encuentro  para realizar un diagn\u00f3stico de la situaci\u00f3n y planificar acciones hacia  adelante de les trabajadores precarizades de los distintos Ministerios  del Estado Provincial&#8221;, seg\u00fan consign\u00f3 Virginia  Ayala, una de las trabajadoras voceras del grupo, quien desempe\u00f1a  funciones profesionales con un contrato administrativo en la Secretar\u00eda  de Adolescencia y Familia del \u00c1rea Penal Juvenil\u00a0que  pertenece al Ministerio de Justicia y Derechos Humanos del Gobierno de la Provincia de C\u00f3rdoba. La trabajadora, expres\u00f3 que &#8220;estoy  acompa\u00f1ando a mis compa\u00f1eras cuya situaci\u00f3n de precariedad es mucho m\u00e1s  grave que la m\u00eda: ellas son monotributistas y becaries tanto en mi  repartici\u00f3n como en otras \u00e1reas y ministerios como el de Desarrollo  Social, el de Justicia, Salud y que, a partir de  estas Asambleas Interministeriales es que podemos tener conocimiento  que la precarizaci\u00f3n atraviesa a todas las \u00e1reas y reparticiones de la  Provincia&#8221;.<\/p>\n\n\n\n<figure class=\"wp-block-image size-large\"><img decoding=\"async\" src=\"http:\/\/atecordoba.org\/wp-content\/uploads\/2020\/05\/thumbnail_IMG_20191205_153544-576x1024.jpg\" alt=\"\" class=\"wp-image-11723\"\/><\/figure>\n\n\n\n<figure class=\"wp-block-image size-large\"><img decoding=\"async\" src=\"http:\/\/atecordoba.org\/wp-content\/uploads\/2020\/05\/thumbnail_IMG_20191205_152835-1024x576.jpg\" alt=\"\" class=\"wp-image-11722\"\/><\/figure>\n\n\n\n<p>Ayala  manifest\u00f3 que &#8220;sabemos  que son una gran cantidad les precarizades: miles de trabajadores y  trabajadoras con becas, monotributos, voluntariados, y con convenios con  organizaciones de la sociedad civil como los Colegios Profesionales,  donde queda en evidencia tambi\u00e9n todo un esquema  de terciarizaci\u00f3n del Estado que es muy amplio&#8221;.<\/p>\n\n\n\n<p> Adem\u00e1s,  expres\u00f3 que &#8220;les precarizades sostenemos gran parte de\u00a0las  funciones del Estado ya que la mayor\u00eda de nosotres -tanto  monotributistas como becaries-, realizamos la misma funci\u00f3n que personal  de planta, cumplimos las mismas horas y no est\u00e1mos destinades  a proyectos espec\u00edficos -como por ah\u00ed es el imaginario o lo que buscan  instalar con respecto al trabajo de monotributistas, que es algo  puntual-, pero no es as\u00ed ya que estamos hace a\u00f1os en esta condici\u00f3n con  funciones fijas&#8221;. Adem\u00e1s, Ayala advirti\u00f3 que la  precarizaci\u00f3n se da en todas las reparticiones: &#8220;trabajamos en \u00e1reas  muy sensibles, acompa\u00f1ando familias judicializadas, en planes de salud,  en todas las pol\u00edticas del Estado&#8221;. Desde  el Colectivo informaron que sostendr\u00e1n la Asamblea y la organizaci\u00f3n. &#8220;A\u00a0pesar  de las presiones que sufren les compa\u00f1eres por parte de sus empleadores, seguiremos movilizades porque\u00a0creemos  que es la \u00fanica forma en que podamos lograr nuestras reivindicaciones:  por un Estado presente con trabajo digno y por el pase a planta  permanente&#8221;.<\/p>\n\n\n\n<p>Por  su parte, desde ATE, Giuliani expres\u00f3 que &#8220;para nosotros y nosotras no  existen trabajadores de primera y de segunda; becarios, contratados o de  planta: somos todos y todas parte de un gran colectivo que es la clase  trabajadora y as\u00ed nos identificamos, y de  all\u00ed parte nuestra solidaridad y nuestra fuerza&#8221;. El Secretario  General, adem\u00e1s, puso a disposici\u00f3n la estructura del sindicato y &#8220;todo  el apoyo que haga falta para que pongamos el trabajo de cada uno y cada  una en el pedestal de condiciones de dignidad y  seguridad de donde nadie deber\u00eda haberlo sacado jam\u00e1s&#8221;.<\/p>\n\n\n\n<figure class=\"wp-block-image size-large\"><img decoding=\"async\" src=\"http:\/\/atecordoba.org\/wp-content\/uploads\/2020\/05\/thumbnail_IMG_20191205_151149-576x1024.jpg\" alt=\"\" class=\"wp-image-11725\"\/><\/figure>\n\n\n\n<figure class=\"wp-block-image size-large\"><img decoding=\"async\" src=\"http:\/\/atecordoba.org\/wp-content\/uploads\/2020\/05\/thumbnail_IMG_20191205_150808-1024x576.jpg\" alt=\"\" class=\"wp-image-11724\"\/><\/figure>\n","protected":false},"excerpt":{"rendered":"<p>Bajo las consignas &#8220;\u00a1Basta de precarizaci\u00f3n laboral!Recomposici\u00f3n salarial ya!\u00a1Pase a planta permanente!&#8221; se realiz\u00f3 en horas de la tarde de hoy jueves una Olla Popular y una nueva Asamblea de Trabajadores Organizades del Estado Provincial en la Plaza de la Ni\u00f1ez (frente al ex Hospital de Ni\u00f1os) de la Ciudad de C\u00f3rdoba. La misma cont\u00f3 [&hellip;]<\/p>\n","protected":false},"author":1,"featured_media":19010,"comment_status":"open","ping_status":"open","sticky":false,"template":"","format":"standard","meta":{"_exactmetrics_skip_tracking":false,"_exactmetrics_sitenote_active":false,"_exactmetrics_sitenote_note":"","_exactmetrics_sitenote_category":0,"jnews-multi-image_gallery":[],"jnews_single_post":[],"jnews_primary_category":[],"jnews_social_meta":[],"jnews_review":[],"enable_review":"","type":"","name":"","summary":"","brand":"","sku":"","good":[],"bad":[],"score_override":"","override_value":"","rating":[],"price":[],"jnews_override_counter":[],"jnews_post_split":[],"footnotes":""},"categories":[1],"tags":[],"class_list":["post-11720","post","type-post","status-publish","format-standard","has-post-thumbnail","hentry","category-sin-categoria"],"jetpack_featured_media_url":"https:\/\/atecordoba.org\/wp-content\/uploads\/2020\/05\/thumbnail_IMG_20191205_150808-1024x576.jpg","_links":{"self":[{"href":"https:\/\/atecordoba.org\/index.php?rest_route=\/wp\/v2\/posts\/11720","targetHints":{"allow":["GET"]}}],"collection":[{"href":"https:\/\/atecordoba.org\/index.php?rest_route=\/wp\/v2\/posts"}],"about":[{"href":"https:\/\/atecordoba.org\/index.php?rest_route=\/wp\/v2\/types\/post"}],"author":[{"embeddable":true,"href":"https:\/\/atecordoba.org\/index.php?rest_route=\/wp\/v2\/users\/1"}],"replies":[{"embeddable":true,"href":"https:\/\/atecordoba.org\/index.php?rest_route=%2Fwp%2Fv2%2Fcomments&post=11720"}],"version-history":[{"count":1,"href":"https:\/\/atecordoba.org\/index.php?rest_route=\/wp\/v2\/posts\/11720\/revisions"}],"predecessor-version":[{"id":19011,"href":"https:\/\/atecordoba.org\/index.php?rest_route=\/wp\/v2\/posts\/11720\/revisions\/19011"}],"wp:featuredmedia":[{"embeddable":true,"href":"https:\/\/atecordoba.org\/index.php?rest_route=\/wp\/v2\/media\/19010"}],"wp:attachment":[{"href":"https:\/\/atecordoba.org\/index.php?rest_route=%2Fwp%2Fv2%2Fmedia&parent=11720"}],"wp:term":[{"taxonomy":"category","embeddable":true,"href":"https:\/\/atecordoba.org\/index.php?rest_route=%2Fwp%2Fv2%2Fcategories&post=11720"},{"taxonomy":"post_tag","embeddable":true,"href":"https:\/\/atecordoba.org\/index.php?rest_route=%2Fwp%2Fv2%2Ftags&post=11720"}],"curies":[{"name":"wp","href":"https:\/\/api.w.org\/{rel}","templated":true}]}}