{"id":11697,"date":"2019-12-05T14:55:41","date_gmt":"2019-12-05T17:55:41","guid":{"rendered":"https:\/\/www.atecordoba.org\/?p=11697"},"modified":"2020-05-05T09:17:56","modified_gmt":"2020-05-05T12:17:56","slug":"jornada-de-resistencia-de-despedidxs-en-la-era-macri","status":"publish","type":"post","link":"https:\/\/atecordoba.org\/?p=11697","title":{"rendered":"JORNADA DE RESISTENCIA DE DESPEDIDXS EN LA ERA MACRI"},"content":{"rendered":"\n<p> En el Estado Nacional no sobra nadie<\/p>\n\n\n\n<p><\/p>\n\n\n\n<p class=\"has-text-align-center\">JORNADA DE RESISTENCIA DE DESPEDIDXS EN LA ERA MACRI<\/p>\n\n\n\n<figure class=\"wp-block-image size-large\"><img decoding=\"async\" src=\"http:\/\/atecordoba.org\/wp-content\/uploads\/2020\/05\/thumbnail_WhatsApp-Image-2019-12-05-at-14.18.36-17-1024x576.jpg\" alt=\"\" class=\"wp-image-11717\"\/><figcaption>CORREDMA C\u00f3rdoba<\/figcaption><\/figure>\n\n\n\n<p>En la provincia suman m\u00e1s de 300 los despedidos y despedidas en \u00e1reas productivas, de asesoramiento a la producci\u00f3n, de educaci\u00f3n, salud, en \u00f3rganos de seguimiento y fiscalizaci\u00f3n de la producci\u00f3n de alimentos, entre otros, en toda la provincia de C\u00f3rdoba. &#8220;Reincorporaci\u00f3n&#8221; y &#8220;planificaci\u00f3n del nuevo Estado&#8221;, las consignas de ATE en esta nueva etapa.<\/p>\n\n\n\n<figure class=\"wp-block-image size-large\"><img decoding=\"async\" src=\"http:\/\/atecordoba.org\/wp-content\/uploads\/2020\/05\/thumbnail_WhatsApp-Image-2019-12-05-at-14.18.36-10-766x1024.jpg\" alt=\"\" class=\"wp-image-11698\"\/><figcaption>Federico Giuliani Secretario General ATE CDP C\u00f3rdoba<\/figcaption><\/figure>\n\n\n\n<p>Hoy jueves 5 de diciembre, bajo la consigna &#8220;lxs despedidxs de Macri \u00a1Resistimos!&#8221;, el Consejo Directivo Provincial de ATE C\u00f3rdoba, junto a la CORREDMA (Comisi\u00f3n de Relevamiento y Reincorporaci\u00f3n de los Despedidos en la era Macri)\u00a0convoc\u00f3 a una &#8220;mateada y radio abierta&#8221; en Plaza San Mart\u00edn de la capital provincial. <\/p>\n\n\n\n<p>La actividad cont\u00f3 con la presencia de trabajadores y trabajadoras despedidas y despedidos de distintas reparticiones,\u00a0ubicadas en todos los puntos de la Provincia, a la vez que con delegados en actividad de las \u00e1reas afectadas y de otras \u00e1reas del Estado Nacional.&#8221;Detr\u00e1s de cada despedido y despedida hay una vida, una familia, un proyecto que se cae, que es el del trabajador y trabajadora estatal&#8221;, expres\u00f3 Federico Giuliani, Secretario General del Consejo Provincial (CDP) de ATE C\u00f3rdoba. &#8220;A ese dolor, a esa bronca hay que transformarla en unidad, organizaci\u00f3n y lucha porque nadie se salva solo. O nos salvamos todos o no se salva nadie.Y de ah\u00ed viene la importancia de que ATE se ponga al frente de este reclamo: porque volver a los puestos de trabajo para nosotros es volver a tener un Estado presente ya que somos quienes garantizamos la salud, la educaci\u00f3n, la presencia en la comunidad. Si el Estado se corre hay un Pueblo que se queda desamparado&#8221;, manifest\u00f3 Giuliani quien hizo especial hincapi\u00e9 en que es necesario &#8220;discutir el modelo de Estado que queremos y el rol de los trabajadores es fundamental en esa discusi\u00f3n&#8221;. En ese sentido, el dirigente remarc\u00f3 que no solamente el sindicato est\u00e1 para discutir reincorporaciones, salarios, convenio colectivo, mejores condiciones de trabajo &#8220;que son la base, que seguramente vamos a discutir: queremos ser parte de la construcci\u00f3n del proyecto de naci\u00f3n y patria hacia adelante&#8221;. Para ello, remarc\u00f3 que es imprescindible &#8220;recuperar la iniciativa pol\u00edtica, marcar la cancha, marcar la agenda: el 10 festejamos porque sacamos a este gobierno de oligarcas y timberos, pero el 11 ya vamos a estar saliendo a la calle para que los miles y miles de compa\u00f1eros y compa\u00f1eras despedidos y despedidas sean reincorporados&#8221;. Giuliani tambi\u00e9n hizo referencia\u00a0 a la importancia de la memoria: &#8220;no hay futuro si no sabemos de d\u00f3nde venimos; hay que recuperar ese pasado de gloria, de lucha, de la C\u00f3rdoba rebelde que supo hacer la reforma del 18, el cordobazo, que se puso de pie ante todas las injusticias y que hoy no va a ser menos&#8221;. En ese sentido, expres\u00f3 con \u00e9nfasis que &#8220;ATE no se puede olvidar de los compa\u00f1eros y compa\u00f1eras que fueron despedidos. Vamos a tejer redes para que nadie quede suelto ya que tenemos la memoria de quienes no est\u00e1n con nosotros porque en estos cuatro a\u00f1os muchos se enfermaron, deprimieron, hasta llegaron a decidir no continuar con su vida. Eso no puede seguir pasando porque si hay algo con lo que no pudieron es con nuestra dignidad, as\u00ed que, \u00a1fuerza y a seguir adelante!&#8221;.De la jornada que concurri\u00f3 al mediod\u00eda particip\u00f3 personal en actividad y despedidos de Agencia Nacional de Aviaci\u00f3n Civil (ANAC); Subsecretar\u00eda de Agricultura Familiar (SSAF); Instituto Nacional de Tecnolog\u00eda Industrial (INTI); Fabricaciones Militares (R\u00edo Tercero y Villa Mar\u00eda);\u00a0Servicio Nacional de Sanidad y Calidad Agroalimentaria\u00a0(SENASA);\u00a0Ente Nacional de Comunicaciones\u00a0(ENACOM), entre otros. <\/p>\n\n\n\n<figure class=\"wp-block-image size-large\"><img decoding=\"async\" src=\"http:\/\/atecordoba.org\/wp-content\/uploads\/2020\/05\/thumbnail_WhatsApp-Image-2019-12-05-at-14.18.36-6-1024x576.jpg\" alt=\"\" class=\"wp-image-11718\"\/><figcaption>Asamblea de trabajadores y trabajadoras en jornada de CORREDMA<\/figcaption><\/figure>\n","protected":false},"excerpt":{"rendered":"<p>En el Estado Nacional no sobra nadie JORNADA DE RESISTENCIA DE DESPEDIDXS EN LA ERA MACRI En la provincia suman m\u00e1s de 300 los despedidos y despedidas en \u00e1reas productivas, de asesoramiento a la producci\u00f3n, de educaci\u00f3n, salud, en \u00f3rganos de seguimiento y fiscalizaci\u00f3n de la producci\u00f3n de alimentos, entre otros, en toda la provincia [&hellip;]<\/p>\n","protected":false},"author":1,"featured_media":19014,"comment_status":"open","ping_status":"open","sticky":false,"template":"","format":"standard","meta":{"_exactmetrics_skip_tracking":false,"_exactmetrics_sitenote_active":false,"_exactmetrics_sitenote_note":"","_exactmetrics_sitenote_category":0,"jnews-multi-image_gallery":[],"jnews_single_post":[],"jnews_primary_category":[],"jnews_social_meta":[],"jnews_review":[],"enable_review":"","type":"","name":"","summary":"","brand":"","sku":"","good":[],"bad":[],"score_override":"","override_value":"","rating":[],"price":[],"jnews_override_counter":[],"jnews_post_split":[],"footnotes":""},"categories":[1],"tags":[],"class_list":["post-11697","post","type-post","status-publish","format-standard","has-post-thumbnail","hentry","category-sin-categoria"],"jetpack_featured_media_url":"https:\/\/atecordoba.org\/wp-content\/uploads\/2020\/05\/thumbnail_WhatsApp-Image-2019-12-05-at-14.18.36-6-1024x576.jpg","_links":{"self":[{"href":"https:\/\/atecordoba.org\/index.php?rest_route=\/wp\/v2\/posts\/11697","targetHints":{"allow":["GET"]}}],"collection":[{"href":"https:\/\/atecordoba.org\/index.php?rest_route=\/wp\/v2\/posts"}],"about":[{"href":"https:\/\/atecordoba.org\/index.php?rest_route=\/wp\/v2\/types\/post"}],"author":[{"embeddable":true,"href":"https:\/\/atecordoba.org\/index.php?rest_route=\/wp\/v2\/users\/1"}],"replies":[{"embeddable":true,"href":"https:\/\/atecordoba.org\/index.php?rest_route=%2Fwp%2Fv2%2Fcomments&post=11697"}],"version-history":[{"count":1,"href":"https:\/\/atecordoba.org\/index.php?rest_route=\/wp\/v2\/posts\/11697\/revisions"}],"predecessor-version":[{"id":19015,"href":"https:\/\/atecordoba.org\/index.php?rest_route=\/wp\/v2\/posts\/11697\/revisions\/19015"}],"wp:featuredmedia":[{"embeddable":true,"href":"https:\/\/atecordoba.org\/index.php?rest_route=\/wp\/v2\/media\/19014"}],"wp:attachment":[{"href":"https:\/\/atecordoba.org\/index.php?rest_route=%2Fwp%2Fv2%2Fmedia&parent=11697"}],"wp:term":[{"taxonomy":"category","embeddable":true,"href":"https:\/\/atecordoba.org\/index.php?rest_route=%2Fwp%2Fv2%2Fcategories&post=11697"},{"taxonomy":"post_tag","embeddable":true,"href":"https:\/\/atecordoba.org\/index.php?rest_route=%2Fwp%2Fv2%2Ftags&post=11697"}],"curies":[{"name":"wp","href":"https:\/\/api.w.org\/{rel}","templated":true}]}}