{"id":11692,"date":"2019-12-03T18:31:04","date_gmt":"2019-12-03T21:31:04","guid":{"rendered":"https:\/\/www.atecordoba.org\/?p=11692"},"modified":"2020-05-05T09:18:00","modified_gmt":"2020-05-05T12:18:00","slug":"se-reunio-el-consejo-directivo-nacional-y-definio-un-plan-de-trabajo","status":"publish","type":"post","link":"https:\/\/atecordoba.org\/?p=11692","title":{"rendered":"Se reuni\u00f3 el Consejo Directivo Nacional y defini\u00f3 un plan de trabajo"},"content":{"rendered":"\n<p>Se resolvi\u00f3 convocar a elecciones en mayo pr\u00f3ximo en 14 nuevas seccionales y avanzar en el debate de la reforma del estatuto.<\/p>\n\n\n\n<figure class=\"wp-block-image size-large\"><img decoding=\"async\" src=\"http:\/\/atecordoba.org\/wp-content\/uploads\/2020\/05\/0005702532.jpg\" alt=\"\" class=\"wp-image-11694\"\/><figcaption>Federico Giuliani secretario general de ATE provincia de C\u00f3rdoba<\/figcaption><\/figure>\n\n\n\n<p>Con la presencia de todas las\nprovincias representadas por las y los Secretarios Generales m\u00e1s los miembros\nde la conducci\u00f3n nacional, se realiz\u00f3 en el d\u00eda de hoy una reuni\u00f3n para resolver\ny ratificar los pr\u00f3ximos pasos a seguir.<\/p>\n\n\n\n<p>El comienzo de la reuni\u00f3n estuvo\na cargo del Secretario General, Hugo \u201cCachorro\u201d Godoy, quien realiz\u00f3 un informe\nde la actualidad del gremio y la situaci\u00f3n pol\u00edtica del pa\u00eds. Al comienzo\nbrind\u00f3 un detallado informe sobre el escenario en Latinoam\u00e9rica y la injerencia\nde la CTA Aut\u00f3noma en sus respectivas participaciones en el plano\ninternacional.<\/p>\n\n\n\n<p>Se destac\u00f3 la importancia de las\nreuniones realizadas con Daniel Arroyo, pr\u00f3ximo Ministro de Desarrollo Social y\nSantiago Cafiero, futuro Jefe de Gabinete. Luego resalt\u00f3 la derrota de Macri en\nlas \u00faltimas elecciones y la convocatoria a movilizar el pr\u00f3ximo 10 de diciembre\ncuando asuma el nuevo gobierno encabezado por Alberto Fern\u00e1ndez.<\/p>\n\n\n\n<p>Adem\u00e1s, hizo menci\u00f3n sobre el decreto 788\/19 que acordaron Macri junto a UPCN y la decisi\u00f3n tomada por el CDN de movilizar en el d\u00eda de ma\u00f1ana a las 9hs en la puerta del Ministerio de Modernizaci\u00f3n cuando se intentar\u00e1 aprobar dicho acuerdo.<\/p>\n\n\n\n<p>Se remarc\u00f3 la presencia e\nimportancia del Confederal realizado en el 12 y 13 de noviembre pasado y\ndestac\u00f3 el valor de concretar la reforma del estatuto para fortalecer y mejorar\nla democracia interna del gremio.<\/p>\n\n\n\n<p>Tambi\u00e9n se inform\u00f3 de la realizaci\u00f3n\nde un encuentro de J\u00f3venes de todo el pa\u00eds en febrero del a\u00f1o que viene en la\nprovincia de Tucum\u00e1n y un encuentro de trabajadoras y trabajadores del Estado\nNacional en el mes de abril.<\/p>\n\n\n\n<p>Luego del informe hicieron uso de\nla palabra dirigentes de todas las expresiones del gremio y se resolvi\u00f3 convocar\na elecciones en el mes de mayo de 2020 en 14 seccionales: San Mart\u00edn de los\nAndes, Villa La Angostura\/Villa Traful, Jun\u00edn de los Andes\/Piedra del \u00c1guila, Senillosa\/Arroyito\/El\nChoc\u00f3n y Plottier de Neuqu\u00e9n; San Justo y Villa Ocampo de Santa Fe; Aimogasta\nde La Rioja; Monte Quemado, Villa \u00c1ngela y Sudoeste Chaque\u00f1o de Chaco; Bella\nVista de Tucum\u00e1n; San Francisco de C\u00f3rdoba; Merlo de San Luis y Tunuy\u00e1n de Mendoza.\n<\/p>\n\n\n\n<p>Para dicha convocatoria se llev\u00f3\na cabo una votaci\u00f3n en la cual se impuso la mayor\u00eda, siendo rechazado por\nCapital Federal y Neuqu\u00e9n, mientras que La Rioja y Corrientes se abstuvieron. <\/p>\n\n\n\n<p>Finalmente se acord\u00f3 abrir todos los canales de discusi\u00f3n para que la reforma del estatuto sea debatido y contenga la expresi\u00f3n de todas las provincias y seccionales del pa\u00eds, tal como se acord\u00f3 y surge como mandato del Confederal realizado semanas atr\u00e1s.\u00a0<\/p>\n\n\n\n<figure class=\"wp-block-image size-large\"><img decoding=\"async\" src=\"http:\/\/atecordoba.org\/wp-content\/uploads\/2020\/05\/5a5d9bbcb0639c3fecd5384c58d1157f_m.jpg\" alt=\"\" class=\"wp-image-11693\"\/><\/figure>\n","protected":false},"excerpt":{"rendered":"<p>Se resolvi\u00f3 convocar a elecciones en mayo pr\u00f3ximo en 14 nuevas seccionales y avanzar en el debate de la reforma del estatuto. Con la presencia de todas las provincias representadas por las y los Secretarios Generales m\u00e1s los miembros de la conducci\u00f3n nacional, se realiz\u00f3 en el d\u00eda de hoy una reuni\u00f3n para resolver y [&hellip;]<\/p>\n","protected":false},"author":1,"featured_media":19017,"comment_status":"open","ping_status":"open","sticky":false,"template":"","format":"standard","meta":{"_exactmetrics_skip_tracking":false,"_exactmetrics_sitenote_active":false,"_exactmetrics_sitenote_note":"","_exactmetrics_sitenote_category":0,"jnews-multi-image_gallery":[],"jnews_single_post":[],"jnews_primary_category":[],"jnews_social_meta":[],"jnews_review":[],"enable_review":"","type":"","name":"","summary":"","brand":"","sku":"","good":[],"bad":[],"score_override":"","override_value":"","rating":[],"price":[],"jnews_override_counter":[],"jnews_post_split":[],"footnotes":""},"categories":[1],"tags":[],"class_list":["post-11692","post","type-post","status-publish","format-standard","has-post-thumbnail","hentry","category-sin-categoria"],"jetpack_featured_media_url":"https:\/\/atecordoba.org\/wp-content\/uploads\/2020\/05\/5a5d9bbcb0639c3fecd5384c58d1157f_m.jpg","_links":{"self":[{"href":"https:\/\/atecordoba.org\/index.php?rest_route=\/wp\/v2\/posts\/11692","targetHints":{"allow":["GET"]}}],"collection":[{"href":"https:\/\/atecordoba.org\/index.php?rest_route=\/wp\/v2\/posts"}],"about":[{"href":"https:\/\/atecordoba.org\/index.php?rest_route=\/wp\/v2\/types\/post"}],"author":[{"embeddable":true,"href":"https:\/\/atecordoba.org\/index.php?rest_route=\/wp\/v2\/users\/1"}],"replies":[{"embeddable":true,"href":"https:\/\/atecordoba.org\/index.php?rest_route=%2Fwp%2Fv2%2Fcomments&post=11692"}],"version-history":[{"count":1,"href":"https:\/\/atecordoba.org\/index.php?rest_route=\/wp\/v2\/posts\/11692\/revisions"}],"predecessor-version":[{"id":19018,"href":"https:\/\/atecordoba.org\/index.php?rest_route=\/wp\/v2\/posts\/11692\/revisions\/19018"}],"wp:featuredmedia":[{"embeddable":true,"href":"https:\/\/atecordoba.org\/index.php?rest_route=\/wp\/v2\/media\/19017"}],"wp:attachment":[{"href":"https:\/\/atecordoba.org\/index.php?rest_route=%2Fwp%2Fv2%2Fmedia&parent=11692"}],"wp:term":[{"taxonomy":"category","embeddable":true,"href":"https:\/\/atecordoba.org\/index.php?rest_route=%2Fwp%2Fv2%2Fcategories&post=11692"},{"taxonomy":"post_tag","embeddable":true,"href":"https:\/\/atecordoba.org\/index.php?rest_route=%2Fwp%2Fv2%2Ftags&post=11692"}],"curies":[{"name":"wp","href":"https:\/\/api.w.org\/{rel}","templated":true}]}}