{"id":11686,"date":"2019-11-29T15:21:56","date_gmt":"2019-11-29T18:21:56","guid":{"rendered":"https:\/\/www.atecordoba.org\/?p=11686"},"modified":"2020-05-05T09:18:04","modified_gmt":"2020-05-05T12:18:04","slug":"reunion-con-funcionarios-de-salud-por-precarizadxs-de-la-provincia","status":"publish","type":"post","link":"https:\/\/atecordoba.org\/?p=11686","title":{"rendered":"Reuni\u00f3n con funcionarios de Salud por precarizadxs de la provincia"},"content":{"rendered":"\n<p>Los funcionarios de Salud de la Provincia no solo vulneran derechos de sus trabajadores sino tambi\u00e9n a los proveedores y  usuarios del sistema <\/p>\n\n\n\n<p class=\"has-text-align-center\">Desde el d\u00eda lunes 2 de diciembre los <img decoding=\"async\" class=\"wp-image-11687\" style=\"width: 150px;\" src=\"http:\/\/atecordoba.org\/wp-content\/uploads\/2020\/05\/IMG-20191129-WA0027.jpg\" alt=\"\"><\/p>\n\n\n\n<p>precarizados del programa \u2018Incluir Salud\u2019 anclados en el Ministerio de Salud de la provincia de C\u00f3rdoba realizar\u00e1n asambleas diarias por la grave situaci\u00f3n que afrontan 34 trabajadores monotributistas que se encuentran en p\u00e9simas condiciones laborales y cobran magros sueldos de 16 mil pesos en promedio.<br> Esta situaci\u00f3n abarca tambi\u00e9n a proveedores que cumplen funciones en el programa \u2018Incluir Salud\u2019, con un padr\u00f3n de beneficiarios de 65. 000. Se trata de acompa\u00f1antes terap\u00e9uticos, cuidadores domiciliarios y kinesiologos, que atienden a menores de edad y tambi\u00e9n los trasladan a centros de tratamiento. <br> Estos trabajadores ven vulnerado su derecho a la estabilidad laboral y a salarios dignos que cubran sus necesidades b\u00e1sicas.<\/p>\n","protected":false},"excerpt":{"rendered":"<p>Los funcionarios de Salud de la Provincia no solo vulneran derechos de sus trabajadores sino tambi\u00e9n a los proveedores y usuarios del sistema Desde el d\u00eda lunes 2 de diciembre los precarizados del programa \u2018Incluir Salud\u2019 anclados en el Ministerio de Salud de la provincia de C\u00f3rdoba realizar\u00e1n asambleas diarias por la grave situaci\u00f3n que [&hellip;]<\/p>\n","protected":false},"author":1,"featured_media":19019,"comment_status":"open","ping_status":"open","sticky":false,"template":"","format":"standard","meta":{"_exactmetrics_skip_tracking":false,"_exactmetrics_sitenote_active":false,"_exactmetrics_sitenote_note":"","_exactmetrics_sitenote_category":0,"jnews-multi-image_gallery":[],"jnews_single_post":[],"jnews_primary_category":[],"jnews_social_meta":[],"jnews_review":[],"enable_review":"","type":"","name":"","summary":"","brand":"","sku":"","good":[],"bad":[],"score_override":"","override_value":"","rating":[],"price":[],"jnews_override_counter":[],"jnews_post_split":[],"footnotes":""},"categories":[1],"tags":[],"class_list":["post-11686","post","type-post","status-publish","format-standard","has-post-thumbnail","hentry","category-sin-categoria"],"jetpack_featured_media_url":"https:\/\/atecordoba.org\/wp-content\/uploads\/2020\/05\/IMG-20191129-WA0027.jpg","_links":{"self":[{"href":"https:\/\/atecordoba.org\/index.php?rest_route=\/wp\/v2\/posts\/11686","targetHints":{"allow":["GET"]}}],"collection":[{"href":"https:\/\/atecordoba.org\/index.php?rest_route=\/wp\/v2\/posts"}],"about":[{"href":"https:\/\/atecordoba.org\/index.php?rest_route=\/wp\/v2\/types\/post"}],"author":[{"embeddable":true,"href":"https:\/\/atecordoba.org\/index.php?rest_route=\/wp\/v2\/users\/1"}],"replies":[{"embeddable":true,"href":"https:\/\/atecordoba.org\/index.php?rest_route=%2Fwp%2Fv2%2Fcomments&post=11686"}],"version-history":[{"count":1,"href":"https:\/\/atecordoba.org\/index.php?rest_route=\/wp\/v2\/posts\/11686\/revisions"}],"predecessor-version":[{"id":19020,"href":"https:\/\/atecordoba.org\/index.php?rest_route=\/wp\/v2\/posts\/11686\/revisions\/19020"}],"wp:featuredmedia":[{"embeddable":true,"href":"https:\/\/atecordoba.org\/index.php?rest_route=\/wp\/v2\/media\/19019"}],"wp:attachment":[{"href":"https:\/\/atecordoba.org\/index.php?rest_route=%2Fwp%2Fv2%2Fmedia&parent=11686"}],"wp:term":[{"taxonomy":"category","embeddable":true,"href":"https:\/\/atecordoba.org\/index.php?rest_route=%2Fwp%2Fv2%2Fcategories&post=11686"},{"taxonomy":"post_tag","embeddable":true,"href":"https:\/\/atecordoba.org\/index.php?rest_route=%2Fwp%2Fv2%2Ftags&post=11686"}],"curies":[{"name":"wp","href":"https:\/\/api.w.org\/{rel}","templated":true}]}}