{"id":11683,"date":"2019-11-29T14:58:54","date_gmt":"2019-11-29T17:58:54","guid":{"rendered":"https:\/\/www.atecordoba.org\/?p=11683"},"modified":"2020-05-05T09:18:06","modified_gmt":"2020-05-05T12:18:06","slug":"precarizados-der-salud-recibiran-10-de-aumento-pero-piden-mesa-de-dialogo-salarial-permanente","status":"publish","type":"post","link":"https:\/\/atecordoba.org\/?p=11683","title":{"rendered":"Precarizados de Salud recibir\u00e1n 10% de aumento pero piden mesa de dialogo salarial permanente"},"content":{"rendered":"\n<p><em>As\u00ed lo inform\u00f3 el delegado normalizador de ATE en el Ministerio de Salud, a cargo de representar a los compa\u00f1eros precarizados. <\/em><\/p>\n\n\n\n<div class=\"wp-block-image\"><figure class=\"aligncenter size-large\"><img decoding=\"async\" src=\"http:\/\/atecordoba.org\/wp-content\/uploads\/2020\/05\/simios-2-1.jpg\" alt=\"\" class=\"wp-image-11680\"\/><\/figure><\/div>\n\n\n\n<p>El delegado se\u00f1al\u00f3 que las autoridades de la cartera sanitaria otorgar\u00e1n una recomposici\u00f3n de haberes del 10%, que significar\u00e1 unos 1600 pesos por compa\u00f1ero, como modo de paliar la situaci\u00f3n que afrontan de los trabajadores en este fin de a\u00f1o. <\/p>\n\n\n\n<p>Pero el delegado adelant\u00f3 que los trabajadores reclaman una\nmesa de di\u00e1logo permanente con las autoridades del Ministerio para mantener\nviva la discusi\u00f3n sobre la problem\u00e1tica salarial, toda vez que esta medida\nalcanza a ser solo un paliativo. <\/p>\n","protected":false},"excerpt":{"rendered":"<p>As\u00ed lo inform\u00f3 el delegado normalizador de ATE en el Ministerio de Salud, a cargo de representar a los compa\u00f1eros precarizados. El delegado se\u00f1al\u00f3 que las autoridades de la cartera sanitaria otorgar\u00e1n una recomposici\u00f3n de haberes del 10%, que significar\u00e1 unos 1600 pesos por compa\u00f1ero, como modo de paliar la situaci\u00f3n que afrontan de los [&hellip;]<\/p>\n","protected":false},"author":1,"featured_media":19220,"comment_status":"open","ping_status":"open","sticky":false,"template":"","format":"standard","meta":{"_exactmetrics_skip_tracking":false,"_exactmetrics_sitenote_active":false,"_exactmetrics_sitenote_note":"","_exactmetrics_sitenote_category":0,"jnews-multi-image_gallery":[],"jnews_single_post":[],"jnews_primary_category":[],"jnews_social_meta":[],"jnews_review":[],"enable_review":"","type":"","name":"","summary":"","brand":"","sku":"","good":[],"bad":[],"score_override":"","override_value":"","rating":[],"price":[],"jnews_override_counter":[],"jnews_post_split":[],"footnotes":""},"categories":[1],"tags":[],"class_list":["post-11683","post","type-post","status-publish","format-standard","has-post-thumbnail","hentry","category-sin-categoria"],"jetpack_featured_media_url":"https:\/\/atecordoba.org\/wp-content\/uploads\/2020\/05\/logo-nuevochico-e1561581322808.png","_links":{"self":[{"href":"https:\/\/atecordoba.org\/index.php?rest_route=\/wp\/v2\/posts\/11683","targetHints":{"allow":["GET"]}}],"collection":[{"href":"https:\/\/atecordoba.org\/index.php?rest_route=\/wp\/v2\/posts"}],"about":[{"href":"https:\/\/atecordoba.org\/index.php?rest_route=\/wp\/v2\/types\/post"}],"author":[{"embeddable":true,"href":"https:\/\/atecordoba.org\/index.php?rest_route=\/wp\/v2\/users\/1"}],"replies":[{"embeddable":true,"href":"https:\/\/atecordoba.org\/index.php?rest_route=%2Fwp%2Fv2%2Fcomments&post=11683"}],"version-history":[{"count":1,"href":"https:\/\/atecordoba.org\/index.php?rest_route=\/wp\/v2\/posts\/11683\/revisions"}],"predecessor-version":[{"id":19022,"href":"https:\/\/atecordoba.org\/index.php?rest_route=\/wp\/v2\/posts\/11683\/revisions\/19022"}],"wp:featuredmedia":[{"embeddable":true,"href":"https:\/\/atecordoba.org\/index.php?rest_route=\/wp\/v2\/media\/19220"}],"wp:attachment":[{"href":"https:\/\/atecordoba.org\/index.php?rest_route=%2Fwp%2Fv2%2Fmedia&parent=11683"}],"wp:term":[{"taxonomy":"category","embeddable":true,"href":"https:\/\/atecordoba.org\/index.php?rest_route=%2Fwp%2Fv2%2Fcategories&post=11683"},{"taxonomy":"post_tag","embeddable":true,"href":"https:\/\/atecordoba.org\/index.php?rest_route=%2Fwp%2Fv2%2Ftags&post=11683"}],"curies":[{"name":"wp","href":"https:\/\/api.w.org\/{rel}","templated":true}]}}