{"id":11675,"date":"2019-11-29T12:21:54","date_gmt":"2019-11-29T15:21:54","guid":{"rendered":"https:\/\/www.atecordoba.org\/?p=11675"},"modified":"2020-05-05T09:18:07","modified_gmt":"2020-05-05T12:18:07","slug":"olla-popular-por-salario-y-contra-la-precarizacion-en-la-provincia","status":"publish","type":"post","link":"https:\/\/atecordoba.org\/?p=11675","title":{"rendered":"Olla popular por salario y contra la precarizaci\u00f3n en la Provincia"},"content":{"rendered":"\n<p><em>Organizada por ATE para reclamar por la situaci\u00f3n de los precarizados, se llevar\u00e1 a cabo el jueves 5 de de diciembre en la Plaza de la Ni\u00f1ez, frente a la Terminal.<\/em><\/p>\n\n\n\n<figure class=\"wp-block-image size-large\"><img decoding=\"async\" src=\"http:\/\/atecordoba.org\/wp-content\/uploads\/2020\/05\/olla.jpg\" alt=\"\" class=\"wp-image-11676\"\/><\/figure>\n\n\n\n<p>Ante el inminente comienzo de un nuevo mandato del gobernador Juan Schiaretti, frente a la crisis que atravesamos las y los estatales de la Provincia y en el marco del atroz ajuste que sufren las y los trabajadores en general, ATE convoca a participar de una olla popular a realizarse el pr\u00f3ximo jueves 5 de diciembre, a las 14 horas. <\/p>\n\n\n\n<p>La medida es en respuesta a la indiferencia de quienes\ngobiernan, los recortes presupuestarios en aquellas \u00e1reas que atienden la\ndemanda y la problem\u00e1tica social, gesti\u00f3n que est\u00e1 siendo sostenida por\ntrabajadoras y trabajadores sumamente precarizados que no cuentan con ART, vacaciones\npagas, entre otros tantos derechos vetados.<\/p>\n\n\n\n<div class=\"wp-block-image\"><figure class=\"aligncenter size-large\"><img decoding=\"async\" src=\"http:\/\/atecordoba.org\/wp-content\/uploads\/2020\/05\/simios-2-1.jpg\" alt=\"\" class=\"wp-image-11680\"\/><\/figure><\/div>\n\n\n\n<p>En un contexto de inflaci\u00f3n constante sobre los productos de\nla canasta b\u00e1sica de alimentos y de la vida en general y la ausencia de\nrecomposici\u00f3n salarial acorde a la inflaci\u00f3n, nuestros ingresos se ven\naltamente devaluados quedando por debajo del nivel de pobreza afectando\nasimismo a nuestras econom\u00edas familiares.<\/p>\n\n\n\n<p>Denunciamos que <strong>la precarizaci\u00f3n es una pol\u00edtica de Estado<\/strong>. <\/p>\n\n\n\n<p>En consecuencia exigimos el pase a contrato y planta\npermanente, condiciones legales y dignas de trabajo, recomposici\u00f3n salarial y apertura\nde paritarias.<\/p>\n\n\n\n<div class=\"wp-block-image\"><figure class=\"aligncenter size-large\"><img decoding=\"async\" src=\"http:\/\/atecordoba.org\/wp-content\/uploads\/2020\/05\/simios.jpg\" alt=\"\" class=\"wp-image-11681\"\/><\/figure><\/div>\n\n\n\n<p>Est\u00e1n todos invitados a acompa\u00f1ar este reclamo. La\nconvocatoria es en la Plaza de la Ni\u00f1ez, Tr\u00e1nsito C\u00e1ceres de Allende esquina\nCorrientes, a las 14 horas. Frente a la Terminal de \u00d3mnibus de C\u00f3rdoba.<\/p>\n","protected":false},"excerpt":{"rendered":"<p>Organizada por ATE para reclamar por la situaci\u00f3n de los precarizados, se llevar\u00e1 a cabo el jueves 5 de de diciembre en la Plaza de la Ni\u00f1ez, frente a la Terminal. Ante el inminente comienzo de un nuevo mandato del gobernador Juan Schiaretti, frente a la crisis que atravesamos las y los estatales de la [&hellip;]<\/p>\n","protected":false},"author":1,"featured_media":19220,"comment_status":"open","ping_status":"open","sticky":false,"template":"","format":"standard","meta":{"_exactmetrics_skip_tracking":false,"_exactmetrics_sitenote_active":false,"_exactmetrics_sitenote_note":"","_exactmetrics_sitenote_category":0,"jnews-multi-image_gallery":[],"jnews_single_post":[],"jnews_primary_category":[],"jnews_social_meta":[],"jnews_review":[],"enable_review":"","type":"","name":"","summary":"","brand":"","sku":"","good":[],"bad":[],"score_override":"","override_value":"","rating":[],"price":[],"jnews_override_counter":[],"jnews_post_split":[],"footnotes":""},"categories":[1],"tags":[],"class_list":["post-11675","post","type-post","status-publish","format-standard","has-post-thumbnail","hentry","category-sin-categoria"],"jetpack_featured_media_url":"https:\/\/atecordoba.org\/wp-content\/uploads\/2020\/05\/logo-nuevochico-e1561581322808.png","_links":{"self":[{"href":"https:\/\/atecordoba.org\/index.php?rest_route=\/wp\/v2\/posts\/11675","targetHints":{"allow":["GET"]}}],"collection":[{"href":"https:\/\/atecordoba.org\/index.php?rest_route=\/wp\/v2\/posts"}],"about":[{"href":"https:\/\/atecordoba.org\/index.php?rest_route=\/wp\/v2\/types\/post"}],"author":[{"embeddable":true,"href":"https:\/\/atecordoba.org\/index.php?rest_route=\/wp\/v2\/users\/1"}],"replies":[{"embeddable":true,"href":"https:\/\/atecordoba.org\/index.php?rest_route=%2Fwp%2Fv2%2Fcomments&post=11675"}],"version-history":[{"count":1,"href":"https:\/\/atecordoba.org\/index.php?rest_route=\/wp\/v2\/posts\/11675\/revisions"}],"predecessor-version":[{"id":19026,"href":"https:\/\/atecordoba.org\/index.php?rest_route=\/wp\/v2\/posts\/11675\/revisions\/19026"}],"wp:featuredmedia":[{"embeddable":true,"href":"https:\/\/atecordoba.org\/index.php?rest_route=\/wp\/v2\/media\/19220"}],"wp:attachment":[{"href":"https:\/\/atecordoba.org\/index.php?rest_route=%2Fwp%2Fv2%2Fmedia&parent=11675"}],"wp:term":[{"taxonomy":"category","embeddable":true,"href":"https:\/\/atecordoba.org\/index.php?rest_route=%2Fwp%2Fv2%2Fcategories&post=11675"},{"taxonomy":"post_tag","embeddable":true,"href":"https:\/\/atecordoba.org\/index.php?rest_route=%2Fwp%2Fv2%2Ftags&post=11675"}],"curies":[{"name":"wp","href":"https:\/\/api.w.org\/{rel}","templated":true}]}}